{"id":509512,"date":"2025-10-18T23:38:40","date_gmt":"2025-10-18T23:38:40","guid":{"rendered":"https:\/\/www.europesays.com\/de\/509512\/"},"modified":"2025-10-18T23:38:40","modified_gmt":"2025-10-18T23:38:40","slug":"schulbau-in-bad-essen-verzoegert-sich","status":"publish","type":"post","link":"https:\/\/www.europesays.com\/de\/509512\/","title":{"rendered":"Schulbau in Bad Essen verz\u00f6gert sich"},"content":{"rendered":"<p><b class=\"ai-summery__headline\">Kurzfassung des Artikels:<\/b><\/p>\n<ul class=\"list p-l-1 p-r-1 m-b-2\">\n<li>\n                         Der Neubau der Grundschule in Bad Essen ist mit rund 35 Millionen Euro die gr\u00f6\u00dfte kommunale Investition seit 1972.\n                    <\/li>\n<li>\n                         Durch das Insolvenzverfahren des urspr\u00fcnglich siegreichen Planungsb\u00fcros wird sich die Fertigstellung auf den 1. August 2029 verschieben.\n                    <\/li>\n<li>\n                         Die Gemeinde verhandelt nun mit den Architekturb\u00fcros, die die Pl\u00e4tze zwei bis vier im Wettbewerb belegt haben.\n                    <\/li>\n<li>\n                         Am neuen Standort an der Schulallee entstehen eine viereinhalb-z\u00fcgige Grundschule und eine Zweifeld-Sporthalle, die auch von Vereinen genutzt werden kann.\n                    <\/li>\n<\/ul>\n<p class=\"ai-summery__info-text\">Diese Artikelzusammenfassung ist ein neuer Service f\u00fcr Sie, den wir testen.<br \/>\n            Senden Sie uns gerne ein Feedback zu dieser Funktion an <a href=\"https:\/\/www.noz.de\/lokales\/bad-essen\/artikel\/mailto:feedback@noz-digital.de\" class=\"link underline-blue\" title=\"Feedback senden\" target=\"_self\" rel=\"noopener\">feedback@noz-digital.de<\/a>.\n        <\/p>\n<p>Mehr lesen<\/p>\n<p>gr\u00f6\u00dfer alsGr\u00f6\u00dfer als Zeichen<\/p>\n<p class=\"\">\n                    Mit Kosten von rund 35 Millionen Euro ist der Neubau der Grundschule Bad Essen die gr\u00f6\u00dfte kommunale Investition seit Gr\u00fcndung der Gemeinde im Jahr 1972. Schulgeb\u00e4ude sowie Sporthalle sollten zum August 2028 fertiggestellt sein. Dieser Termin ist jetzt nicht mehr zu halten. Grund ist ein Insolvenzverfahren.\n            <\/p>\n<p>            Neuer Standort an der Schulallee<\/p>\n<p class=\"\">\n                    Im M\u00e4rz 2024 hatte der Gemeinderat f\u00fcr <a href=\"https:\/\/www.noz.de\/lokales\/bad-essen\/artikel\/die-gemeinde-bad-essen-wird-eine-neue-grundschule-bauen-46608976\" class=\"link underline-blue\" title=\"\" target=\"_self\" rel=\"noopener\">den Neubau von Schule und Sporthalle gestimmt<\/a>. Die Schule einschlie\u00dflich Gemeindeb\u00fccherei und  Kreismusikschule zieht von der Niedersachsenstra\u00dfe an die Schulallee um. Standort ist eine Fl\u00e4che in <a href=\"https:\/\/www.noz.de\/lokales\/bad-essen\/artikel\/groesste-kita-investition-in-bad-essen-sorgt-fuer-aufsehen-47918371\" class=\"link underline-blue\" title=\"\" target=\"_self\" rel=\"noopener\">der N\u00e4he der neuen Kindertagesst\u00e4tte Arche Noah<\/a>. Errichtet wird dort eine viereinhalb-z\u00fcgige Grundschule und eine Zweifeld-Sporthalle.\n            <\/p>\n<p>\n                                Der Standort der Grundschule an der Niedersachsenstra\u00dfe in Bad Essen wird aufgegeben.<br \/>\n                            Archivfoto: Heinz-J\u00fcrgen Rei\u00df<\/p>\n<p><img decoding=\"async\" src=\"https:\/\/www.europesays.com\/de\/wp-content\/uploads\/2025\/10\/2025-03-20-bad-essen-die-grundschule-in-bad-essen-6.jpg\" title=\"Der Standort der Grundschule an der Niedersachsenstra\u00dfe in Bad Essen wird aufgegeben.\" alt=\"Der Standort der Grundschule an der Niedersachsenstra\u00dfe in Bad Essen wird aufgegeben.\" class=\"lightbox__single-image__content__image-wrapper__img\" loading=\"lazy\" width=\"375\" height=\"249\"\/>Icon MaximizeIcon Lightbox Maximize<\/p>\n<p>SchliessenX ZeichenKleines Zeichen welches ein X symbolisiert<\/p>\n<p><img class=\"lightbox--enabled__container__image-wrapper__img\" alt=\"\"\/><\/p>\n<p class=\"\">\n                    Wie sollen Grundschule und Sporthalle aussehen? Daf\u00fcr gab es den europaweiten Architektenwettbewerb. Die Gemeinde hatte den \u201eRealisierungswettbewerb Neubau Grundschule Bad Essen\u201c, so der offizielle Name, im November 2024 ausgelobt. Mehr als 250 Architekturb\u00fcros hatte Vorentw\u00fcrfe eingereicht.\n            <\/p>\n<p class=\"\">Lesen Sie auch: <a href=\"https:\/\/www.noz.de\/lokales\/bad-essen\/artikel\/etat-2025-beschlossen-wo-in-bad-essen-investiert-werden-soll-48463149\" class=\"link underline-blue\" title=\"\" target=\"_self\" rel=\"noopener\">Haushalt 2025 und Finanzplanung: Wo Bad Essen in den n\u00e4chsten Jahren investieren wird<\/a><\/p>\n<p class=\"\">\n                    Die Gemeinde hat dann 20 B\u00fcros ausgew\u00e4hlt, die ihre Pl\u00e4ne einreichen sollten. Eine Jury mit Architekten sowie Vertreter der Landkreis- und Gemeindeverwaltung, der Kommunalpolitik, der Grundschule und des Regionalen Landesamts f\u00fcr Schule und Bildung hat die Entw\u00fcrfe in einem anonymen Verfahren bewertet. Das Ergebnis stand im April 2025 fest: <a href=\"https:\/\/www.noz.de\/lokales\/bad-essen\/artikel\/grundschule-bad-essen-sieger-des-architektenwettbewerbs-gekuert-48616003\" class=\"link underline-blue\" title=\"\" target=\"_self\" rel=\"noopener\">Das Planungsb\u00fcro Rohling AG aus Osnabr\u00fcck hat den Wettbewerb<\/a> gewonnen.\n            <\/p>\n<p>            Statt 500 nur noch 220 Besch\u00e4ftigte<\/p>\n<p class=\"\">\n                    Im Juli musste die Gesch\u00e4ftsf\u00fchrung der pbr Planungsb\u00fcro Rohling AG allerdings einen<a href=\"https:\/\/www.noz.de\/lokales\/osnabrueck\/artikel\/osnabruecker-planungsbuero-pbr-hat-sich-selbst-gerettet-49373428\" class=\"link underline-blue\" title=\"\" target=\"_self\" rel=\"noopener\"> Antrag auf Einleitung eines Insolvenzverfahrens in Eigenverantwortung<\/a> stellen. Das Verfahren ist erfolgreich abgeschlossen, das Unternehmen ist gerettet. Das hat aber seinen Preis: Die Firma mit Hauptsitz in Osnabr\u00fcck hatte mehr als 500 Mitarbeiter und elf Niederlassungen. Jetzt sind es noch 220 Besch\u00e4ftigte und f\u00fcnf Standorte. Als Investor eingestiegen ist die Inros Lackner SE aus Rostock. Was bedeutet das f\u00fcr das Vorhaben in der Gemeinde Bad Essen?\n            <\/p>\n<p>\n                                Die Entw\u00fcrfe, die in die engere Auswahl kamen, wurden im Rathaus \u00f6ffentlich pr\u00e4sentiert.<br \/>\n                            Archivfoto: Heinz-J\u00fcrgen Rei\u00df<\/p>\n<p><img decoding=\"async\" src=\"https:\/\/www.europesays.com\/de\/wp-content\/uploads\/2025\/10\/2025-04-29-bad-essen-sieger-im-architektenwettbewerb-1.jpg\" title=\"Die Entw\u00fcrfe, die in die engere Auswahl kamen, wurden im Rathaus \u00f6ffentlich pr\u00e4sentiert.\" alt=\"Die Entw\u00fcrfe, die in die engere Auswahl kamen, wurden im Rathaus \u00f6ffentlich pr\u00e4sentiert.\" class=\"lightbox__single-image__content__image-wrapper__img\" loading=\"lazy\" width=\"375\" height=\"249\"\/>Icon MaximizeIcon Lightbox Maximize<\/p>\n<p>SchliessenX ZeichenKleines Zeichen welches ein X symbolisiert<\/p>\n<p><img class=\"lightbox--enabled__container__image-wrapper__img\" alt=\"\"\/><\/p>\n<p class=\"\">\n                    Nach dem Architektenwettbewerb w\u00e4re der n\u00e4chste Schritt konkrete Verhandlungen mit dem Preistr\u00e4ger \u00fcber die Umsetzung des Entwurfs gewesen. Dazu kam es wegen des Insolvenzverfahrens nicht. Das B\u00fcro wird das Projekt in Bad Essen nicht umsetzen. Aufgrund des durchgef\u00fchrten Sanierungsverfahrens in Eigenverantwortung und der sich daraus ergebenen strukturellen Ver\u00e4nderungen bei der PBR AG, habe die Gemeinde Bad Essen entschieden, die Verhandlungsgespr\u00e4che f\u00fcr den Grundschulneubau mit diesem Unternehmen nicht fortzuf\u00fchren, so B\u00fcrgermeister Timo Natemeyer. Vier beim Wettbewerb eingereichte Entw\u00fcrfe seien geeignet. \u201eDiese lagen alle dicht beieinander\u201c, sagt der B\u00fcrgermeister. Gesprochen wird also nun mit den B\u00fcros, die die Pl\u00e4tze zwei, drei und vier belegt haben. Das sind Architektenb\u00fcros aus Bielefeld, D\u00fclmen und Berlin. Ein neues Verfahren mit einem weiteren Architektenwettbewerb gibt es nicht.\n            <\/p>\n<p>            So sah der Siegerentwurf aus<\/p>\n<p class=\"\">\n                    Der Rohling-Entwurf sah f\u00fcr die Grundschule ein zweigeschossiges Geb\u00e4ude mit Innenh\u00f6fen und Terrassen vor. Im Erdgeschoss waren die Aula, R\u00e4ume f\u00fcr die Musikschule und zus\u00e4tzliche R\u00e4umlichkeiten vorgesehen. Im Obergeschoss sollten vier Lernh\u00e4user des jeweiligen Jahrgangs entstehen. Die Sporthalle ist in das Schulgeb\u00e4ude integriert. Sie soll aber auch unabh\u00e4ngig vom Schulbetrieb genutzt werden k\u00f6nnen, um zum Beispiel f\u00fcr Vereine verf\u00fcgbar zu sein, so das Konzept.\n            <\/p>\n<p>\n                                Blick aus der Kita Arche Noah auf den k\u00fcnftigen Grundschulstandort.<br \/>\n                            Archivfoto: Stefan Gelhot<\/p>\n<p><img decoding=\"async\" src=\"https:\/\/www.europesays.com\/de\/wp-content\/uploads\/2025\/10\/020824-fos-sgel-0519.jpg\" title=\"Blick aus der Kita Arche Noah auf den k\u00fcnftigen Grundschulstandort.\" alt=\"Blick aus der Kita Arche Noah auf den k\u00fcnftigen Grundschulstandort.\" class=\"lightbox__single-image__content__image-wrapper__img\" loading=\"lazy\" width=\"375\" height=\"250\"\/>Icon MaximizeIcon Lightbox Maximize<\/p>\n<p>SchliessenX ZeichenKleines Zeichen welches ein X symbolisiert<\/p>\n<p><img class=\"lightbox--enabled__container__image-wrapper__img\" alt=\"\"\/><\/p>\n<p class=\"\">\n                    Da seit April keine konkreten Verhandlungen gef\u00fchrt werden konnte, h\u00e4ngt der Zeitplan um mehrere Monate. Das ohnehin ehrgeizige Ziel war es, Schule und Sporthalle zum 1. August 2028 in Betrieb zu nehmen. \u201eDieses Ziel ist nicht mehr zu erreichen\u201c, so Natemeyer. Die neue Grundschule soll zum 1. August 2029 starten. Ab dem Schuljahr 2029\/2030 gilt \u00fcbrigens auch der\u00a0Rechtsanspruch auf eine Ganztagsbetreuung\u00a0in den Grundschulen f\u00fcr alle vier Jahrg\u00e4nge.\n            <\/p>\n<p>                Weitere Artikel aus Bad Essen            gr\u00f6\u00dfer alsGr\u00f6\u00dfer als Zeichengr\u00f6\u00dfer alsGr\u00f6\u00dfer als Zeichen<\/p>\n","protected":false},"excerpt":{"rendered":"Kurzfassung des Artikels: Der Neubau der Grundschule in Bad Essen ist mit rund 35 Millionen Euro die gr\u00f6\u00dfte&hellip;\n","protected":false},"author":2,"featured_media":509513,"comment_status":"","ping_status":"","sticky":false,"template":"","format":"standard","meta":{"footnotes":""},"categories":[1834],"tags":[30970,3535,296,1605,3364,29,69162,3688,30,2839,1209,741,583,5004,34234],"class_list":{"0":"post-509512","1":"post","2":"type-post","3":"status-publish","4":"format-standard","5":"has-post-thumbnail","7":"category-essen","8":"tag-bad-essen","9":"tag-bauwerk","10":"tag-berlin","11":"tag-bielefeld","12":"tag-de","13":"tag-deutschland","14":"tag-duelmen","15":"tag-essen","16":"tag-germany","17":"tag-kommunalpolitik","18":"tag-nordrhein-westfalen","19":"tag-osnabrueck","20":"tag-rostock","21":"tag-staedtebau","22":"tag-zsw_bad-essen"},"share_on_mastodon":{"url":"https:\/\/pubeurope.com\/@de\/115397808233028733","error":""},"_links":{"self":[{"href":"https:\/\/www.europesays.com\/de\/wp-json\/wp\/v2\/posts\/509512","targetHints":{"allow":["GET"]}}],"collection":[{"href":"https:\/\/www.europesays.com\/de\/wp-json\/wp\/v2\/posts"}],"about":[{"href":"https:\/\/www.europesays.com\/de\/wp-json\/wp\/v2\/types\/post"}],"author":[{"embeddable":true,"href":"https:\/\/www.europesays.com\/de\/wp-json\/wp\/v2\/users\/2"}],"replies":[{"embeddable":true,"href":"https:\/\/www.europesays.com\/de\/wp-json\/wp\/v2\/comments?post=509512"}],"version-history":[{"count":0,"href":"https:\/\/www.europesays.com\/de\/wp-json\/wp\/v2\/posts\/509512\/revisions"}],"wp:featuredmedia":[{"embeddable":true,"href":"https:\/\/www.europesays.com\/de\/wp-json\/wp\/v2\/media\/509513"}],"wp:attachment":[{"href":"https:\/\/www.europesays.com\/de\/wp-json\/wp\/v2\/media?parent=509512"}],"wp:term":[{"taxonomy":"category","embeddable":true,"href":"https:\/\/www.europesays.com\/de\/wp-json\/wp\/v2\/categories?post=509512"},{"taxonomy":"post_tag","embeddable":true,"href":"https:\/\/www.europesays.com\/de\/wp-json\/wp\/v2\/tags?post=509512"}],"curies":[{"name":"wp","href":"https:\/\/api.w.org\/{rel}","templated":true}]}}