{"id":509518,"date":"2025-10-18T23:41:17","date_gmt":"2025-10-18T23:41:17","guid":{"rendered":"https:\/\/www.europesays.com\/de\/509518\/"},"modified":"2025-10-18T23:41:17","modified_gmt":"2025-10-18T23:41:17","slug":"rechtskraeftige-freisprueche-nach-brutaler-auseinandersetzung-an-der-thomaskirche-%c2%b7-leipziger-zeitung","status":"publish","type":"post","link":"https:\/\/www.europesays.com\/de\/509518\/","title":{"rendered":"Rechtskr\u00e4ftige Freispr\u00fcche nach brutaler Auseinandersetzung an der Thomaskirche \u00b7 Leipziger Zeitung"},"content":{"rendered":"<p>Unter anderem versuchten Totschlag hatte die Leipziger Staatsanwaltschaft angeklagt, nachdem man mit F\u00e4usten und teilweise Messern aufeinander losgegangen war: Doch ein langer Prozess um eine brutale Auseinandersetzung von sechs M\u00e4nnern an der Thomaskirche im M\u00e4rz 2024 endete am Landgericht k\u00fcrzlich mit Freispr\u00fcchen. Die Hintergr\u00fcnde.<\/p>\n<p>Auf der Anklagebank im Leipziger Landgericht <a href=\"https:\/\/www.l-iz.de\/leben\/faelle-unfaelle\/2025\/01\/prozess-am-landgericht-sechs-manner-brutaler-messer-angriff-thomaskirche-angeklagt-614475\" target=\"_blank\" rel=\"noopener nofollow\">sa\u00dfen seit Januar 2025<\/a> sechs junge M\u00e4nner zwischen 18 und 29 Jahren. Im Prozess, \u00fcber dessen Ausgang zun\u00e4chst <a href=\"https:\/\/www.lvz.de\/lokales\/leipzig\/leipzig-blutiger-gewaltexzess-an-thomaskirche-prozess-endet-mit-freispruechen-X2JBYTWJAJFC3OGJ74B323AMUE.html\" target=\"_blank\" rel=\"noopener nofollow\">die LVZ berichtet hatte<\/a>, ging es um die Vorw\u00fcrfe des versuchten Totschlags beziehungsweise der gef\u00e4hrlichen K\u00f6rperverletzung. Laut Anklage soll einer der Tatverd\u00e4chtigen f\u00fcr den sp\u00e4ten Abend des 31. M\u00e4rz 2024 einen Treff an der Thomaskirche eingef\u00e4delt haben, auf den die drei sp\u00e4ter Betroffenen eingingen.<img decoding=\"async\" src=\"https:\/\/www.europesays.com\/de\/wp-content\/uploads\/2025\/10\/a59402b0156c43aa9fe752bf292e80e6.gif\" alt=\"\" width=\"https:\/\/www.l-iz.de\/leben\/faelle-unfaelle\/2025\/10\/1\" height=\"https:\/\/www.l-iz.de\/leben\/faelle-unfaelle\/2025\/10\/1\"\/><\/p>\n<p>Extreme Gewalt w\u00e4hrend der Auseinandersetzung<\/p>\n<p>Mit schockierender Gewalt soll das angeklagte Sextett dann \u00fcber seine Landsm\u00e4nner \u2013 alle Beteiligten sind afghanische Staatsb\u00fcrger \u2013 losgegangen sein. Nicht nur mit der Faust, sondern auch Messer und Pfefferspray seien teilweise im Spiel gewesen, hie\u00df es von der Staatsanwaltschaft.<\/p>\n<p align=\"JUSTIFY\">Ein 22-J\u00e4hriger hatte im Zuge der Auseinandersetzung eine Jochbeinr\u00f6tung und anhaltenden Schmerz erlitten, seine Begleiter, ein Br\u00fcderpaar, unter anderem offene Wunden, Schnittverletzungen und Schwellungen.<\/p>\n<p align=\"JUSTIFY\">Bei einem Mann wurde ein Stichkanal im Brustkorb dokumentiert, der bis zu einer Rippe ging, er musste mehrere Tage station\u00e4r in eine Klinik und operiert werden. Nach der Gewaltorgie hatte sich das Trio schwerverletzt zur Polizei geschleppt, um Anzeige zu erstatten.<\/p>\n<p>Notwehr konnte nicht ausgeschlossen werden<\/p>\n<p align=\"JUSTIFY\">Das Tatmotiv blieb in der Gerichtsverhandlung diffus. Ein Zeuge sagte aus, dass eine fr\u00fchere Auseinandersetzung noch einmal h\u00e4tte beredet werden sollen, wobei die Stimmung dann gekippt und erneut in Brutalit\u00e4t umgeschlagen sei. Auch von Drohungen wurde berichtet: \u201eIch wurde gefragt, wo ich wohne. Man wolle mir die Ohren abschneiden, das habe ich der Polizei gemeldet\u201c, hie\u00df es von dem Zeugen.<\/p>\n<p align=\"JUSTIFY\">Entscheidend f\u00fcr die Freispr\u00fcche war letztlich der Umstand, dass die 2. Strafkammer die konkreten Urheber der Aggression w\u00e4hrend des Aufeinandertreffens nicht mehr sicher zu identifizieren vermochte. Weil eine Notwehrsituation nicht auszuschlie\u00dfen war, kam es zu Freispr\u00fcchen, f\u00fcr die auch die Staatsanwaltschaft pl\u00e4dierte. Das Urteil ist rechtskr\u00e4ftig und nicht mehr anfechtbar.<\/p>\n","protected":false},"excerpt":{"rendered":"Unter anderem versuchten Totschlag hatte die Leipziger Staatsanwaltschaft angeklagt, nachdem man mit F\u00e4usten und teilweise Messern aufeinander losgegangen&hellip;\n","protected":false},"author":2,"featured_media":509519,"comment_status":"","ping_status":"","sticky":false,"template":"","format":"standard","meta":{"footnotes":""},"categories":[1832],"tags":[3364,29,30,682,4933,71,25627,859,5770,6148],"class_list":{"0":"post-509518","1":"post","2":"type-post","3":"status-publish","4":"format-standard","5":"has-post-thumbnail","7":"category-leipzig","8":"tag-de","9":"tag-deutschland","10":"tag-germany","11":"tag-koerperverletzung","12":"tag-landgericht","13":"tag-leipzig","14":"tag-prozessbericht","15":"tag-sachsen","16":"tag-thomaskirche","17":"tag-totschlag"},"share_on_mastodon":{"url":"https:\/\/pubeurope.com\/@de\/115397819790436451","error":""},"_links":{"self":[{"href":"https:\/\/www.europesays.com\/de\/wp-json\/wp\/v2\/posts\/509518","targetHints":{"allow":["GET"]}}],"collection":[{"href":"https:\/\/www.europesays.com\/de\/wp-json\/wp\/v2\/posts"}],"about":[{"href":"https:\/\/www.europesays.com\/de\/wp-json\/wp\/v2\/types\/post"}],"author":[{"embeddable":true,"href":"https:\/\/www.europesays.com\/de\/wp-json\/wp\/v2\/users\/2"}],"replies":[{"embeddable":true,"href":"https:\/\/www.europesays.com\/de\/wp-json\/wp\/v2\/comments?post=509518"}],"version-history":[{"count":0,"href":"https:\/\/www.europesays.com\/de\/wp-json\/wp\/v2\/posts\/509518\/revisions"}],"wp:featuredmedia":[{"embeddable":true,"href":"https:\/\/www.europesays.com\/de\/wp-json\/wp\/v2\/media\/509519"}],"wp:attachment":[{"href":"https:\/\/www.europesays.com\/de\/wp-json\/wp\/v2\/media?parent=509518"}],"wp:term":[{"taxonomy":"category","embeddable":true,"href":"https:\/\/www.europesays.com\/de\/wp-json\/wp\/v2\/categories?post=509518"},{"taxonomy":"post_tag","embeddable":true,"href":"https:\/\/www.europesays.com\/de\/wp-json\/wp\/v2\/tags?post=509518"}],"curies":[{"name":"wp","href":"https:\/\/api.w.org\/{rel}","templated":true}]}}