{"id":509524,"date":"2025-10-18T23:45:25","date_gmt":"2025-10-18T23:45:25","guid":{"rendered":"https:\/\/www.europesays.com\/de\/509524\/"},"modified":"2025-10-18T23:45:25","modified_gmt":"2025-10-18T23:45:25","slug":"esslinger-puppenperformance-fliegenplage-am-rathausplatz-riesenkasper-als-killer-esslingen","status":"publish","type":"post","link":"https:\/\/www.europesays.com\/de\/509524\/","title":{"rendered":"Esslinger Puppenperformance: Fliegenplage am Rathausplatz: Riesenkasper als Killer &#8211; Esslingen"},"content":{"rendered":"<p>\t\t\t\t\t\t\t\t\t\t\t\t\t\t\t\t\t\t\t\t\t\t\t\t\t\t\t\t\t\t\t\t\t\t\t\t   \t\t\t\t\t \t\t\t\t   \t      \t\t\t\t   <img decoding=\"async\" id=\"article-image\" fetchpriority=\"high\" alt=\"Esslinger Puppenperformance: Fliegenplage am Rathausplatz: Riesenkasper als Killer\" title=\"Esslinger Puppenperformance: Fliegenplage am Rathausplatz: Riesenkasper als Killer\" src=\"https:\/\/www.europesays.com\/de\/wp-content\/uploads\/2025\/10\/media.media.db9dc444-a14e-4892-881e-13d7de11ff68.original700.jpg\" data-linkto=\"https:\/\/www.esslinger-zeitung.de\/javascript:void(0);\"\/>\t\t\t\t\t\t\t\t\t\t\t\t\t\t\t\t\t\t\t\t\t\t\t\tIn der Grauzone zwischen freundlich und bedrohlich: Eine 16 Meter hohe Kasper-Figur stapfte mit resoluten Schritten \u00fcber den Esslinger Rathausplatz.\u00a0Foto: Simone Wei\u00df\t\t\t<\/p>\n<p>Witzig, spritzig, sympathisch, schelmisch: Nein, dieser Kasper ist anders. Eine 16 Meter hohe Figur stapfte mit einer Fliegenklatsche \u00fcber den Esslinger Rathausplatz.<\/p>\n<p>Am Anfang war der Sound. Ein Surren, Summen, Brummen. Laut. Und immer lauter. Fast ohrenbet\u00e4ubend. Dann krabbeln Fliegen \u00fcber den Esslinger Rathausplatz. Sehr akrobatisch. Die Menschen in den Kost\u00fcmen k\u00f6nnen allenfalls vermutet werden. <\/p>\n<p>Die Fliegen vermehren sich rasant. Werden immer mehr. Fast spielerisch richten sie eine leblose, am Boden liegende H\u00fclle auf, zupfen sie zurecht, f\u00fcllen sie mit Luft. Damit besiegeln sie ihren eigenen Untergang. Denn bei der Performance von Regisseurin Stefanie Oberhoff und ihrem Team im Rahmen <a href=\"https:\/\/www.esslinger-zeitung.de\/inhalt.bezauberndes-jubilaeum-figurentheater-in-esslingen-laufen-alle-faeden-zusammen-so-war-der-auftakt.b612895a-330f-4e83-949e-196e4f890076.html\" target=\"_blank\" rel=\"noopener\">des 70. Geburtstages des Esslinger Puppenspielertreffs<\/a> am Samstagnachmittag bekamen die Fliegen eine Riesenklatsche. <\/p>\n<p>  <img decoding=\"async\" loading=\"lazy\" src=\"https:\/\/www.europesays.com\/de\/wp-content\/uploads\/2025\/10\/media.media.4b2bbac7-8753-464b-a908-f3904192f8d4.original1024.media.jpeg\"\/>     Am Anfang war der Kasper noch eine leblose H\u00fclle: Das St\u00fcck \u201eDer Kasper schl\u00e4gt die Fliegen tot\u201c wurde im Rahmen des 70. Geburtstages des Esslinger Puppenspielertreffs gezeigt.    Foto: Simone Wei\u00df     <\/p>\n<p>Die leere H\u00fclle enth\u00fcllt immer mehr ihr wahres Gesicht. Eine Mega-Figur t\u00fcrmt sich langsam auf. Freundlich-bedrohlich. Eine Gestalt irgendwo zwischen Mann und Frau. Zwischen Sympathie und Horror. Zwischen rosa Pl\u00fcsch und Brutalo-Image. Mit rot geschminkten Lippen, Elvis-Tolle im Trump-Orange, lackierten Fingern\u00e4geln. Mit Hilfe eines Kranes neben dem Neuen Rathaus w\u00e4chst die Gestalt \u00fcber sich hinaus. Auf gut 16 Meter schraubt sie sich in die H\u00f6he. <\/p>\n<p>\u201eKasper schl\u00e4gt die Fliegen tot\u201c, lautet dabei nicht nur der Titel des St\u00fccks. Es ist auch eine Handlungsanweisung. Mit einer Fliegenklatsche bereitet die Riesenfigur den Fliegen den Garaus. <\/p>\n<p>Ein bisschen Donald Trump steckt im Riesenkasper <\/p>\n<p>Eine fesselnde Darbietung. Die k\u00fcnstlichen Insektenf\u00fchler auf ihrem Kopf \u00fcberraschen daher nicht. Stefanie Oberhoff tr\u00e4gt sie aus Solidarit\u00e4t mit ihrem Team, aus Identifikation mit ihrem St\u00fcck, aus Sympathie f\u00fcr dessen Aussage. Aber f\u00fcr welche? Denn die etwa 40-min\u00fctige Performance transportiert viele Botschaften: Toleranz, Bekenntnis zur Diversit\u00e4t, das Herbeif\u00fchren des eigenen Untergangs, das blinde Hineingehen ins Inferno, gef\u00e4hrliche Nibelungentreue gegen\u00fcber Herrscherfiguren ohne kritisches Hinterfragen. Doch Stefanie Oberhoff verweist vor allem auf die Faszination und den derzeit wieder popul\u00e4ren Aufstieg von Autokraten, Tyrannen, politischen Volksverf\u00fchrern. Die Anspielung auf US-Pr\u00e4sident Donald Trump, sagt die 58-J\u00e4hrige, ist gewollt-ungewollt. Ein dezenter Hinweis mag noch angehen. Mehr nicht. Die Riesenpuppe ist eine Anklage gegen alle Populisten. <\/p>\n<p>  <img decoding=\"async\" loading=\"lazy\" src=\"https:\/\/www.europesays.com\/de\/wp-content\/uploads\/2025\/10\/media.media.5784b9de-2cca-4fcb-87f2-0fd22f1533c1.original1024.media.jpeg\"\/>     Vor dem Alten Rathaus wuchs der Kasper \u00fcber sich hinaus \u2013 bis hin zu einer Riesengr\u00f6\u00dfe von 16 Metern.    Foto: Simone Wei\u00df     <\/p>\n<p>Die Theaterfrau liebt das gro\u00dfe Theater. Gelernte B\u00fchnenbildnerin ist sie. Hat fr\u00fcher f\u00fcr die W\u00fcrttembergische Landesb\u00fchne (WLB) in <a href=\"https:\/\/www.esslinger-zeitung.de\/thema\/Esslingen\" title=\"Esslingen\" class=\"art_thema\" target=\"_blank\" rel=\"noopener\">Esslingen<\/a> gearbeitet. Hat hier also fast ein Heimspiel. Puppenspielerin ist sie auch. Mit der \u201eGr\u00e4fin\u201c, einer kleinen, gut 30 Zentimeter gro\u00dfen Handpuppe, ist sie ebenso unterwegs. Von klein bis gro\u00df \u2013 sie liebt die Abwechslung. In einem St\u00fcck, sagt die geb\u00fcrtige Schondorferin, in \u201ePunch Agathe\u201c geht es um ein M\u00e4dchen, das immer gr\u00f6\u00dfer und gr\u00f6\u00dfer wird. Das war die Geburtsstunde der Idee mit den gro\u00dfen Puppen. Die Figur, sagt Stefanie Oberhoff, wurde von ihrem Team aus einem besonderen Material in einer unendlichen Geduldsarbeit zusammengen\u00e4ht.<\/p>\n<p>Die Sache mit den Fliegen war reiner Zufall. Das Ensemble suchte f\u00fcr seine weitere Arbeit aus einem Impuls heraus etwas, das die W\u00e4nde hochklettern k\u00f6nnte. Die Faszination Fliege war geboren. Vielen sind sie l\u00e4stig, sagt Stefanie Oberhoff. Jeder kennt sie. Oft werden sie abgelehnt. Oft mit einem Handschlag verscheucht. Mit diesen Vorgaben l\u00e4sst sich herrlich Theater machen.<\/p>\n<p>   <img decoding=\"async\" loading=\"lazy\" src=\"https:\/\/www.europesays.com\/de\/wp-content\/uploads\/2025\/10\/media.media.03781f88-3465-4205-823d-a6df44e3c40d.original1024.media.jpeg\"\/>     Der Anti-Kasper kam beim Publikum auf dem Esslinger Rathausplatz bestens an.    Foto: Simone Wei\u00df    <\/p>\n<p>Seit M\u00e4rz ist sie mit \u201eKasper schl\u00e4gt die Fliegen tot\u201c in Deutschland und international unterwegs. Auf eine lange rote Nase, ein schelmisches Grinsen, ein Tollpatsch-Gehabe wurde bewusst verzichtet. Keine g\u00e4ngigen Kasper-Klischees. Ein Gegenentwurf entstand. \u201eDer Kasper ist ja ein M\u00e4dchen\u201c, hatte ein Kind im Esslinger Publikum gesagt. Da muss sie nicht einmal schmunzeln. Solche Reaktionen ist Stefanie Oberhoff gew\u00f6hnt. Ein kleines St\u00fcck von ihr steckt im Kasper-Outfit. F\u00fcr seine Stiefel, sagt sie, wurde das Schnittmuster ihrer eigenen Hochzeitsschuhe verwendet. <\/p>\n<p> Die Stiefel des Kaspers sind besonders gro\u00df <\/p>\n<p>Vor ein paar Monaten seien sie in Leisnig in der N\u00e4he von Leipzig mit dem St\u00fcck aufgetreten. Im dortigen Museum w\u00fcrden die weltgr\u00f6\u00dften Stiefel gezeigt \u2013 doch die Schuhe ihres Anti-Kaspers seien noch gr\u00f6\u00dfer. Und mit seinem Auftritt in Esslingen hat er gro\u00dfe theatralische Fu\u00dfspuren hinterlassen. <\/p>\n","protected":false},"excerpt":{"rendered":"In der Grauzone zwischen freundlich und bedrohlich: Eine 16 Meter hohe Kasper-Figur stapfte mit resoluten Schritten \u00fcber den&hellip;\n","protected":false},"author":2,"featured_media":509525,"comment_status":"","ping_status":"","sticky":false,"template":"","format":"standard","meta":{"footnotes":""},"categories":[1830],"tags":[1634,3364,29,3439,60951,126922,30,126923,126921,1441],"class_list":{"0":"post-509524","1":"post","2":"type-post","3":"status-publish","4":"format-standard","5":"has-post-thumbnail","7":"category-stuttgart","8":"tag-baden-wuerttemberg","9":"tag-de","10":"tag-deutschland","11":"tag-esslingen","12":"tag-esslinger-kultur","13":"tag-esslinger-rathausplatz","14":"tag-germany","15":"tag-kultur-in-esslin","16":"tag-rathausplatz-esslinge","17":"tag-stuttgart"},"share_on_mastodon":{"url":"https:\/\/pubeurope.com\/@de\/115397835669911352","error":""},"_links":{"self":[{"href":"https:\/\/www.europesays.com\/de\/wp-json\/wp\/v2\/posts\/509524","targetHints":{"allow":["GET"]}}],"collection":[{"href":"https:\/\/www.europesays.com\/de\/wp-json\/wp\/v2\/posts"}],"about":[{"href":"https:\/\/www.europesays.com\/de\/wp-json\/wp\/v2\/types\/post"}],"author":[{"embeddable":true,"href":"https:\/\/www.europesays.com\/de\/wp-json\/wp\/v2\/users\/2"}],"replies":[{"embeddable":true,"href":"https:\/\/www.europesays.com\/de\/wp-json\/wp\/v2\/comments?post=509524"}],"version-history":[{"count":0,"href":"https:\/\/www.europesays.com\/de\/wp-json\/wp\/v2\/posts\/509524\/revisions"}],"wp:featuredmedia":[{"embeddable":true,"href":"https:\/\/www.europesays.com\/de\/wp-json\/wp\/v2\/media\/509525"}],"wp:attachment":[{"href":"https:\/\/www.europesays.com\/de\/wp-json\/wp\/v2\/media?parent=509524"}],"wp:term":[{"taxonomy":"category","embeddable":true,"href":"https:\/\/www.europesays.com\/de\/wp-json\/wp\/v2\/categories?post=509524"},{"taxonomy":"post_tag","embeddable":true,"href":"https:\/\/www.europesays.com\/de\/wp-json\/wp\/v2\/tags?post=509524"}],"curies":[{"name":"wp","href":"https:\/\/api.w.org\/{rel}","templated":true}]}}