{"id":509536,"date":"2025-10-18T23:52:20","date_gmt":"2025-10-18T23:52:20","guid":{"rendered":"https:\/\/www.europesays.com\/de\/509536\/"},"modified":"2025-10-18T23:52:20","modified_gmt":"2025-10-18T23:52:20","slug":"wieder-sperrung-am-flughafen-muenchen","status":"publish","type":"post","link":"https:\/\/www.europesays.com\/de\/509536\/","title":{"rendered":"wieder Sperrung am Flughafen M\u00fcnchen"},"content":{"rendered":"<p>&#8222;Verd\u00e4chtige Wahrnehmungen&#8220; <\/p>\n<p>Flugverkehr in M\u00fcnchen zeitweise ausgesetzt<\/p>\n<p>19.10.2025 &#8211; 01:24 UhrLesedauer: 1 Min.<\/p>\n<p><a href=\"#focus-0\" class=\"transition-colors duration-200 block text-current relative\" data-sctrack=\"FocusGalleryImage.Reference\"><img fetchpriority=\"high\" data-testid=\"Opener.Image\" style=\"--lqipURL:url('https:\/\/images.t-online.de\/2025\/10\/qSFZLD0ULFtq\/0x107:2048x1152\/fit-in\/150x0\/filters:blur(25)\/polizei-und-feuerwehr-sind-nach-drohnensichtungen-und-flugausfaellen-am-flughafen-muenchen-im-einsatz.jpg')\"   loading=\"eager\" src=\"https:\/\/www.europesays.com\/de\/wp-content\/uploads\/2025\/10\/polizei-und-feuerwehr-sind-nach-drohnensichtungen-und-flugausfaellen-am-flughafen-muenchen-im-einsat.jpeg\" alt=\"Drohnensichtungen am Flughafen M\u00fcnchen\" title=\"Drohnensichtungen am Flughafen M\u00fcnchen\" width=\"2048\" height=\"1152\" class=\"bg-[url:var(--lqipURL)] bg-cover bg-center flex h-full w-full max-w-full\" decoding=\"async\"\/><img style=\"--width:32;--height:32\" loading=\"lazy\" src=\"https:\/\/www.t-online.de\/s\/paper\/_next\/static\/media\/zoom-in.f7dae02f.svg\" alt=\"Vergr\u00f6\u00dfern des Bildes\" title=\"Vergr\u00f6\u00dfern des Bildes\" class=\"block h-[calc(var(--height)_\/_16_*_1rem)] w-[calc(var(--width)_\/_16_*_1rem)] max-w-none absolute bottom-8 right-8 rounded-4 bg-snow p-8\" decoding=\"async\"\/><\/a><\/p>\n<p>Polizei und Feuerwehr sind nach Drohnensichtungen und Flugausf\u00e4llen am Flughafen M\u00fcnchen im Einsatz. (Archivbild) (Quelle: Jason Tschepljakow\/dpa\/dpa-bilder)<\/p>\n<p class=\"font-bold text-18 leading-17\">Erneut ist es in M\u00fcnchen zu Umleitungen gekommen, weil die Landebahn gesperrt werden musste. Mehrere Menschen hatten die Polizei alarmiert<\/p>\n<p class=\"text-18 leading-17\">Wegen &#8222;verd\u00e4chtiger Wahrnehmungen&#8220; ist die Start- und Landebahn am M\u00fcnchner <a class=\"transition-colors duration-200 cursor-pointer text-inherit no-underline text-salemsfur md:hover:text-magenta md:hover:border-magenta md:focus:text-magenta border-current border-b border-solid break-words\" href=\"https:\/\/www.t-online.de\/themen\/flughafen\/\" data-sctrack=\"BodyAnchor\" target=\"_blank\" rel=\"noopener\">Flughafen<\/a> zeitweise gesperrt worden. Die Flugsicherung setzte den <a class=\"transition-colors duration-200 cursor-pointer text-inherit no-underline text-salemsfur md:hover:text-magenta md:hover:border-magenta md:focus:text-magenta border-current border-b border-solid break-words\" href=\"https:\/\/www.t-online.de\/themen\/flugverkehr\/\" data-sctrack=\"BodyAnchor\" target=\"_blank\" rel=\"noopener\">Flugverkehr<\/a> am Samstagabend gegen 22.00 Uhr f\u00fcr rund eine halbe Stunde aus, wie ein Sprecher der Bundespolizei der dpa best\u00e4tigte. Eine weitere kurze Sperrung habe es demnach gegen 23.00 Uhr gegeben.<\/p>\n<p class=\"text-18 leading-17\">Zuvor hatten mehrere Menschen der Bundespolizei &#8222;verd\u00e4chtige Wahrnehmungen&#8220; gemeldet. Ob es sich dabei um mutma\u00dfliche Drohnensichtungen gehandelt habe, lie\u00df der Sprecher offen. Laut der Ankunftsanzeige auf der Webseite des Flughafens wurden zwei Flugzeuge im Zeitraum der Sperrung umgeleitet.<\/p>\n<p class=\"text-18 leading-17\">Anfang Oktober war an zwei aufeinanderfolgenden Abenden der Luftverkehr am Airport der bayerischen Landeshauptstadt nach mutma\u00dflichen Drohnensichtungen eingestellt worden. An den beiden Tagen waren knapp 10.000 Reisende betroffen. Einige von ihnen mussten auf Feldbetten und Isomatten in den Terminals \u00fcbernachten.<\/p>\n","protected":false},"excerpt":{"rendered":"&#8222;Verd\u00e4chtige Wahrnehmungen&#8220; Flugverkehr in M\u00fcnchen zeitweise ausgesetzt 19.10.2025 &#8211; 01:24 UhrLesedauer: 1 Min. Polizei und Feuerwehr sind nach&hellip;\n","protected":false},"author":2,"featured_media":509537,"comment_status":"","ping_status":"","sticky":false,"template":"","format":"standard","meta":{"footnotes":""},"categories":[1827],"tags":[1217,772,421,29,115020,985,45904,10647,844,30,34068,1268,121,4073,94821],"class_list":{"0":"post-509536","1":"post","2":"type-post","3":"status-publish","4":"format-standard","5":"has-post-thumbnail","7":"category-muenchen","8":"tag-1217","9":"tag-bayern","10":"tag-bundespolizei","11":"tag-deutschland","12":"tag-drohnensichtung","13":"tag-feuerwehr","14":"tag-flugausfall","15":"tag-flughafen-muenchen","16":"tag-flugverkehr","17":"tag-germany","18":"tag-landebahn","19":"tag-muenchen","20":"tag-polizei","21":"tag-umleitung","22":"tag-wahrnehmung"},"share_on_mastodon":{"url":"https:\/\/pubeurope.com\/@de\/115397863179832573","error":""},"_links":{"self":[{"href":"https:\/\/www.europesays.com\/de\/wp-json\/wp\/v2\/posts\/509536","targetHints":{"allow":["GET"]}}],"collection":[{"href":"https:\/\/www.europesays.com\/de\/wp-json\/wp\/v2\/posts"}],"about":[{"href":"https:\/\/www.europesays.com\/de\/wp-json\/wp\/v2\/types\/post"}],"author":[{"embeddable":true,"href":"https:\/\/www.europesays.com\/de\/wp-json\/wp\/v2\/users\/2"}],"replies":[{"embeddable":true,"href":"https:\/\/www.europesays.com\/de\/wp-json\/wp\/v2\/comments?post=509536"}],"version-history":[{"count":0,"href":"https:\/\/www.europesays.com\/de\/wp-json\/wp\/v2\/posts\/509536\/revisions"}],"wp:featuredmedia":[{"embeddable":true,"href":"https:\/\/www.europesays.com\/de\/wp-json\/wp\/v2\/media\/509537"}],"wp:attachment":[{"href":"https:\/\/www.europesays.com\/de\/wp-json\/wp\/v2\/media?parent=509536"}],"wp:term":[{"taxonomy":"category","embeddable":true,"href":"https:\/\/www.europesays.com\/de\/wp-json\/wp\/v2\/categories?post=509536"},{"taxonomy":"post_tag","embeddable":true,"href":"https:\/\/www.europesays.com\/de\/wp-json\/wp\/v2\/tags?post=509536"}],"curies":[{"name":"wp","href":"https:\/\/api.w.org\/{rel}","templated":true}]}}