{"id":509624,"date":"2025-10-19T00:41:16","date_gmt":"2025-10-19T00:41:16","guid":{"rendered":"https:\/\/www.europesays.com\/de\/509624\/"},"modified":"2025-10-19T00:41:16","modified_gmt":"2025-10-19T00:41:16","slug":"shein-filiale-in-paris-ist-europaeische-mode-fairer","status":"publish","type":"post","link":"https:\/\/www.europesays.com\/de\/509624\/","title":{"rendered":"Shein-Filiale in Paris: Ist europ\u00e4ische Mode fairer?"},"content":{"rendered":"<p class=\"paragraph\">In franz\u00f6sischen Berichten erscheint Shein oft als Symbol f\u00fcr die Schattenseiten der Modebranche: niedrige L\u00f6hne, Produktion in fernen L\u00e4ndern und Umweltsch\u00e4den durch Plastik und Chemikalien. Allerdings unterscheiden sich weitere franz\u00f6sische oder europ\u00e4ische Textilmarken in der Herstellung nicht grundlegend von dem chinesischen Konkurrenten. Schlie\u00dflich nutzen auch franz\u00f6sische Ketten wie Kiabi oder Decathlon umweltsch\u00e4dliche, h\u00e4ufig auf Erd\u00f6l basierende Stoffe, auch sie beuten ihre N\u00e4herinnen <a href=\"https:\/\/www.europarl.europa.eu\/thinktank\/en\/document\/EPRS_BRI(2020)652025\" class=\"\" target=\"_blank\" rel=\"nofollow noopener\">nach einem EU-Bericht in Asien aus<\/a>.<\/p>\n","protected":false},"excerpt":{"rendered":"In franz\u00f6sischen Berichten erscheint Shein oft als Symbol f\u00fcr die Schattenseiten der Modebranche: niedrige L\u00f6hne, Produktion in fernen&hellip;\n","protected":false},"author":2,"featured_media":507028,"comment_status":"","ping_status":"","sticky":false,"template":"","format":"standard","meta":{"footnotes":""},"categories":[3974],"tags":[331,332,548,663,3934,3980,156,13,8230,350,4507,14,15,319,4330,12,126489,55],"class_list":{"0":"post-509624","1":"post","2":"type-post","3":"status-publish","4":"format-standard","5":"has-post-thumbnail","7":"category-frankreich","8":"tag-aktuelle-nachrichten","9":"tag-aktuelle-news","10":"tag-eu","11":"tag-europa","12":"tag-europe","13":"tag-france","14":"tag-frankreich","15":"tag-headlines","16":"tag-konsum","17":"tag-mode","18":"tag-nachhaltigkeit","19":"tag-nachrichten","20":"tag-news","21":"tag-paris","22":"tag-protest","23":"tag-schlagzeilen","24":"tag-shein-filiale-in-paris","25":"tag-wirtschaft"},"share_on_mastodon":{"url":"https:\/\/pubeurope.com\/@de\/115398055245234119","error":""},"_links":{"self":[{"href":"https:\/\/www.europesays.com\/de\/wp-json\/wp\/v2\/posts\/509624","targetHints":{"allow":["GET"]}}],"collection":[{"href":"https:\/\/www.europesays.com\/de\/wp-json\/wp\/v2\/posts"}],"about":[{"href":"https:\/\/www.europesays.com\/de\/wp-json\/wp\/v2\/types\/post"}],"author":[{"embeddable":true,"href":"https:\/\/www.europesays.com\/de\/wp-json\/wp\/v2\/users\/2"}],"replies":[{"embeddable":true,"href":"https:\/\/www.europesays.com\/de\/wp-json\/wp\/v2\/comments?post=509624"}],"version-history":[{"count":0,"href":"https:\/\/www.europesays.com\/de\/wp-json\/wp\/v2\/posts\/509624\/revisions"}],"wp:featuredmedia":[{"embeddable":true,"href":"https:\/\/www.europesays.com\/de\/wp-json\/wp\/v2\/media\/507028"}],"wp:attachment":[{"href":"https:\/\/www.europesays.com\/de\/wp-json\/wp\/v2\/media?parent=509624"}],"wp:term":[{"taxonomy":"category","embeddable":true,"href":"https:\/\/www.europesays.com\/de\/wp-json\/wp\/v2\/categories?post=509624"},{"taxonomy":"post_tag","embeddable":true,"href":"https:\/\/www.europesays.com\/de\/wp-json\/wp\/v2\/tags?post=509624"}],"curies":[{"name":"wp","href":"https:\/\/api.w.org\/{rel}","templated":true}]}}