{"id":509630,"date":"2025-10-19T00:46:25","date_gmt":"2025-10-19T00:46:25","guid":{"rendered":"https:\/\/www.europesays.com\/de\/509630\/"},"modified":"2025-10-19T00:46:25","modified_gmt":"2025-10-19T00:46:25","slug":"roesler-lacht-beim-vfl-einstand-32-gegen-hertha","status":"publish","type":"post","link":"https:\/\/www.europesays.com\/de\/509630\/","title":{"rendered":"R\u00f6sler lacht beim VfL-Einstand &#8211; 3:2 gegen Hertha"},"content":{"rendered":"<p>R\u00f6sler lacht beim VfL-Einstand &#8211; 3:2 gegen Hertha<\/p>\n<p>  <img loading=\"lazy\" decoding=\"async\" src=\"https:\/\/www.europesays.com\/de\/wp-content\/uploads\/2025\/10\/1822594_1_fullwidth_Uwe_Roesler_hatte_bei_seiner_Rueckkehr_als_Trainer_nach_Deutschland_Grund_zur_Fr.jpeg\" alt=\"VfL Bochum - Hertha BSC\" title=\"VfL Bochum - Hertha BSC\" width=\"1050\" height=\"606\"\/><\/p>\n<p>Bildtext einblenden<\/p>\n<p>Uwe R\u00f6sler hatte bei seiner R\u00fcckkehr als Trainer nach Deutschland Grund zur Freude Foto: Ulrich Hufnagel\/DPA <img loading=\"lazy\" decoding=\"async\" src=\"https:\/\/www.europesays.com\/de\/wp-content\/uploads\/2025\/10\/1822595_1_fullwidth_Der_VfL_Bochum_bejubelt_seinen_zweiten_Saisonsieg.jpeg\" alt=\"VfL Bochum - Hertha BSC\" title=\"VfL Bochum - Hertha BSC\" width=\"1050\" height=\"606\"\/><\/p>\n<p>Bildtext einblenden<\/p>\n<p>Der VfL Bochum bejubelt seinen zweiten Saisonsieg Foto: Ulrich Hufnagel\/DPA <img loading=\"lazy\" decoding=\"async\" src=\"https:\/\/www.europesays.com\/de\/wp-content\/uploads\/2025\/10\/1822596_1_fullwidth_Trotz_geringer_Temperaturen_mit_kurzer_Hose_Bochum-Coach_Roesler.jpeg\" alt=\"VfL Bochum - Hertha BSC\" title=\"VfL Bochum - Hertha BSC\" width=\"1050\" height=\"606\"\/><\/p>\n<p>Bildtext einblenden<\/p>\n<p>Trotz geringer Temperaturen mit kurzer Hose: Bochum-Coach R\u00f6sler Foto: Ulrich Hufnagel\/DPA <\/p>\n","protected":false},"excerpt":{"rendered":"R\u00f6sler lacht beim VfL-Einstand &#8211; 3:2 gegen Hertha Bildtext einblenden Uwe R\u00f6sler hatte bei seiner R\u00fcckkehr als Trainer&hellip;\n","protected":false},"author":2,"featured_media":509631,"comment_status":"","ping_status":"","sticky":false,"template":"","format":"standard","meta":{"footnotes":""},"categories":[2],"tags":[331,3924,332,3922,11399,299,3364,29,11403,9903,11400,347,9464,30,13,14,3923,15,3921,12,11402,265,11401,7109,11404],"class_list":{"0":"post-509630","1":"post","2":"type-post","3":"status-publish","4":"format-standard","5":"has-post-thumbnail","7":"category-deutschland","8":"tag-aktuelle-nachrichten","9":"tag-aktuelle-nachrichten-aus-deutschland","10":"tag-aktuelle-news","11":"tag-aktuelle-news-aus-deutschland","12":"tag-bayernliga","13":"tag-bundesliga","14":"tag-de","15":"tag-deutschland","16":"tag-em","17":"tag-ergebnisse","18":"tag-europameisterschaft","19":"tag-fussball","20":"tag-fussballer","21":"tag-germany","22":"tag-headlines","23":"tag-nachrichten","24":"tag-nachrichten-aus-deutschland","25":"tag-news","26":"tag-news-aus-deutschland","27":"tag-schlagzeilen","28":"tag-spielberichte","29":"tag-sport","30":"tag-sport-tabellen","31":"tag-weltmeisterschaft","32":"tag-wm"},"share_on_mastodon":{"url":"https:\/\/pubeurope.com\/@de\/115398075590466628","error":""},"_links":{"self":[{"href":"https:\/\/www.europesays.com\/de\/wp-json\/wp\/v2\/posts\/509630","targetHints":{"allow":["GET"]}}],"collection":[{"href":"https:\/\/www.europesays.com\/de\/wp-json\/wp\/v2\/posts"}],"about":[{"href":"https:\/\/www.europesays.com\/de\/wp-json\/wp\/v2\/types\/post"}],"author":[{"embeddable":true,"href":"https:\/\/www.europesays.com\/de\/wp-json\/wp\/v2\/users\/2"}],"replies":[{"embeddable":true,"href":"https:\/\/www.europesays.com\/de\/wp-json\/wp\/v2\/comments?post=509630"}],"version-history":[{"count":0,"href":"https:\/\/www.europesays.com\/de\/wp-json\/wp\/v2\/posts\/509630\/revisions"}],"wp:featuredmedia":[{"embeddable":true,"href":"https:\/\/www.europesays.com\/de\/wp-json\/wp\/v2\/media\/509631"}],"wp:attachment":[{"href":"https:\/\/www.europesays.com\/de\/wp-json\/wp\/v2\/media?parent=509630"}],"wp:term":[{"taxonomy":"category","embeddable":true,"href":"https:\/\/www.europesays.com\/de\/wp-json\/wp\/v2\/categories?post=509630"},{"taxonomy":"post_tag","embeddable":true,"href":"https:\/\/www.europesays.com\/de\/wp-json\/wp\/v2\/tags?post=509630"}],"curies":[{"name":"wp","href":"https:\/\/api.w.org\/{rel}","templated":true}]}}