{"id":509634,"date":"2025-10-19T00:48:21","date_gmt":"2025-10-19T00:48:21","guid":{"rendered":"https:\/\/www.europesays.com\/de\/509634\/"},"modified":"2025-10-19T00:48:21","modified_gmt":"2025-10-19T00:48:21","slug":"mallorca-flieger-landet-am-flughafen-koeln-bonn-polizei-muss-eingreifen","status":"publish","type":"post","link":"https:\/\/www.europesays.com\/de\/509634\/","title":{"rendered":"Mallorca-Flieger landet am Flughafen K\u00f6ln\/Bonn &#8211; Polizei muss eingreifen"},"content":{"rendered":"<p>Am Abend des 16. Oktober 2025 hat sich eine spektakul\u00e4re Festnahme am Flughafen K\u00f6ln\/Bonn ereignet. Dort nahm die Bundespolizei einen 28-j\u00e4hrigen Serben fest, der zuvor von der Polizei K\u00f6ln aus Palma de Mallorca begleitet worden war. <\/p>\n<p>Gegen ihn lag ein internationaler Haftbefehl wegen schweren Raubes vor.<\/p>\n<p> Haftbefehl best\u00e4tigt am Flughafen K\u00f6ln\/Bonn <\/p>\n<p>Der Mann, der bereits rechtskr\u00e4ftig zu f\u00fcnf Jahren und sechs Monaten Haft verurteilt worden war, wurde direkt nach der Landung in Empfang genommen. Die Beamten der Bundespolizei stellten seine Identit\u00e4t zweifelsfrei fest und belehrten ihn \u00fcber seine Rechte, bevor der Haftbefehl formell vollzogen wurde.<\/p>\n<p>Die Zusammenarbeit zwischen der Polizei K\u00f6ln und der Bundespolizei am Flughafen K\u00f6ln\/Bonn zahlte sich voll aus. Nach den notwendigen Formalit\u00e4ten brachte man den Verurteilten unter strenger Bewachung in die Justizvollzugsanstalt Rheinbach. Dort wird er nun seine mehrj\u00e4hrige Haftstrafe antreten.<\/p>\n<p>Mehr News:<\/p>\n<p>Der Flughafen K\u00f6ln\/Bonn r\u00fcckte damit erneut in den Fokus einer erfolgreichen internationalen Ermittlung. Dank der nahtlosen Kooperation der Beh\u00f6rden konnte ein gef\u00e4hrlicher Straft\u00e4ter aus dem Verkehr gezogen werden. Die Staatsanwaltschaft K\u00f6ln zeigte sich zufrieden mit dem schnellen und reibungslosen Ablauf der Ma\u00dfnahmen.<\/p>\n","protected":false},"excerpt":{"rendered":"Am Abend des 16. Oktober 2025 hat sich eine spektakul\u00e4re Festnahme am Flughafen K\u00f6ln\/Bonn ereignet. Dort nahm die&hellip;\n","protected":false},"author":2,"featured_media":509635,"comment_status":"","ping_status":"","sticky":false,"template":"","format":"standard","meta":{"footnotes":""},"categories":[1842],"tags":[1741,3364,29,2031,30,1209],"class_list":{"0":"post-509634","1":"post","2":"type-post","3":"status-publish","4":"format-standard","5":"has-post-thumbnail","7":"category-bonn","8":"tag-bonn","9":"tag-de","10":"tag-deutschland","11":"tag-flughafen-koeln-bonn","12":"tag-germany","13":"tag-nordrhein-westfalen"},"share_on_mastodon":{"url":"https:\/\/pubeurope.com\/@de\/115398082756011854","error":""},"_links":{"self":[{"href":"https:\/\/www.europesays.com\/de\/wp-json\/wp\/v2\/posts\/509634","targetHints":{"allow":["GET"]}}],"collection":[{"href":"https:\/\/www.europesays.com\/de\/wp-json\/wp\/v2\/posts"}],"about":[{"href":"https:\/\/www.europesays.com\/de\/wp-json\/wp\/v2\/types\/post"}],"author":[{"embeddable":true,"href":"https:\/\/www.europesays.com\/de\/wp-json\/wp\/v2\/users\/2"}],"replies":[{"embeddable":true,"href":"https:\/\/www.europesays.com\/de\/wp-json\/wp\/v2\/comments?post=509634"}],"version-history":[{"count":0,"href":"https:\/\/www.europesays.com\/de\/wp-json\/wp\/v2\/posts\/509634\/revisions"}],"wp:featuredmedia":[{"embeddable":true,"href":"https:\/\/www.europesays.com\/de\/wp-json\/wp\/v2\/media\/509635"}],"wp:attachment":[{"href":"https:\/\/www.europesays.com\/de\/wp-json\/wp\/v2\/media?parent=509634"}],"wp:term":[{"taxonomy":"category","embeddable":true,"href":"https:\/\/www.europesays.com\/de\/wp-json\/wp\/v2\/categories?post=509634"},{"taxonomy":"post_tag","embeddable":true,"href":"https:\/\/www.europesays.com\/de\/wp-json\/wp\/v2\/tags?post=509634"}],"curies":[{"name":"wp","href":"https:\/\/api.w.org\/{rel}","templated":true}]}}