{"id":509699,"date":"2025-10-19T01:29:16","date_gmt":"2025-10-19T01:29:16","guid":{"rendered":"https:\/\/www.europesays.com\/de\/509699\/"},"modified":"2025-10-19T01:29:16","modified_gmt":"2025-10-19T01:29:16","slug":"junge-fans-kueren-ihre-buch-stars","status":"publish","type":"post","link":"https:\/\/www.europesays.com\/de\/509699\/","title":{"rendered":"Junge Fans k\u00fcren ihre Buch-Stars"},"content":{"rendered":"<p>&#13;<br \/>\n            Frankfurt\/Main. Die B\u00fccherfans auf Tiktok haben ihre Lieblinge gek\u00fcrt: Auf der Frankfurter Buchmesse wurden zum dritten Mal die Tiktok Book Awards vergeben. Alle Gewinner erhalten ein Preisgeld in H\u00f6he von 2.500 Euro. Neu dazugekommen ist ein Preis f\u00fcr die beste Verfilmung. <\/p>\n<ul class=\"disc\">&#13;<\/p>\n<li>Autorin des Jahres: Lilly Lucas\u00a0<\/li>\n<p>&#13;\n          <\/ul>\n<p>            &#13;<br \/>\n              <img decoding=\"async\"   src=\"https:\/\/www.europesays.com\/de\/wp-content\/uploads\/2025\/10\/Autorin-Lilly-Lucas-rechts-ist-Autorin-des-Jahres-1157787.jpg\" title=\"Tiktok-Awards: Junge Fans k\u00fcren ihre Buch-Stars\" alt=\"Autorin Lilly Lucas (rechts) ist \u201eAutor*in des Jahres\u201c.\" class=\"img-responsive\"\/>&#13;<br \/>\n              &#13;<\/p>\n<p>Autorin Lilly Lucas (rechts) ist \u201eAutor*in des Jahres\u201c. &#13;<br \/>\n\t\t\t\t\t\t\t\tFoto: Hannes P. Albert\/dpa<\/p>\n<p>&#13;<br \/>\n              &#13;<\/p>\n<ul class=\"disc\">\n<li>Creatorin des Jahres: @nathalie_reads<\/li>\n<\/ul>\n<p><img decoding=\"async\"   src=\"https:\/\/www.europesays.com\/de\/wp-content\/uploads\/2025\/10\/Nathalie-Broeske-ist-Creatorin-des-Jahres-1157789.jpg\" title=\"Tiktok-Awards: Junge Fans k\u00fcren ihre Buch-Stars\" alt=\"Nathalie Br\u00f6ske ist \u201eCreator*in des Jahres\u201c.\" class=\"img-responsive\"\/><\/p>\n<p>Nathalie Br\u00f6ske ist \u201eCreator*in des Jahres\u201c. &#13;<br \/>\n\t\t\t\t\t\t\t\tFoto: Hannes P. Albert\/dpa<\/p>\n<ul class=\"disc\">\n<li>Bestseller des Jahres: \u201eCulpa M\u00eda\u201c von Mercedes Ron<\/li>\n<\/ul>\n<p><img decoding=\"async\"   src=\"https:\/\/www.europesays.com\/de\/wp-content\/uploads\/2025\/10\/Autorin-Mercedes-Ron-rechts-ist-die-Bestseller-Autorin-des-1157786.jpg\" title=\"Tiktok-Awards: Junge Fans k\u00fcren ihre Buch-Stars\" alt=\"Autorin Mercedes Ron (rechts) ist die \u201eBestseller-Autorin des Jahres\u201c.\" class=\"img-responsive\"\/><\/p>\n<p>Autorin Mercedes Ron (rechts) ist die \u201eBestseller-Autorin des Jahres\u201c. &#13;<br \/>\n\t\t\t\t\t\t\t\tFoto: Hannes P. Albert\/dpa<\/p>\n<ul class=\"disc\">\n<li>Beste Verfilmung: \u201eThe Summer I Turned Pretty\u201c<\/li>\n<li>Verlag des Jahres: @lyx_verlag<\/li>\n<li>Beste Indie-Buchhandlung: @janaskleinebuchhandlung<\/li>\n<\/ul>\n<p><img decoding=\"async\"   src=\"https:\/\/www.europesays.com\/de\/wp-content\/uploads\/2025\/10\/Jana-Brammer-ist-Gewinnerin-der-Kategorie-Indie-1157788.jpg\" title=\"Tiktok-Awards: Junge Fans k\u00fcren ihre Buch-Stars\" alt=\"Jana Brammer ist Gewinnerin der Kategorie \u201eIndie Buchhandlung &amp; Bibliothek des Jahres\u201c.\" class=\"img-responsive\"\/><\/p>\n<p>Jana Brammer ist Gewinnerin der Kategorie \u201eIndie Buchhandlung &amp; Bibliothek des Jahres\u201c. &#13;<br \/>\n\t\t\t\t\t\t\t\tFoto: Hannes P. Albert\/dpa<\/p>\n<p>Unter dem Hashtag #BookTok finden sich auf Tiktok nach Angaben der Digital-Plattform fast 67 Millionen Beitr\u00e4ge weltweit. Die Community habe sich \u201eals treibende Kraft in der Buchbranche etabliert und f\u00fchrt dazu, dass immer mehr junge Menschen zur\u00fcck zum Buch finden\u201c.\u00a0 <\/p>\n<p>Das Verfahren ist an den Deutschen Buchpreis angelehnt. Im September ver\u00f6ffentlichte Tiktok eine Longlist der Nominierten. Eine Jury w\u00e4hlte daraus je vier Nominierte pro Kategorie. Zwischen dem 1. und 8. Oktober konnte die Community direkt \u00fcber die App abstimmen. <\/p>\n<p><img decoding=\"async\"   src=\"https:\/\/www.europesays.com\/de\/wp-content\/uploads\/2025\/10\/Unter-dem-Hashtag-BookTok-finden-sich-auf-Tiktok-nach-1157790.jpg\" title=\"Tiktok-Awards: Junge Fans k\u00fcren ihre Buch-Stars\" alt=\"Unter dem Hashtag #BookTok finden sich auf Tiktok nach Angaben der Digital-Plattform fast 67 Millionen Beitr\u00e4ge weltweit.\" class=\"img-responsive\"\/><\/p>\n<p>Unter dem Hashtag #BookTok finden sich auf Tiktok nach Angaben der Digital-Plattform fast 67 Millionen Beitr\u00e4ge weltweit. &#13;<br \/>\n\t\t\t\t\t\t\t\tFoto: Monika Skolimowska\/dpa<\/p>\n","protected":false},"excerpt":{"rendered":"&#13; Frankfurt\/Main. Die B\u00fccherfans auf Tiktok haben ihre Lieblinge gek\u00fcrt: Auf der Frankfurter Buchmesse wurden zum dritten Mal&hellip;\n","protected":false},"author":2,"featured_media":509700,"comment_status":"","ping_status":"","sticky":false,"template":"","format":"standard","meta":{"footnotes":""},"categories":[1774],"tags":[1784,1785,29,214,30,2052,93,3800,215,9326],"class_list":{"0":"post-509699","1":"post","2":"type-post","3":"status-publish","4":"format-standard","5":"has-post-thumbnail","7":"category-buecher","8":"tag-books","9":"tag-buecher","10":"tag-deutschland","11":"tag-entertainment","12":"tag-germany","13":"tag-hessen","14":"tag-literatur","15":"tag-messen","16":"tag-unterhaltung","17":"tag-updateme"},"share_on_mastodon":{"url":"https:\/\/pubeurope.com\/@de\/115398244766756795","error":""},"_links":{"self":[{"href":"https:\/\/www.europesays.com\/de\/wp-json\/wp\/v2\/posts\/509699","targetHints":{"allow":["GET"]}}],"collection":[{"href":"https:\/\/www.europesays.com\/de\/wp-json\/wp\/v2\/posts"}],"about":[{"href":"https:\/\/www.europesays.com\/de\/wp-json\/wp\/v2\/types\/post"}],"author":[{"embeddable":true,"href":"https:\/\/www.europesays.com\/de\/wp-json\/wp\/v2\/users\/2"}],"replies":[{"embeddable":true,"href":"https:\/\/www.europesays.com\/de\/wp-json\/wp\/v2\/comments?post=509699"}],"version-history":[{"count":0,"href":"https:\/\/www.europesays.com\/de\/wp-json\/wp\/v2\/posts\/509699\/revisions"}],"wp:featuredmedia":[{"embeddable":true,"href":"https:\/\/www.europesays.com\/de\/wp-json\/wp\/v2\/media\/509700"}],"wp:attachment":[{"href":"https:\/\/www.europesays.com\/de\/wp-json\/wp\/v2\/media?parent=509699"}],"wp:term":[{"taxonomy":"category","embeddable":true,"href":"https:\/\/www.europesays.com\/de\/wp-json\/wp\/v2\/categories?post=509699"},{"taxonomy":"post_tag","embeddable":true,"href":"https:\/\/www.europesays.com\/de\/wp-json\/wp\/v2\/tags?post=509699"}],"curies":[{"name":"wp","href":"https:\/\/api.w.org\/{rel}","templated":true}]}}