{"id":509715,"date":"2025-10-19T01:37:19","date_gmt":"2025-10-19T01:37:19","guid":{"rendered":"https:\/\/www.europesays.com\/de\/509715\/"},"modified":"2025-10-19T01:37:19","modified_gmt":"2025-10-19T01:37:19","slug":"porsche-tabasko-neuer-werkstoff-von-porsche-engineering","status":"publish","type":"post","link":"https:\/\/www.europesays.com\/de\/509715\/","title":{"rendered":"Porsche Tabasko: Neuer Werkstoff von Porsche Engineering"},"content":{"rendered":"<p>Scharf kombiniert<\/p>\n<p>18.10.2025, 20:27Lesezeit: 4 Min.<\/p>\n<p><img decoding=\"async\" alt=\"Bald im Auto: Eine Gep\u00e4ckwanne f\u00fcr den Porsche Taycan k\u00f6nnte das erste Serienbauteil mit Tabasko werden.\" fetchpriority=\"high\" height=\"1687\" loading=\"eager\"  src=\"https:\/\/www.europesays.com\/de\/wp-content\/uploads\/2025\/10\/bald-im-auto-eine-gepaeckwanne.jpg\" width=\"3000\" class=\"flex h-auto w-full\" tabindex=\"0\" data-selector=\"header-teaser-image\"\/>Bildbeschreibung ausklappen<\/p>\n<p>Bald im Auto: Eine Gep\u00e4ckwanne f\u00fcr den Porsche Taycan k\u00f6nnte das erste Serienbauteil mit Tabasko werden.Joshua Hildebrand<\/p>\n<p class=\"xs:p1-intro sm:p1-intro-medium flex items-start gap-[10px] pb-[30px]\" data-external-selector=\"header-teaser\">Aus der Garage in die Serienfertigung. Tabasko hei\u00dft die neue Werkstoffidee von Porsche Engineering, die Kunststoffteile leichter, steifer und nachhaltiger machen soll.<\/p>\n","protected":false},"excerpt":{"rendered":"Scharf kombiniert 18.10.2025, 20:27Lesezeit: 4 Min. Bildbeschreibung ausklappen Bald im Auto: Eine Gep\u00e4ckwanne f\u00fcr den Porsche Taycan k\u00f6nnte&hellip;\n","protected":false},"author":2,"featured_media":509716,"comment_status":"","ping_status":"","sticky":false,"template":"","format":"standard","meta":{"footnotes":""},"categories":[134],"tags":[175,170,169,29,30,171,174,173,172],"class_list":{"0":"post-509715","1":"post","2":"type-post","3":"status-publish","4":"format-standard","5":"has-post-thumbnail","7":"category-unternehmen-maerkte","8":"tag-business","9":"tag-companies","10":"tag-companies-markets","11":"tag-deutschland","12":"tag-germany","13":"tag-markets","14":"tag-maerkte","15":"tag-unternehmen","16":"tag-unternehmen-maerkte"},"share_on_mastodon":{"url":"https:\/\/pubeurope.com\/@de\/115398275527453476","error":""},"_links":{"self":[{"href":"https:\/\/www.europesays.com\/de\/wp-json\/wp\/v2\/posts\/509715","targetHints":{"allow":["GET"]}}],"collection":[{"href":"https:\/\/www.europesays.com\/de\/wp-json\/wp\/v2\/posts"}],"about":[{"href":"https:\/\/www.europesays.com\/de\/wp-json\/wp\/v2\/types\/post"}],"author":[{"embeddable":true,"href":"https:\/\/www.europesays.com\/de\/wp-json\/wp\/v2\/users\/2"}],"replies":[{"embeddable":true,"href":"https:\/\/www.europesays.com\/de\/wp-json\/wp\/v2\/comments?post=509715"}],"version-history":[{"count":0,"href":"https:\/\/www.europesays.com\/de\/wp-json\/wp\/v2\/posts\/509715\/revisions"}],"wp:featuredmedia":[{"embeddable":true,"href":"https:\/\/www.europesays.com\/de\/wp-json\/wp\/v2\/media\/509716"}],"wp:attachment":[{"href":"https:\/\/www.europesays.com\/de\/wp-json\/wp\/v2\/media?parent=509715"}],"wp:term":[{"taxonomy":"category","embeddable":true,"href":"https:\/\/www.europesays.com\/de\/wp-json\/wp\/v2\/categories?post=509715"},{"taxonomy":"post_tag","embeddable":true,"href":"https:\/\/www.europesays.com\/de\/wp-json\/wp\/v2\/tags?post=509715"}],"curies":[{"name":"wp","href":"https:\/\/api.w.org\/{rel}","templated":true}]}}