{"id":509721,"date":"2025-10-19T01:40:16","date_gmt":"2025-10-19T01:40:16","guid":{"rendered":"https:\/\/www.europesays.com\/de\/509721\/"},"modified":"2025-10-19T01:40:16","modified_gmt":"2025-10-19T01:40:16","slug":"dramatischer-rettungseinsatz-maedchen-aus-waeschetrockner-befreit","status":"publish","type":"post","link":"https:\/\/www.europesays.com\/de\/509721\/","title":{"rendered":"Dramatischer Rettungseinsatz: M\u00e4dchen aus W\u00e4schetrockner befreit"},"content":{"rendered":"<p>                    Befreiung unter Schmerzen<br \/>\n                13-J\u00e4hrige aus W\u00e4schetrockner gerettet<\/p>\n<p>\t\t\t\t              18.10.2025, 16:40 Uhr<\/p>\n<p>\t\t\t\t\t       Artikel anh\u00f6ren<\/p>\n<p>\t\t\t\t\t\t\tDiese Audioversion wurde k\u00fcnstlich generiert. <a href=\"https:\/\/www.n-tv.de\/23249898\" rel=\"nofollow noopener\" target=\"_blank\">Mehr Infos<\/a><\/p>\n<p><strong>Ein M\u00e4dchen klettert in M\u00f6dling bei Wien in einen W\u00e4schetrockner und bleibt stecken. Die Feuerwehr muss das Ger\u00e4t mit schwerem Werkzeug zerlegen, um sie zu retten. W\u00e4hrend der Aktion verschlechtert sich der Zustand der 13-J\u00e4hrigen sichtlich.<\/strong><\/p>\n<p>In \u00d6sterreich ist ein 13-j\u00e4hriges M\u00e4dchen in einem aufwendigen Rettungseinsatz aus einem W\u00e4schetrockner gerettet worden. Wie die Feuerwehr der Stadt M\u00f6dling bei Wien mitteilte, war das Kind am Vortag in das Ger\u00e4t geklettert, konnte aber nicht selbstst\u00e4ndig wieder hinaus.<\/p>\n<p>Die Einsatzkr\u00e4fte r\u00fcckten am Freitagabend aus und versuchten zun\u00e4chst, die 13-J\u00e4hrige ohne technische Hilfsmittel zu befreien. Nachdem dies keinen Erfolg gebracht hatte, wurde der Trockner zerlegt und die Trommel freigelegt.<\/p>\n<p>  <a href=\"https:\/\/www.n-tv.de\/img\/26105300-1760796337000\/16-9\/750\/553219784.jpg\" rel=\"nofollow noopener\" target=\"_blank\">     <img decoding=\"async\" alt=\"Erfolgreiche Befreiung: der zerlegte W\u00e4schetrockner nach dem Feuerwehr-Einsatz.\" src=\"https:\/\/www.europesays.com\/de\/wp-content\/uploads\/2025\/10\/553219784.jpg\" class=\"lazyload\"\/>  <\/a>  <\/p>\n<p class=\"article__aside__caption\">Erfolgreiche Befreiung: der zerlegte W\u00e4schetrockner nach dem Feuerwehr-Einsatz.<\/p>\n<p class=\"article__aside__copy\">(Foto: picture alliance\/dpa\/FFMOEDLING.AT\/APA)<\/p>\n<p>Inzwischen verschlechterte sich der Zustand des M\u00e4dchens. Es klagte \u00fcber Schmerzen, und ihre Augen fielen immer wieder zu, wie ein M\u00f6dlinger Feuerwehrmann schilderte. Deshalb sei schlie\u00dflich eine hydraulische Schere zum Einsatz gekommen, um letzte Verkleidungsteile zu entfernen und das Kind zu bergen, sagte er.<\/p>\n<p>Die 13-J\u00e4hrige wurde mit Schmerzen im Arm-, Schulter- und Bauchbereich in ein Krankenhaus gebracht. Warum sie in den Trockner geklettert war, war vorerst nicht bekannt. Auch nicht, wie lange sie bis zum Eintreffen der Feuerwehr in dem Ger\u00e4t war.<\/p>\n","protected":false},"excerpt":{"rendered":"Befreiung unter Schmerzen 13-J\u00e4hrige aus W\u00e4schetrockner gerettet 18.10.2025, 16:40 Uhr Artikel anh\u00f6ren Diese Audioversion wurde k\u00fcnstlich generiert. Mehr&hellip;\n","protected":false},"author":2,"featured_media":509722,"comment_status":"","ping_status":"","sticky":false,"template":"","format":"standard","meta":{"footnotes":""},"categories":[5],"tags":[985,13,984,14,15,1433,12,10,8,9,11,13536],"class_list":{"0":"post-509721","1":"post","2":"type-post","3":"status-publish","4":"format-standard","5":"has-post-thumbnail","7":"category-nachrichten","8":"tag-feuerwehr","9":"tag-headlines","10":"tag-international","11":"tag-nachrichten","12":"tag-news","13":"tag-oesterreich","14":"tag-schlagzeilen","15":"tag-top-news","16":"tag-top-meldungen","17":"tag-topmeldungen","18":"tag-topnews","19":"tag-ungluecke"},"share_on_mastodon":{"url":"https:\/\/pubeurope.com\/@de\/115398287798690722","error":""},"_links":{"self":[{"href":"https:\/\/www.europesays.com\/de\/wp-json\/wp\/v2\/posts\/509721","targetHints":{"allow":["GET"]}}],"collection":[{"href":"https:\/\/www.europesays.com\/de\/wp-json\/wp\/v2\/posts"}],"about":[{"href":"https:\/\/www.europesays.com\/de\/wp-json\/wp\/v2\/types\/post"}],"author":[{"embeddable":true,"href":"https:\/\/www.europesays.com\/de\/wp-json\/wp\/v2\/users\/2"}],"replies":[{"embeddable":true,"href":"https:\/\/www.europesays.com\/de\/wp-json\/wp\/v2\/comments?post=509721"}],"version-history":[{"count":0,"href":"https:\/\/www.europesays.com\/de\/wp-json\/wp\/v2\/posts\/509721\/revisions"}],"wp:featuredmedia":[{"embeddable":true,"href":"https:\/\/www.europesays.com\/de\/wp-json\/wp\/v2\/media\/509722"}],"wp:attachment":[{"href":"https:\/\/www.europesays.com\/de\/wp-json\/wp\/v2\/media?parent=509721"}],"wp:term":[{"taxonomy":"category","embeddable":true,"href":"https:\/\/www.europesays.com\/de\/wp-json\/wp\/v2\/categories?post=509721"},{"taxonomy":"post_tag","embeddable":true,"href":"https:\/\/www.europesays.com\/de\/wp-json\/wp\/v2\/tags?post=509721"}],"curies":[{"name":"wp","href":"https:\/\/api.w.org\/{rel}","templated":true}]}}