{"id":509734,"date":"2025-10-19T01:49:44","date_gmt":"2025-10-19T01:49:44","guid":{"rendered":"https:\/\/www.europesays.com\/de\/509734\/"},"modified":"2025-10-19T01:49:44","modified_gmt":"2025-10-19T01:49:44","slug":"hessenpokal-neue-auslosung-nach-hfv-panne","status":"publish","type":"post","link":"https:\/\/www.europesays.com\/de\/509734\/","title":{"rendered":"Hessenpokal: Neue Auslosung nach HFV-Panne"},"content":{"rendered":"<p>   Hessenpokal: Neue Auslosung nach HFV-Panne &#8211; FuPa                                               <\/p>\n<p>FuPa ben\u00f6tigt JavaScript, um richtig zu funktionieren.<\/p>\n<p> Browser nicht unterst\u00fctzt <\/p>\n<p>  Du verwendest einen veralteten Browser, wodurch die Funktionalit\u00e4t von FuPa eingeschr\u00e4nkt ist und es zu unerwarteten Fehlern kommen kann. Damit du FuPa vollumf\u00e4nglich nutzen kannst und wir dir eine bessere Nutzungserfahrung und mehr Sicherheit auf unserer Anwendung bieten k\u00f6nnen, nutze bitte einen aktuellen Browser.      <img loading=\"lazy\" decoding=\"async\" src=\"https:\/\/www.europesays.com\/de\/wp-content\/uploads\/2025\/10\/vgzm.2780411-3138911.gif\" height=\"1\" width=\"1\" class=\"sc-1wcyr0h-16 hojaCI\"\/>Du wirst automatisch weitergeleitet&#8230;<img fetchpriority=\"high\" decoding=\"async\" loading=\"eager\" src=\"https:\/\/www.europesays.com\/de\/wp-content\/uploads\/2025\/10\/1760838584_737_960x640.jpeg\" alt=\"In der vergangenen Saison setzte sich der SVWW mit 4:0 im Hessenpokal-Viertelfinale bei Kickers Offenbach durch. \" title=\"In der vergangenen Saison setzte sich der SVWW mit 4:0 im Hessenpokal-Viertelfinale bei Kickers Offenbach durch. \" width=\"960\" height=\"640\" class=\"sc-wadapo-3 klmthQ mui-style-2vfs2l\"\/>In der vergangenen Saison setzte sich der SVWW mit 4:0 im Hessenpokal-Viertelfinale bei Kickers Offenbach durch.  \u2013 Foto: IMAGO\/Hartenfelser<a data-google-interstitial=\"false\" target=\"_blank\" href=\"http:\/\/www.meine-vrm.de\/\" rel=\"noopener\"><img decoding=\"async\" loading=\"eager\" src=\"https:\/\/image.fupa.net\/cobranding-white\/iHQi4N0atZ34\/image.svg\" alt=\"\" title=\"\" width=\"400\" height=\"80\" class=\"sc-wadapo-3 ftUxsc\"\/><\/a><a data-google-interstitial=\"false\" target=\"_blank\" href=\"https:\/\/www.meine-vrm.de\/\" rel=\"noopener\"><img decoding=\"async\" loading=\"eager\" src=\"https:\/\/image.fupa.net\/cobranding-white\/EiYcj6eACvfg\/image.svg\" alt=\"\" title=\"\" width=\"400\" height=\"80\" class=\"sc-wadapo-3 ftUxsc\"\/><\/a>Der SVWW k\u00f6nnte im Fall eines Achtelfinalsiegs auf einen anderen Gegner als Kickers Offenbach treffen<\/p>\n<p id=\"63712\">Wiesbaden. An diesem Samstag spielte der SV Wehen Wiesbaden bei Hansa Rostock in der Dritten Liga, verlor mit 0:3. Am Dienstag, 28. Oktober, um 18 Uhr trifft der SVWW im Achtelfinale des Hessenpokals auf Hessenligist KSV Baunatal. Aber ob der SVWW dann bei einem Sieg im Viertelfinale wie zun\u00e4chst ausgelost bei Kickers Offenbach antreten muss, steht in den Sternen. Denn bei dieser Auslosung im September gab es eine Panne beim Hessischen Fu\u00dfball-Verband. Der HFV loste n\u00e4mlich den kompletten Turnierbaum bis zum Endspiel aus. Das sei aber nach einem Einspruch des Regionalligisten Kickers Offenbach, der sich am Mittwochabend in seinem Achtelfinale knapp mit 5:3 nach Elfmeterschie\u00dfen bei der SpVgg Leusel durchgesetzt hatte, nicht mit den Durchf\u00fchrungsbestimmungen des HFV-Landespokals vereinbar.<\/p>\n<p>Dieser Text wird euch kostenlos zur Verf\u00fcgung gestellt vom Wiesbadener Kurier.<\/p>\n<p>Viertelfinal-Neuauslosung beim HFV am Montag<\/p>\n<p id=\"63712\">Am Freitag ging der HFV dann an die \u00d6ffentlichkeit und teilte mit: \u201eIm Rahmen der Auslosung der Achtelfinalpartien des Krombacher-Hessenpokals wurde der Turnierbaum f\u00fcr den weiteren Wettbewerbsverlauf grafisch dargestellt und damit die Auslosung der weiteren Runden ab dem Viertelfinale integriert. Dieser Ansatz ist grunds\u00e4tzlich m\u00f6glich. Die aktuell g\u00fcltigen Durchf\u00fchrungsbestimmungen sehen jedoch vor, dass die weiteren Runden separat ausgelost werden. Ein Teil der beteiligten Vereine \u00e4u\u00dferte nun daher den legitimen Wunsch, dies entsprechend zu praktizieren. F\u00fcr eine m\u00f6glichst schnelle Klarheit hinsichtlich des weiteren Verlaufs ab dem Viertelfinale wird die zus\u00e4tzliche Auslosung nun am Montag, 20. Oktober 2025 um 18.30 Uhr durchgef\u00fchrt.\u201c<\/p>\n<p id=\"63712\">Die Kickers sind sicherlich froh, wenn sie dem SVWW als Titelverteidiger und einzigen Drittligisten im Viertelfinale aus dem Weg gehen k\u00f6nnten. In der vergangenen Runde setzte sich der SVWW im Viertelfinale sehr souver\u00e4n mit 4:0 auf dem Bieberer Berg durch.<\/p>\n<p>SVWW im Hessenpokal-Achtelfinale in Baunatal<\/p>\n<p> Di., 28.10.2025, 18:00 Uhr <\/p>\n<p id=\"63712\">In dieser Runde sind bisher vier Achtelfinale ausgetragen. Neben den Kickers haben es schon der FSV Fernwald (3:0 bei Turabdin Pohlheim), der FSV Frankfurt (2:0 beim FC Ederbergland) und T\u00fcrkg\u00fcc\u00fc Friedberg (3:2 gegen den TSV Steinbach-Haiger) in die Runde der letzten Acht geschafft. Es stehen noch die Partie Bayern Alzenau gegen Hessen Kassel, Germania Ober-Roden gegen den FC Gie\u00dfen, VfR Gro\u00df-Gerau gegen Barockstadt Fulda sowie eben die Partie des SVWW in Baunatal aus.<\/p>\n<p>Aufrufe: 018.10.2025, 16:45 Uhr<\/p>\n","protected":false},"excerpt":{"rendered":"Hessenpokal: Neue Auslosung nach HFV-Panne &#8211; FuPa FuPa ben\u00f6tigt JavaScript, um richtig zu funktionieren. Browser nicht unterst\u00fctzt Du&hellip;\n","protected":false},"author":2,"featured_media":509735,"comment_status":"","ping_status":"","sticky":false,"template":"","format":"standard","meta":{"footnotes":""},"categories":[1847],"tags":[126955,98773,3364,29,126958,548,663,3934,19948,126949,19944,35576,126935,35582,126961,126954,126945,126940,22991,35577,126957,30,126944,13,2052,49622,56307,126938,49623,14,15,126941,12,126946,98771,126952,126950,126953,126956,126951,126939,126937,126959,126947,126942,22506,126936,126948,98770,126943,19960,126960,4544],"class_list":{"0":"post-509734","1":"post","2":"type-post","3":"status-publish","4":"format-standard","5":"has-post-thumbnail","7":"category-wiesbaden","8":"tag-1-fca-04-darmstadt","9":"tag-bayern-alzenau","10":"tag-de","11":"tag-deutschland","12":"tag-djk-sf-bad-homburg","13":"tag-eu","14":"tag-europa","15":"tag-europe","16":"tag-fc-bierstadt","17":"tag-fc-domstadt-fritzlar","18":"tag-fc-eddersheim","19":"tag-fc-ederbergland","20":"tag-fc-giessen","21":"tag-fc-turabdin-babylon","22":"tag-fg-seckbach-02","23":"tag-fsg-ober-schmitten-eichelsdorf","24":"tag-fsv-doernberg","25":"tag-fsv-fernwald","26":"tag-fsv-frankfurt","27":"tag-fv-breidenbach","28":"tag-germania-ober-roden","29":"tag-germany","30":"tag-hanauer-sc-1960","31":"tag-headlines","32":"tag-hessen","33":"tag-hessenpokal","34":"tag-kickers-offenbach","35":"tag-ksv-baunatal","36":"tag-ksv-hessen-kassel","37":"tag-nachrichten","38":"tag-news","39":"tag-sc-1929-waldgirmes","40":"tag-schlagzeilen","41":"tag-sg-bad-soden","42":"tag-sg-barockstadt-fulda-lehnerz","43":"tag-sg-niederaula-kerspenhausen","44":"tag-sg-orlen","45":"tag-sg-seelbach-scheld","46":"tag-sportfreunde-seligenstadt","47":"tag-spvgg-leusel","48":"tag-stadtallendorf","49":"tag-sv-1920-steinbach","50":"tag-sv-hummetroth","51":"tag-sv-neuhof","52":"tag-sv-unter-flockenbach","53":"tag-sv-wehen-wiesbaden","54":"tag-sv-weidenhausen","55":"tag-tsv-korbach","56":"tag-tsv-steinbach-haiger","57":"tag-tuerk-guecue-friedberg","58":"tag-tus-dietkirchen","59":"tag-vfr-gross-gerau","60":"tag-wiesbaden"},"share_on_mastodon":{"url":"","error":"Validation failed: Text character limit of 500 exceeded"},"_links":{"self":[{"href":"https:\/\/www.europesays.com\/de\/wp-json\/wp\/v2\/posts\/509734","targetHints":{"allow":["GET"]}}],"collection":[{"href":"https:\/\/www.europesays.com\/de\/wp-json\/wp\/v2\/posts"}],"about":[{"href":"https:\/\/www.europesays.com\/de\/wp-json\/wp\/v2\/types\/post"}],"author":[{"embeddable":true,"href":"https:\/\/www.europesays.com\/de\/wp-json\/wp\/v2\/users\/2"}],"replies":[{"embeddable":true,"href":"https:\/\/www.europesays.com\/de\/wp-json\/wp\/v2\/comments?post=509734"}],"version-history":[{"count":0,"href":"https:\/\/www.europesays.com\/de\/wp-json\/wp\/v2\/posts\/509734\/revisions"}],"wp:featuredmedia":[{"embeddable":true,"href":"https:\/\/www.europesays.com\/de\/wp-json\/wp\/v2\/media\/509735"}],"wp:attachment":[{"href":"https:\/\/www.europesays.com\/de\/wp-json\/wp\/v2\/media?parent=509734"}],"wp:term":[{"taxonomy":"category","embeddable":true,"href":"https:\/\/www.europesays.com\/de\/wp-json\/wp\/v2\/categories?post=509734"},{"taxonomy":"post_tag","embeddable":true,"href":"https:\/\/www.europesays.com\/de\/wp-json\/wp\/v2\/tags?post=509734"}],"curies":[{"name":"wp","href":"https:\/\/api.w.org\/{rel}","templated":true}]}}