{"id":509817,"date":"2025-10-19T02:39:28","date_gmt":"2025-10-19T02:39:28","guid":{"rendered":"https:\/\/www.europesays.com\/de\/509817\/"},"modified":"2025-10-19T02:39:28","modified_gmt":"2025-10-19T02:39:28","slug":"1-fc-koeln-unfassbar-teuer-abgeben-kwasniok-spricht-schon-von-el-mala-abschied-sport","status":"publish","type":"post","link":"https:\/\/www.europesays.com\/de\/509817\/","title":{"rendered":"1. FC K\u00f6ln: \u201eUnfassbar teuer abgeben\u201c: Kwasniok spricht schon von El-Mala-Abschied! | Sport"},"content":{"rendered":"<p><b>N\u00e4chster Baller-Auftritt von Said El Mala (19)!<\/b><\/p>\n<p>K\u00f6lns Wunder-Junge schie\u00dft den FC als Joker zum 1:1 gegen Augsburg und l\u00e4sst eine ganze Stadt schw\u00e4rmen. Und den Trainer schon von Abschied sprechen &#8230;<\/p>\n<p><b>Nach dem Spiel sagte K\u00f6ln-Coach Lukas Kwasniok (44) brutal ehrlich: \u201eMachen wir uns nichts vor: Wenn er weiterhin so trifft und zu den Highlights noch die f\u00fcr die Bundesliga wichtigen Aspekte hinzugewinnt, m\u00fcssen wir ihn unfassbar teuer abgeben. Das wird eines Tages mal passieren. Das ist auch in Ordnung so. Ich habe aktuell das Gef\u00fchl, dass er den FC sehr im Herzen tr\u00e4gt und die Phase hier genie\u00dft. Ich habe es tats\u00e4chlich auch in diesem Moment genossen.\u201c <\/b><\/p>\n<p>Mehr zum Thema<\/p>\n<p><b>Kwasniok meint den Moment in der 76. Minute: K\u00f6ln-Konter \u00fcber links. Mit knallenger Ballbehandlung zieht El Mala (in der 59. eingewechselt) mit Tempo in die Mitte, l\u00e4sst Augsburgs Jakic stehen und h\u00e4mmert den Ball mit 106 km\/h zum 1:1-Endstand unter die Latte!<\/b><\/p>\n<p>\u201eWir wissen um seine F\u00e4higkeiten. Er ist ein absoluter Highlight-Spieler\u201c, sagt Kwasniok, \u201eaber zwischen einem Highlight-Spieler und einem guten Bundesligaspieler \u2013 da liegen noch Welten.\u201c<\/p>\n<p>Nach Augsburg-Spiel: Kwasniok spricht schon von El-Mala-Abschied<a class=\"anchor video-teaser__anchor\" href=\"https:\/\/www.bild.de\/sport\/fussball\/nach-augsburg-spiel-kwasniok-spricht-schon-ueber-el-mala-abschied-68f3da16d38f654f09d26d1c\" rel=\"nofollow noopener\" target=\"_blank\"><img decoding=\"async\" width=\"992\" height=\"558\" alt=\"Nach Augsburg-Spiel: Kwasniok spricht schon \u00fcber El-Mala-Abschied.\" src=\"https:\/\/www.europesays.com\/de\/wp-content\/uploads\/2025\/10\/9543dff27497f15e0c29befe7ca85a7e,a672eae4\"   class=\"landscape teaser__image\" loading=\"lazy\"\/><\/a><\/p>\n<p>Quelle: 1. FC K\u00f6ln18.10.2025<\/p>\n<p><b>Kwasniok erkl\u00e4rt, was er damit sagen will: \u201eDas ist das sch\u00f6ne: Said und sein Umfeld verstehen das. Es bringt nichts, nur Highlights zu setzen, aber insgesamt der Mannschaft nicht zu helfen. Bei allem Respekt f\u00fcr Said: Kaminski ist nicht so ein absoluter Highlight-Spieler, ist aber zwei, drei Klassen weiter und wertvoller f\u00fcr die Mannschaft. Deshalb ist es unsere Aufgabe, ihn dahin zu bringen, wo Kaminski jetzt mit Anfang 20 ist.\u201c<\/b><\/p>\n<p><img decoding=\"async\" width=\"992\" height=\"558\" alt=\"FC-Coach Lukas Kwasniok (44\/r.) gibt Said El Mala (19\/l.) und Marius B\u00fclter (32) taktische Anweisungen\" src=\"https:\/\/www.europesays.com\/de\/wp-content\/uploads\/2025\/10\/16e6710db89e69001f3c2ef9a57e23a3,42e7e483\"   class=\"landscape\" loading=\"lazy\"\/><\/p>\n<p class=\"fig__caption__text\">FC-Coach Lukas Kwasniok (44\/r.) gibt Said El Mala (19\/l.) und Marius B\u00fclter (32) taktische Anweisungen<\/p>\n<p>Foto: Jan Huebner\/Jan Huebner<\/p>\n<p>El Mala ist jetzt schon K\u00f6lns teuerster Star. Sein Marktwert ist seit Sommer von 3 Mio. auf 18 Mio. gestiegen. Der Treffer gegen Augsburg war schon sein 3. Tor im 7. Bundesliga-Spiel.<\/p>\n<p>Kapit\u00e4n Schw\u00e4be: \u201eWir profitieren enorm von ihm\u201c<\/p>\n<p>Auch die Kollegen schw\u00e4rmen! <b>Kapit\u00e4n Marvin Schw\u00e4be (30): <\/b>\u201eWir profitieren enorm von ihm. Ich glaube, dass er gut geerdet ist. Da machen wir uns keine Sorgen.\u201c <b>Dominique Heintz (32): <\/b>\u201eWas soll man da noch sagen? Wir wissen, was er kann. Und er best\u00e4tigt das Woche f\u00fcr Woche.\u201c<\/p>\n<p><b>Fragt sich nur, wie lange El Mala noch f\u00fcr K\u00f6ln zaubert. Sein Vertrag l\u00e4uft bis 2030. Dass er den nicht in K\u00f6ln erf\u00fcllen wird, wei\u00df nicht nur Kwasniok. Klubs aus der Liga (u.a. Bayern, BVB) und dem Ausland haben ihn l\u00e4ngst in den Notizbl\u00f6cken stehen. Bereits letzten Sommer hatte England-Klub Brighton &amp; Hove Albion knapp 20 Mio. Euro geboten (BILD berichtete).<\/b><\/p>\n<p>Augsburg-Trainer Sandro Wagner (37) wollte nicht so viel \u00fcber El Mala sagen: \u201eF\u00fcr uns war er kein Genuss. Es tut gut, wenn man bei jungen Spielern den Ball ein wenig flach h\u00e4lt.\u201c<\/p>\n<p>Hei\u00dfes Ger\u00fccht!: Bayern und das K\u00f6ln-Talent!<a class=\"anchor video-teaser__anchor\" href=\"https:\/\/www.bild.de\/sport\/fussball\/heisses-geruecht-bayern-und-das-koeln-talent-68ea9f83ff70575ab37a0c72\" rel=\"nofollow noopener\" target=\"_blank\"><img decoding=\"async\" width=\"992\" height=\"558\" alt=\"Teaser-Bild\" src=\"https:\/\/www.europesays.com\/de\/wp-content\/uploads\/2025\/10\/42fdbaae1360ec0129f06b82807b9b78-landscape,8c45de59\"   class=\"landscape teaser__image\" loading=\"lazy\"\/><\/a><\/p>\n<p>Quelle: BILD12.10.2025<\/p>\n","protected":false},"excerpt":{"rendered":"N\u00e4chster Baller-Auftritt von Said El Mala (19)! K\u00f6lns Wunder-Junge schie\u00dft den FC als Joker zum 1:1 gegen Augsburg&hellip;\n","protected":false},"author":2,"featured_media":509818,"comment_status":"","ping_status":"","sticky":false,"template":"","format":"standard","meta":{"footnotes":""},"categories":[1828],"tags":[623,1263,299,29,996,538,49571,20184,30,1420,20101,1209,819,45],"class_list":{"0":"post-509817","1":"post","2":"type-post","3":"status-publish","4":"format-standard","5":"has-post-thumbnail","7":"category-koeln","8":"tag-1-fc-koeln","9":"tag-aufmacher-bereich","10":"tag-bundesliga","11":"tag-deutschland","12":"tag-dritte-liga","13":"tag-erste-bundesliga","14":"tag-fc-augsburg-1907","15":"tag-fc-viktoria-koeln","16":"tag-germany","17":"tag-koeln","18":"tag-kwasniok-lukas","19":"tag-nordrhein-westfalen","20":"tag-sport-leuchtturm-essen","21":"tag-texttospeech"},"share_on_mastodon":{"url":"https:\/\/pubeurope.com\/@de\/115398519290441045","error":""},"_links":{"self":[{"href":"https:\/\/www.europesays.com\/de\/wp-json\/wp\/v2\/posts\/509817","targetHints":{"allow":["GET"]}}],"collection":[{"href":"https:\/\/www.europesays.com\/de\/wp-json\/wp\/v2\/posts"}],"about":[{"href":"https:\/\/www.europesays.com\/de\/wp-json\/wp\/v2\/types\/post"}],"author":[{"embeddable":true,"href":"https:\/\/www.europesays.com\/de\/wp-json\/wp\/v2\/users\/2"}],"replies":[{"embeddable":true,"href":"https:\/\/www.europesays.com\/de\/wp-json\/wp\/v2\/comments?post=509817"}],"version-history":[{"count":0,"href":"https:\/\/www.europesays.com\/de\/wp-json\/wp\/v2\/posts\/509817\/revisions"}],"wp:featuredmedia":[{"embeddable":true,"href":"https:\/\/www.europesays.com\/de\/wp-json\/wp\/v2\/media\/509818"}],"wp:attachment":[{"href":"https:\/\/www.europesays.com\/de\/wp-json\/wp\/v2\/media?parent=509817"}],"wp:term":[{"taxonomy":"category","embeddable":true,"href":"https:\/\/www.europesays.com\/de\/wp-json\/wp\/v2\/categories?post=509817"},{"taxonomy":"post_tag","embeddable":true,"href":"https:\/\/www.europesays.com\/de\/wp-json\/wp\/v2\/tags?post=509817"}],"curies":[{"name":"wp","href":"https:\/\/api.w.org\/{rel}","templated":true}]}}