{"id":509819,"date":"2025-10-19T02:40:42","date_gmt":"2025-10-19T02:40:42","guid":{"rendered":"https:\/\/www.europesays.com\/de\/509819\/"},"modified":"2025-10-19T02:40:42","modified_gmt":"2025-10-19T02:40:42","slug":"30-jahre-kulturbunt-neuperlach-gefeiert","status":"publish","type":"post","link":"https:\/\/www.europesays.com\/de\/509819\/","title":{"rendered":"30 Jahre KulturBunt Neuperlach gefeiert"},"content":{"rendered":"<p class=\"article-text\">Ein Jubil\u00e4um, das sch\u00f6ner kaum h\u00e4tte sein k\u00f6nnen: Der Verein KulturBunt Neuperlach e.V. feierte k\u00fcrzlich sein 30-j\u00e4hriges Bestehen \u2013 und das mit einem abwechslungsreichen, stimmungsvollen Fest, das das Publikum begeisterte.<br \/>Ein kleiner Sektempfang mit einem liebevoll angerichteten Fingerfood-Buffet von Hasene leitete den offiziellen Teil im Pepper-Theater ein. Den feierlichen Auftakt gestaltete das Ogaro-Duo, welches das Publikum auf eine musikalische Reise von Damaskus \u00fcber Istanbul und Alexandria bis nach Bagdad entf\u00fchrte und f\u00fcr eine gel\u00f6ste Atmosph\u00e4re sorgte. Nach der Begr\u00fc\u00dfung der zahlreichen G\u00e4ste durch Vorst\u00e4ndin Erika Martens folgten die Gru\u00dfworte der Ehreng\u00e4ste:<br \/>Markus Rinderspacher, Vizepr\u00e4sident des Bayerischen Landtags, w\u00fcrdigte die Bedeutung des KulturBunt Neuperlach f\u00fcr das kulturelle Leben im Stadtteil. Er betonte, dass KulturBunt in einer Stadt, die zunehmend von Hochpreisigkeit gepr\u00e4gt ist, zeigt, dass es neben Opernh\u00e4usern und Pinakotheken auch R\u00e4ume braucht, in denen Neues entstehen kann. Mit Blick auf die oft prek\u00e4re Lebensrealit\u00e4t vieler Kunstschaffender lobte er, dass bei KulturBunt der Grundsatz gelebt werde: faire Honorare, nachhaltige Basisf\u00f6rderung und Chancengleichheit f\u00fcr alle Kulturschaffenden \u2013 unabh\u00e4ngig von Herkunft, Kontakten oder Status. Besonders hob er das Jahresprojekt Neuperlach 2324 hervor. Dieses habe gezeigt, wie Stadtteilkultur Reflexion, Feiern und Zukunftsgestaltung vereinen kann.<br \/>David S\u00fc\u00df, M\u00fcnchner Stadtrat (Gr\u00fcne\/Rosa Liste), betonte die integrative Kraft der Stadtteilkultur. Er hob hervor, dass KulturBunt einen wichtigen Beitrag zur kulturellen Vielfalt in Neuperlach leiste und es gelinge, Menschen bei allen Unterschieden miteinander zu verbinden. \u201eKulturBunt hat das Bunt schon im Namen\u201c, so S\u00fc\u00df, \u201eund dieses Bunt steht f\u00fcr das Zusammenkommen verschiedener Generationen, Geschlechter, Herk\u00fcnfte, Kulturen, Sprachen und Lebensweisen.\u201c<br \/>Thomas Kauer, Vorsitzender des Bezirksausschusses 16, unterstrich die langj\u00e4hrige und vertrauensvolle Zusammenarbeit zwischen dem Bezirksausschuss 16 und KulturBunt Neuperlach. Er betonte, dass erfolgreiche Kulturarbeit im Stadtteil Pragmatismus, Leidenschaft und Freude an Vielfalt erfordere. Zugleich bedauerte er, dass Neuperlach noch immer kein dauerhaftes Kulturhaus besitze und man sich weiterhin mit provisorischen L\u00f6sungen behelfen m\u00fcsse.<br \/>Im Anschluss zog das Publikum weiter zum Wohnring bei den ZAK-H\u00fctten am Theodor-Heuss-Platz, wo auf der mobilen B\u00fchne Hoodmove 16 die Unterbiberger Hofmusik mit ihren bayerisch-t\u00fcrkischen Musikst\u00fccken das Publikum zum Mitwippen brachte. Danach begeisterten The Ukelites mit einem Konzert, das ebenso gro\u00dfen Zuspruch fand.<br \/>Ab 20 Uhr verlagerte sich das Fest ins Kulturhaus Neuperlach. Dort sorgten die Old Perlach Roofstompers, die bereits im alten Kulturhaus am Hanns-Seidl-Platz regelm\u00e4\u00dfig aufgetreten waren, mit flottem Dixieland-Sound f\u00fcr beste Stimmung. Im Anschluss heizten die DJs Wolforreal und Lausbuamsound dem Publikum noch einmal kr\u00e4ftig ein \u2013 ein ausgelassener Abschluss eines rundum gelungenen Jubil\u00e4umstags.<br \/>Ein Fest, das die Vielfalt, Herzlichkeit und Lebendigkeit Neuperlachs auf einzigartige Weise widerspiegelte. Auf die n\u00e4chsten 30 Jahre KulturBunt Neuperlach e.V.!<\/p>\n","protected":false},"excerpt":{"rendered":"Ein Jubil\u00e4um, das sch\u00f6ner kaum h\u00e4tte sein k\u00f6nnen: Der Verein KulturBunt Neuperlach e.V. feierte k\u00fcrzlich sein 30-j\u00e4hriges Bestehen&hellip;\n","protected":false},"author":2,"featured_media":509820,"comment_status":"","ping_status":"","sticky":false,"template":"","format":"standard","meta":{"footnotes":""},"categories":[1827],"tags":[772,29,30,2489,1268,6534],"class_list":{"0":"post-509819","1":"post","2":"type-post","3":"status-publish","4":"format-standard","5":"has-post-thumbnail","7":"category-muenchen","8":"tag-bayern","9":"tag-deutschland","10":"tag-germany","11":"tag-kirche-gesellschaft","12":"tag-muenchen","13":"tag-neuperlach"},"share_on_mastodon":{"url":"https:\/\/pubeurope.com\/@de\/115398523211179585","error":""},"_links":{"self":[{"href":"https:\/\/www.europesays.com\/de\/wp-json\/wp\/v2\/posts\/509819","targetHints":{"allow":["GET"]}}],"collection":[{"href":"https:\/\/www.europesays.com\/de\/wp-json\/wp\/v2\/posts"}],"about":[{"href":"https:\/\/www.europesays.com\/de\/wp-json\/wp\/v2\/types\/post"}],"author":[{"embeddable":true,"href":"https:\/\/www.europesays.com\/de\/wp-json\/wp\/v2\/users\/2"}],"replies":[{"embeddable":true,"href":"https:\/\/www.europesays.com\/de\/wp-json\/wp\/v2\/comments?post=509819"}],"version-history":[{"count":0,"href":"https:\/\/www.europesays.com\/de\/wp-json\/wp\/v2\/posts\/509819\/revisions"}],"wp:featuredmedia":[{"embeddable":true,"href":"https:\/\/www.europesays.com\/de\/wp-json\/wp\/v2\/media\/509820"}],"wp:attachment":[{"href":"https:\/\/www.europesays.com\/de\/wp-json\/wp\/v2\/media?parent=509819"}],"wp:term":[{"taxonomy":"category","embeddable":true,"href":"https:\/\/www.europesays.com\/de\/wp-json\/wp\/v2\/categories?post=509819"},{"taxonomy":"post_tag","embeddable":true,"href":"https:\/\/www.europesays.com\/de\/wp-json\/wp\/v2\/tags?post=509819"}],"curies":[{"name":"wp","href":"https:\/\/api.w.org\/{rel}","templated":true}]}}