{"id":509827,"date":"2025-10-19T02:44:11","date_gmt":"2025-10-19T02:44:11","guid":{"rendered":"https:\/\/www.europesays.com\/de\/509827\/"},"modified":"2025-10-19T02:44:11","modified_gmt":"2025-10-19T02:44:11","slug":"berlin-brandenburg-museen-laden-zum-tag-der-restaurierung-ein","status":"publish","type":"post","link":"https:\/\/www.europesays.com\/de\/509827\/","title":{"rendered":"Berlin &#038; Brandenburg: Museen laden zum Tag der Restaurierung ein"},"content":{"rendered":"<p>                    Berlin &amp; Brandenburg<br \/>\n                Museen laden zum Tag der Restaurierung ein<\/p>\n<p>\t\t\t\t              19.10.2025, 04:04 Uhr<\/p>\n<p><strong>Wie werden Gem\u00e4lde, Instrumente und Handschriften f\u00fcr kommende Generationen bewahrt? Berliner Museen geben beim Tag der Restaurierung Einblicke in ihre Werkst\u00e4tten.<\/strong><\/p>\n<p>Berlin (dpa\/bb) &#8211; Etliche Berliner Museen der Stiftung Preu\u00dfischer Kulturbesitz lassen sich am Europ\u00e4ischen Tag der Restaurierung hinter die Kulissen schauen. Bei der Stiftung sind rund 130 Restauratorinnen und Restauratoren damit besch\u00e4ftigt, wertvolle Kulturg\u00fcter zu erhalten.\u00a0<\/p>\n<p>Mit der Arbeit der Spezialisten k\u00f6nnen sich Besucher unter anderem in den Restaurierungsateliers der Gem\u00e4ldegalerie, des Kupferstichkabinetts und der Kunstbibliothek vertraut machen. Das gilt nach Angaben der Stiftung genauso f\u00fcr den Hamburger Bahnhof mit dem Museum f\u00fcr Gegenwartskunst und das Humboldt Forum. Geplant sind etliche Veranstaltungen aus diesem Anlass.\u00a0<\/p>\n<p>F\u00fchrungen durch ihre Werkst\u00e4tten bieten auch das Musikinstrumenten-Museum und die Staatsbibliothek an, etwa zur Erhaltung von Instrumenten f\u00fcr zuk\u00fcnftige Generationen oder zu Handschriften auf au\u00dfergew\u00f6hnlichen Materialien wie Palmblatt oder Birkenrinde.<\/p>\n<p>Die Arbeit von Restauratoren hat viele Facetten<\/p>\n<p>Das Aufgabenspektrum der Fachleute ist breit: Sie erforschen Herstellungstechniken und entwickeln Konservierungsmethoden. Sie sind aber auch f\u00fcr geeignete Rahmenbedingungen bei Lagerung, Transport und beim Ausstellen von Kulturg\u00fctern zust\u00e4ndig. Der Tag der Restaurierung ist der Stiftung zufolge eine gute Gelegenheit, ihr Arbeitsgebiet kennenzulernen.<\/p>\n<p>Das Standardticket f\u00fcr die Museen am Kulturforum in Berlin-Tiergarten kostet 12 Euro, der Eintritt in den Hamburger Bahnhof 16, der ins Humboldt Forum 14, der ins Musikinstrumenten-Museum 10 Euro. Die Veranstaltungen in der Staatsbibliothek sind den Angaben zufolge kostenfrei.<\/p>\n","protected":false},"excerpt":{"rendered":"Berlin &amp; Brandenburg Museen laden zum Tag der Restaurierung ein 19.10.2025, 04:04 Uhr Wie werden Gem\u00e4lde, Instrumente und&hellip;\n","protected":false},"author":2,"featured_media":509828,"comment_status":"","ping_status":"","sticky":false,"template":"","format":"standard","meta":{"footnotes":""},"categories":[1816],"tags":[1960,1958,1959,1957,296,1956,1890,29,30,2147,68561,1781],"class_list":{"0":"post-509827","1":"post","2":"type-post","3":"status-publish","4":"format-standard","5":"has-post-thumbnail","7":"category-brandenburg","8":"tag-aktuelle-nachrichten-aus-berlin-und-brandenburg","9":"tag-aktuelle-nachrichten-aus-brandenburg","10":"tag-aktuelle-news-aus-berlin-und-brandenburg","11":"tag-aktuelle-news-aus-brandenburg","12":"tag-berlin","13":"tag-berlin-und-brandenburg","14":"tag-brandenburg","15":"tag-deutschland","16":"tag-germany","17":"tag-museen","18":"tag-restaurierung","19":"tag-tag"},"share_on_mastodon":{"url":"https:\/\/pubeurope.com\/@de\/115398538955775040","error":""},"_links":{"self":[{"href":"https:\/\/www.europesays.com\/de\/wp-json\/wp\/v2\/posts\/509827","targetHints":{"allow":["GET"]}}],"collection":[{"href":"https:\/\/www.europesays.com\/de\/wp-json\/wp\/v2\/posts"}],"about":[{"href":"https:\/\/www.europesays.com\/de\/wp-json\/wp\/v2\/types\/post"}],"author":[{"embeddable":true,"href":"https:\/\/www.europesays.com\/de\/wp-json\/wp\/v2\/users\/2"}],"replies":[{"embeddable":true,"href":"https:\/\/www.europesays.com\/de\/wp-json\/wp\/v2\/comments?post=509827"}],"version-history":[{"count":0,"href":"https:\/\/www.europesays.com\/de\/wp-json\/wp\/v2\/posts\/509827\/revisions"}],"wp:featuredmedia":[{"embeddable":true,"href":"https:\/\/www.europesays.com\/de\/wp-json\/wp\/v2\/media\/509828"}],"wp:attachment":[{"href":"https:\/\/www.europesays.com\/de\/wp-json\/wp\/v2\/media?parent=509827"}],"wp:term":[{"taxonomy":"category","embeddable":true,"href":"https:\/\/www.europesays.com\/de\/wp-json\/wp\/v2\/categories?post=509827"},{"taxonomy":"post_tag","embeddable":true,"href":"https:\/\/www.europesays.com\/de\/wp-json\/wp\/v2\/tags?post=509827"}],"curies":[{"name":"wp","href":"https:\/\/api.w.org\/{rel}","templated":true}]}}