{"id":509839,"date":"2025-10-19T02:50:16","date_gmt":"2025-10-19T02:50:16","guid":{"rendered":"https:\/\/www.europesays.com\/de\/509839\/"},"modified":"2025-10-19T02:50:16","modified_gmt":"2025-10-19T02:50:16","slug":"andrea-bergs-auftritt-enttaeuscht-zuschauer","status":"publish","type":"post","link":"https:\/\/www.europesays.com\/de\/509839\/","title":{"rendered":"Andrea Bergs Auftritt entt\u00e4uscht Zuschauer"},"content":{"rendered":"<p>&#8222;Helene Fischer lacht&#8220; <\/p>\n<p>Zuschauer entt\u00e4uscht von Andrea Bergs Auftritt bei Silbereisen<\/p>\n<p>Aktualisiert am 19.10.2025 &#8211; 02:38 UhrLesedauer: 2 Min.<\/p>\n<p><a href=\"#focus-0\" class=\"transition-colors duration-200 block text-current relative\" data-sctrack=\"FocusGalleryImage.Reference\"><img fetchpriority=\"high\" data-testid=\"Opener.Image\" style=\"--lqipURL:url('https:\/\/images.t-online.de\/2025\/10\/wCkHeXSSn4ba\/386x161:2843x1599\/fit-in\/150x0\/filters:blur(25)\/andrea-berg-live-bei-einem-konzert-ihrer-party-hits-emotionen-tour-in-der-messehalle-erfurt-20-032025-andrea-berg-live-at-a-concert-of-her-party-hits-emotions-tour-in-the-messehalle-erfurt-20-03-2025-foto-xm-xkremerx-xfutureximagex-berg-5348.jpg')\"   loading=\"eager\" src=\"https:\/\/www.europesays.com\/de\/wp-content\/uploads\/2025\/10\/1760842216_908_andrea-berg-live-bei-einem-konzert-ihrer-party-hits-emotionen-tour-in-der-messehalle-erfurt-20-03202.jpeg\" alt=\"imago images 0807455737\" title=\"imago images 0807455737\" width=\"2843\" height=\"1599\" class=\"bg-[url:var(--lqipURL)] bg-cover bg-center flex h-full w-full max-w-full\" decoding=\"async\"\/><img style=\"--width:32;--height:32\" loading=\"lazy\" src=\"https:\/\/www.t-online.de\/s\/paper\/_next\/static\/media\/zoom-in.f7dae02f.svg\" alt=\"Vergr\u00f6\u00dfern des Bildes\" title=\"Vergr\u00f6\u00dfern des Bildes\" class=\"block h-[calc(var(--height)_\/_16_*_1rem)] w-[calc(var(--width)_\/_16_*_1rem)] max-w-none absolute bottom-8 right-8 rounded-4 bg-snow p-8\" decoding=\"async\"\/><\/a><\/p>\n<p>Andrea Berg: Am Samstagabend stand sie bei Florian Silbereisen auf der B\u00fchne. (Quelle: IMAGO\/Michael Kremer\/imago)<\/p>\n<p class=\"font-bold text-18 leading-17\">Andrea Berg wollte beim &#8222;Schlagerbooom&#8220; mit ihrem Auftritt f\u00fcr ein Highlight sorgen. Doch die Zuschauer zeigten sich wenig beeindruckt.<\/p>\n<p class=\"text-18 leading-17\">W\u00e4hrend die meisten G\u00e4ste nur einen Song performten, durfte die 59-J\u00e4hrige gleich mehrere Lieder singen. Zudem hatte sich die S\u00e4ngerin f\u00fcr ihren Auftritt etwas ganz Besonderes \u00fcberlegt \u2013 und Florian Silbereisen wurde nicht m\u00fcde, zu erw\u00e4hnen, wie aufregend ihre zweite Performance sein wird.<\/p>\n<p class=\"text-18 leading-17\">Nachdem Andrea Berg ihren Song &#8222;N\u00e4chstes Mal sag ich dann Nein&#8220; performte, sagte der Gastgeber der Show: &#8222;Sie hat Ja gesagt zum &#8218;Schlagerboom&#8216;. [\u2026] Und du hast auch Ja gesagt zu einem sehr, sehr spektakul\u00e4ren Auftritt, der uns jetzt unmittelbar bevorsteht.&#8220; Doch erst musste die Musikerin noch ein paar Fragen beantworten.<\/p>\n<p class=\"text-18 leading-17\">Dann kam Silbereisen nochmal auf ihre zweite Performance zu sprechen: &#8222;Liebe Andrea, jetzt haben wir in den letzten Wochen und Monaten gemeinsam mit dir einen wirklich so spektakul\u00e4ren Auftritt geplant, wie wir ihn selbst hier beim &#8218;Schlagerbooom&#8216; noch nie erlebt haben. Bist du so langsam bereit daf\u00fcr? K\u00f6nnen wir loslegen?&#8220;<\/p>\n<p class=\"text-18 leading-17\">Nun kam auch Andrea Berg in Fahrt und erw\u00e4hnte, wie aufregend ihr Auftritt sein wird. &#8222;Es wird wirklich spektakul\u00e4r. Mir zittern schon ein bisschen die Knie.&#8220; Dann ging es f\u00fcr die Schlagers\u00e4ngerin zur\u00fcck auf die B\u00fchne. W\u00e4hrend sie ihren Hit &#8222;Hallo Houston&#8220; sang, ging es f\u00fcr die Musikerin mit einem Kran in die Luft.<\/p>\n<p class=\"text-18 leading-17\">Die Zuschauer zeigten sich entt\u00e4uscht. &#8222;So spektakul\u00e4r angek\u00fcndigt und dann schwebt Andrea Berg nur zwei Meter \u00fcber dem Boden? <a class=\"transition-colors duration-200 cursor-pointer text-inherit no-underline text-salemsfur md:hover:text-magenta md:hover:border-magenta md:focus:text-magenta border-current border-b border-solid break-words\" href=\"https:\/\/www.t-online.de\/themen\/helene-fischer\/\" data-sctrack=\"BodyAnchor\" target=\"_blank\" rel=\"noopener\">Helene Fischer<\/a> lacht&#8220;, kommentierte jemand auf X. Die &#8222;Atemlos&#8220;-Interpretin ist f\u00fcr ihre aufwendigen B\u00fchnenshows bekannt. &#8222;Springt sie in die Menge oder was ist jetzt spektakul\u00e4r?&#8220;, fragte ein anderer. &#8222;Wann f\u00e4ngt spektakul\u00e4r an?&#8220;, wollte ein weiterer Nutzer wissen.<\/p>\n<p class=\"text-18 leading-17\">Sp\u00e4ter wurde der Kran auch von Jimmy Kelly genutzt. Genau wie Andrea Berg schwebte er \u00fcber dem Publikum. Doch dort wurde kein einziges Mal erw\u00e4hnt, wie spektakul\u00e4r sein Auftritt sein wird.<\/p>\n","protected":false},"excerpt":{"rendered":"&#8222;Helene Fischer lacht&#8220; Zuschauer entt\u00e4uscht von Andrea Bergs Auftritt bei Silbereisen Aktualisiert am 19.10.2025 &#8211; 02:38 UhrLesedauer: 2&hellip;\n","protected":false},"author":2,"featured_media":509840,"comment_status":"","ping_status":"","sticky":false,"template":"","format":"standard","meta":{"footnotes":""},"categories":[1776],"tags":[67886,223,1801,29,214,17942,30,24608,8659,29871,13991,1802,10767,215],"class_list":{"0":"post-509839","1":"post","2":"type-post","3":"status-publish","4":"format-standard","5":"has-post-thumbnail","7":"category-prominente","8":"tag-andrea-berg","9":"tag-ard","10":"tag-celebrities","11":"tag-deutschland","12":"tag-entertainment","13":"tag-florian-silbereisen","14":"tag-germany","15":"tag-helene-fischer","16":"tag-highlight","17":"tag-howard-carpendale","18":"tag-maite-kelly","19":"tag-prominente","20":"tag-roland-kaiser","21":"tag-unterhaltung"},"share_on_mastodon":{"url":"https:\/\/pubeurope.com\/@de\/115398563182923379","error":""},"_links":{"self":[{"href":"https:\/\/www.europesays.com\/de\/wp-json\/wp\/v2\/posts\/509839","targetHints":{"allow":["GET"]}}],"collection":[{"href":"https:\/\/www.europesays.com\/de\/wp-json\/wp\/v2\/posts"}],"about":[{"href":"https:\/\/www.europesays.com\/de\/wp-json\/wp\/v2\/types\/post"}],"author":[{"embeddable":true,"href":"https:\/\/www.europesays.com\/de\/wp-json\/wp\/v2\/users\/2"}],"replies":[{"embeddable":true,"href":"https:\/\/www.europesays.com\/de\/wp-json\/wp\/v2\/comments?post=509839"}],"version-history":[{"count":0,"href":"https:\/\/www.europesays.com\/de\/wp-json\/wp\/v2\/posts\/509839\/revisions"}],"wp:featuredmedia":[{"embeddable":true,"href":"https:\/\/www.europesays.com\/de\/wp-json\/wp\/v2\/media\/509840"}],"wp:attachment":[{"href":"https:\/\/www.europesays.com\/de\/wp-json\/wp\/v2\/media?parent=509839"}],"wp:term":[{"taxonomy":"category","embeddable":true,"href":"https:\/\/www.europesays.com\/de\/wp-json\/wp\/v2\/categories?post=509839"},{"taxonomy":"post_tag","embeddable":true,"href":"https:\/\/www.europesays.com\/de\/wp-json\/wp\/v2\/tags?post=509839"}],"curies":[{"name":"wp","href":"https:\/\/api.w.org\/{rel}","templated":true}]}}