{"id":509853,"date":"2025-10-19T02:58:12","date_gmt":"2025-10-19T02:58:12","guid":{"rendered":"https:\/\/www.europesays.com\/de\/509853\/"},"modified":"2025-10-19T02:58:12","modified_gmt":"2025-10-19T02:58:12","slug":"limp-bizkit-bassist-gestorben-sam-rivers-wurde-nur-48-unterhaltung","status":"publish","type":"post","link":"https:\/\/www.europesays.com\/de\/509853\/","title":{"rendered":"Limp Bizkit Bassist gestorben: Sam Rivers wurde nur 48 | Unterhaltung"},"content":{"rendered":"<p><b>Sam Rivers, langj\u00e4hriger Bassist der Nu-Metal-Band Limp Bizkit, ist im Alter von 48 Jahren gestorben. Das gab seine Band am Samstag bekannt.<\/b><\/p>\n<p>Auf <a href=\"https:\/\/www.instagram.com\/p\/DP-BwbbCQdT\/?hl=de\" rel=\"noopener nofollow\" class=\"text-link--external text-link\" target=\"_blank\">Instagram<\/a> schrieb Limp Bizkit am Samstagabend (Ortszeit): \u201eHeute haben wir unseren Bruder verloren. Unser Bandmitglied. Unser Herzschlag.\u201c Die Todesursache ist bislang nicht bekannt.<\/p>\n<p>Rivers war Gr\u00fcndungsmitglied von <a href=\"https:\/\/www.bild.de\/unterhaltung\/stars-und-leute\/fred-durst-limp-bizkit-star-haarig-wie-nie-67dc22e97de6aa74838620bb\" class=\"text-link\" rel=\"nofollow noopener\" target=\"_blank\">Limp Bizkit<\/a>. 2015 verlie\u00df er vor\u00fcbergehend die Gruppe, kehrte 2018 zur\u00fcck. Der Grund war eine Lebererkrankung aufgrund seines damaligen exzessiven Alkoholkonsums. Er erhielt eine <a href=\"https:\/\/www.bild.de\/themen\/specials\/organspende\/ratgeber-gesundheit-news-fotos-videos-19687348.bild.html\" class=\"text-link\" rel=\"nofollow noopener\" target=\"_blank\">Organspende<\/a>.<\/p>\n<p><img decoding=\"async\" width=\"992\" height=\"558\" alt=\"Mit Limp Bizkit (hier S\u00e4nger Fred Durst) wurde Sam Rivers weltbekannt\" src=\"https:\/\/www.europesays.com\/de\/wp-content\/uploads\/2025\/10\/2d4af314c93c596bbab2360034f38ffd,29c99104\"   class=\"landscape\" loading=\"lazy\"\/><\/p>\n<p class=\"fig__caption__text\">Mit Limp Bizkit (hier S\u00e4nger Fred Durst) wurde Sam Rivers weltbekannt<\/p>\n<p>Foto: WireImage<\/p>\n<p>Mit seinem wuchtigen, zugleich groovenden Bass pr\u00e4gte er den Sound einer ganzen Generation. Auf Alben wie \u201eSignificant Other\u201c und \u201eChocolate Starfish and the Hot Dog Flavored Water\u201c verschmolz er Funk, <a href=\"https:\/\/www.bild.de\/themen\/specials\/heavy-metal-aktuelle-news-und-infos-zEGTK52SiVzOJvDs0sKA\" class=\"text-link\" rel=\"nofollow noopener\" target=\"_blank\">Metal<\/a> und Hip-Hop zu jenem pulsierenden Fundament, das Limp Bizkit weltber\u00fchmt machte. Abseits der B\u00fchne galt Rivers als stiller, sensibler Musiker.<\/p>\n<p><b>Die Band: \u201eWir haben so viele Momente geteilt \u2013 wilde, leise, wundersch\u00f6ne \u2013 und jeder einzelne war bedeutender, weil Sam dabei war. Er war ein Mensch, wie es ihn nur einmal im Leben gibt. Eine wahre Legende unter Legenden. Und sein Geist wird weiterleben \u2013 in jedem Groove, auf jeder B\u00fchne, in jeder Erinnerung.\u201c<\/b><\/p>\n<p>Mehr zum Thema<script async src=\"\/\/www.instagram.com\/embed.js\"><\/script><\/p>\n","protected":false},"excerpt":{"rendered":"Sam Rivers, langj\u00e4hriger Bassist der Nu-Metal-Band Limp Bizkit, ist im Alter von 48 Jahren gestorben. Das gab seine&hellip;\n","protected":false},"author":2,"featured_media":509854,"comment_status":"","ping_status":"","sticky":false,"template":"","format":"standard","meta":{"footnotes":""},"categories":[155],"tags":[29,214,30,115536,3969,9668,10909,45,3259,215],"class_list":{"0":"post-509853","1":"post","2":"type-post","3":"status-publish","4":"format-standard","5":"has-post-thumbnail","7":"category-unterhaltung","8":"tag-deutschland","9":"tag-entertainment","10":"tag-germany","11":"tag-limp-bizkit","12":"tag-metal","13":"tag-musiker","14":"tag-organspende","15":"tag-texttospeech","16":"tag-tod","17":"tag-unterhaltung"},"share_on_mastodon":{"url":"https:\/\/pubeurope.com\/@de\/115398594071389907","error":""},"_links":{"self":[{"href":"https:\/\/www.europesays.com\/de\/wp-json\/wp\/v2\/posts\/509853","targetHints":{"allow":["GET"]}}],"collection":[{"href":"https:\/\/www.europesays.com\/de\/wp-json\/wp\/v2\/posts"}],"about":[{"href":"https:\/\/www.europesays.com\/de\/wp-json\/wp\/v2\/types\/post"}],"author":[{"embeddable":true,"href":"https:\/\/www.europesays.com\/de\/wp-json\/wp\/v2\/users\/2"}],"replies":[{"embeddable":true,"href":"https:\/\/www.europesays.com\/de\/wp-json\/wp\/v2\/comments?post=509853"}],"version-history":[{"count":0,"href":"https:\/\/www.europesays.com\/de\/wp-json\/wp\/v2\/posts\/509853\/revisions"}],"wp:featuredmedia":[{"embeddable":true,"href":"https:\/\/www.europesays.com\/de\/wp-json\/wp\/v2\/media\/509854"}],"wp:attachment":[{"href":"https:\/\/www.europesays.com\/de\/wp-json\/wp\/v2\/media?parent=509853"}],"wp:term":[{"taxonomy":"category","embeddable":true,"href":"https:\/\/www.europesays.com\/de\/wp-json\/wp\/v2\/categories?post=509853"},{"taxonomy":"post_tag","embeddable":true,"href":"https:\/\/www.europesays.com\/de\/wp-json\/wp\/v2\/tags?post=509853"}],"curies":[{"name":"wp","href":"https:\/\/api.w.org\/{rel}","templated":true}]}}