{"id":509870,"date":"2025-10-19T03:10:43","date_gmt":"2025-10-19T03:10:43","guid":{"rendered":"https:\/\/www.europesays.com\/de\/509870\/"},"modified":"2025-10-19T03:10:43","modified_gmt":"2025-10-19T03:10:43","slug":"filmfestival-braunschweig-hauptpreis-geht-an-sandra-hueller","status":"publish","type":"post","link":"https:\/\/www.europesays.com\/de\/509870\/","title":{"rendered":"Filmfestival Braunschweig: Hauptpreis geht an Sandra H\u00fcller"},"content":{"rendered":"<p>        <img decoding=\"async\" src=\"https:\/\/www.europesays.com\/de\/wp-content\/uploads\/2025\/10\/cesar100.webp\" alt=\"Schauspielerin Sandra H\u00fcller h\u00e4lt eine Rede beim Filmpreis C\u00e9sar.\" title=\"Sandra H\u00fcller l\u00e4dt im Rahmen des Filmfestivals am 15. November zu einem Gespr\u00e4ch ein. | picture alliance \/ abaca | Marechal Aurore\/ABACA\" class=\"responsive\"\/><\/p>\n<p>\n            Stand: 17.10.2025 17:37 Uhr<\/p>\n<p class=\"preface\">Die Schauspielerin Sandra H\u00fcller bekommt in diesem Jahr den Hauptpreis Europa des <a href=\"http:\/\/www.filmfest-braunschweig.de\/\" title=\"Internationales Filmfest Braunschweig\" class=\"js-link-dialog\" data-type=\"external\" target=\"_blank\" rel=\"noopener\">Internationalen Filmfestivals Braunschweig<\/a>. Das teilten die Festivalveranstalter am Donnerstag mit. Die Schauspielerin nimmt den Preis am 15. November im Astor Kino in Braunschweig entgegen.<\/p>\n<p class=\"\">&#8222;Die deutsche Schauspielerin Sandra H\u00fcller ist eine Ausnahmeerscheinung in der europ\u00e4ischen Theater- und Filmlandschaft des 21. Jahrhunderts. Dank ihres Anspruchs, jede Rolle gleicherma\u00dfen intensiv zu interpretieren, schenkt sie ihren Figuren eine einzigartige Pr\u00e4senz&#8220;, hei\u00dft es in der Begr\u00fcndung des Filmfestes. Auch in Hollywood ist Sandra H\u00fcller kein unbekannter Name mehr. F\u00fcr ihre Darstellung einer Frau im Film &#8222;<a href=\"https:\/\/www.ndr.de\/kultur\/film\/tipps\/Anatomie-eines-Falls-Drama-mit-Sandra-Hueller-holt-Drehbuch-Oscar,anatomieeinesfalls100.html\" title=\"&quot;Anatomie eines Falls&quot;: Drama mit Sandra H\u00fcller holt Drehbuch-Oscar\" target=\"_blank\" rel=\"noopener\">Anatomie eines Falles<\/a>&#8222;, die in die Ermittlungen zur ungekl\u00e4rten Todesursache ihres Mannes ger\u00e4t, wurde sie bereits als beste Schauspielerin bei den Oscars und Golden Globes nominiert. Im oscarpr\u00e4mierten Drama &#8222;<a href=\"https:\/\/www.ndr.de\/kultur\/film\/tipps\/Auschwitz-Drama-The-Zone-of-Interest-zeigt-Banalitaet-des-Boesen,zoneofinterest104.html\" title=\"Auschwitz-Drama &quot;The Zone of Interest&quot; zeigt Banalit\u00e4t des B\u00f6sen\" target=\"_blank\" rel=\"noopener\">The Zone of Interest<\/a>&#8220; brillierte sie als Ehefrau von Auschwitz-Kommandant Rudolf H\u00f6\u00df.<\/p>\n<p>    H\u00fcller kommt zum Filmfest Braunschweig<\/p>\n<p class=\"\">Beim Filmfest in Braunschweig werden zu ihren Ehren mehrere Filme mit ihr erneut im Kino gezeigt. Neben &#8222;The Zone of Interest&#8220; und &#8222;Anatomie eines Falles&#8220; auch &#8222;Requiem&#8220;, mit dem sie 2006 ihren Durchbruch als Schauspielerin schaffte und f\u00fcr den sie einen Silbernen B\u00e4ren bei der Berlinale bekam. Zudem &#8222;Toni Erdmann&#8220; (2016), wo sie f\u00fcr ihre Darstellung mit dem Europ\u00e4ischen Filmpreis ausgezeichnet wurde und der ihr erstmals internationale Anerkennung bescherte.<\/p>\n<p class=\"\">Am 15. November wird Sandra H\u00fcller den mit 25.000 Euro dotierten Preis &#8222;Europa&#8220; in <a href=\"https:\/\/www.ndr.de\/nachrichten\/ndrdata\/zensus-braunschweig-bevoelkerung-wohnungen-familie-heizung,zensus382.html\" title=\"Zensus-Daten f\u00fcr Braunschweig\" target=\"_blank\" rel=\"noopener\">Braunschweig<\/a> pers\u00f6nlich entgegennehmen. Im Gespr\u00e4ch mit dem Filmwissenschaftler Daniel Kothenschulte spricht sie \u00fcber ihre schauspielerische Arbeit und ihr Schaffen. Das Braunschweiger Filmfestival l\u00e4uft vom 10. bis 16. November und zeigt in diesem Jahr mehr als 200 Produktionen.<\/p>\n<p>        <img decoding=\"async\" src=\"https:\/\/www.europesays.com\/de\/wp-content\/uploads\/2025\/10\/zoneofinterest108.webp\" alt=\"Eine Familie sitzt an einem Esstisch\" title=\"Familie H\u00f6\u00df mit Sandra H\u00fcller (l) als Hedwig H\u00f6\u00df und Christian Friedel (M) als Rudolf H\u00f6\u00df sitzt am Esstisch in einer Szene des Films &quot;The Zone of Interest&quot;. | picture alliance, Leonine\" class=\"responsive\" loading=\"lazy\"\/><\/p>\n<p>Bei der Oscar-Gala in Hollywood geht \u0130lker \u00c7ataks Drama &#8222;Das Lehrerzimmer&#8220; leer aus. Christopher Nolans Epos &#8222;Oppenheimer&#8220; holt den Oscar als bester Film.<\/p>\n<p>        <img decoding=\"async\" src=\"https:\/\/www.europesays.com\/de\/wp-content\/uploads\/2025\/10\/huellerhoess102.webp\" alt=\"Eine Frau h\u00e4lt ein Baby vor sich und beugt sich \u00fcber ein Blumenbeet.\" title=\"Die Idylle neben der H\u00f6lle: Sandra H\u00fcller als Hedwig H\u00f6\u00df in &quot;The Zone of Interest&quot;. | picture alliance, ASSOCIATED PRESS | Uncredited\" class=\"responsive\" loading=\"lazy\"\/><\/p>\n<p>Der zweifach Oscar-pr\u00e4mierte Film ist das absolute Gegenteil von aufkl\u00e4renden Spielfilmen mit Gut-und-B\u00f6se-Schema. Das macht ihn so eindr\u00fccklich.<\/p>\n<p>        <img decoding=\"async\" src=\"https:\/\/www.europesays.com\/de\/wp-content\/uploads\/2025\/10\/filmfestivalbraunschweig108.webp\" alt=\"Udo Kier w\u00e4hrend der Preisgala in Braunschweig\" title=\"Udo Kier w\u00e4hrend der Preisgala in Braunschweig | Internationale Filmfestival Braunschweig, Carisma Jan Harenberg\" class=\"responsive\" loading=\"lazy\"\/><\/p>\n<p>Bei der 38. Ausgabe des Filmfestes gewinnen die franz\u00f6sische Produktion &#8222;Block Pass&#8220; und die irische Regisseurin Claire Dix die Hauptpreise.<\/p>\n<p>        <img decoding=\"async\" src=\"https:\/\/www.europesays.com\/de\/wp-content\/uploads\/2025\/08\/regionalbs100.webp\" alt=\"Der Braunschweiger Dom von oben.\" title=\"Der Braunschweiger Dom von oben. | NDR, Julius Matuschik\" class=\"responsive\" loading=\"lazy\"\/><\/p>\n<p>\n                                    8 Min<\/p>\n<p>Was in Ihrer Region wichtig ist, h\u00f6ren Sie in dem Mitschnitt der 15.00 Uhr Regional-Nachrichten auf NDR 1 Niedersachsen.<\/p>\n<p>Dieses Thema im Programm:<\/p>\n<p>                NDR 1 Niedersachsen | Regional Braunschweig | 17.10.2025 | 06:30 Uhr<\/p>\n","protected":false},"excerpt":{"rendered":"Stand: 17.10.2025 17:37 Uhr Die Schauspielerin Sandra H\u00fcller bekommt in diesem Jahr den Hauptpreis Europa des Internationalen Filmfestivals&hellip;\n","protected":false},"author":2,"featured_media":509871,"comment_status":"","ping_status":"","sticky":false,"template":"","format":"standard","meta":{"footnotes":""},"categories":[1850],"tags":[590,6429,3364,29,548,663,3934,11548,3184,30,13,683,95,14,15,1411,8718,19879,12],"class_list":{"0":"post-509870","1":"post","2":"type-post","3":"status-publish","4":"format-standard","5":"has-post-thumbnail","7":"category-braunschweig","8":"tag-aktuell","9":"tag-braunschweig","10":"tag-de","11":"tag-deutschland","12":"tag-eu","13":"tag-europa","14":"tag-europe","15":"tag-filme","16":"tag-filmfestival","17":"tag-germany","18":"tag-headlines","19":"tag-hollywood","20":"tag-kino","21":"tag-nachrichten","22":"tag-news","23":"tag-niedersachsen","24":"tag-preisverleihung","25":"tag-sandra-hueller","26":"tag-schlagzeilen"},"share_on_mastodon":{"url":"https:\/\/pubeurope.com\/@de\/115398642060716189","error":""},"_links":{"self":[{"href":"https:\/\/www.europesays.com\/de\/wp-json\/wp\/v2\/posts\/509870","targetHints":{"allow":["GET"]}}],"collection":[{"href":"https:\/\/www.europesays.com\/de\/wp-json\/wp\/v2\/posts"}],"about":[{"href":"https:\/\/www.europesays.com\/de\/wp-json\/wp\/v2\/types\/post"}],"author":[{"embeddable":true,"href":"https:\/\/www.europesays.com\/de\/wp-json\/wp\/v2\/users\/2"}],"replies":[{"embeddable":true,"href":"https:\/\/www.europesays.com\/de\/wp-json\/wp\/v2\/comments?post=509870"}],"version-history":[{"count":0,"href":"https:\/\/www.europesays.com\/de\/wp-json\/wp\/v2\/posts\/509870\/revisions"}],"wp:featuredmedia":[{"embeddable":true,"href":"https:\/\/www.europesays.com\/de\/wp-json\/wp\/v2\/media\/509871"}],"wp:attachment":[{"href":"https:\/\/www.europesays.com\/de\/wp-json\/wp\/v2\/media?parent=509870"}],"wp:term":[{"taxonomy":"category","embeddable":true,"href":"https:\/\/www.europesays.com\/de\/wp-json\/wp\/v2\/categories?post=509870"},{"taxonomy":"post_tag","embeddable":true,"href":"https:\/\/www.europesays.com\/de\/wp-json\/wp\/v2\/tags?post=509870"}],"curies":[{"name":"wp","href":"https:\/\/api.w.org\/{rel}","templated":true}]}}