{"id":509874,"date":"2025-10-19T03:12:15","date_gmt":"2025-10-19T03:12:15","guid":{"rendered":"https:\/\/www.europesays.com\/de\/509874\/"},"modified":"2025-10-19T03:12:15","modified_gmt":"2025-10-19T03:12:15","slug":"infos-zu-spendenaktion-in-herten","status":"publish","type":"post","link":"https:\/\/www.europesays.com\/de\/509874\/","title":{"rendered":"Infos zu Spendenaktion in Herten"},"content":{"rendered":"<p>\t\tWeihnachten im Schuhkarton<br \/>\n\t\t\t\t\tInfos zur Spendenaktion in Herten von Annahmestellen bis Zeitraum<\/p>\n<p>    <a href=\"https:\/\/www.hertener-allgemeine.de\/wp-content\/uploads\/2025\/10\/15\/11\/630_0900_5173558_-1648x824.jpg\" target=\"_blank\" rel=\"noopener\"><\/p>\n<p>            <img loading=\"lazy\" decoding=\"async\" src=\"https:\/\/www.europesays.com\/de\/wp-content\/uploads\/2025\/10\/630_0900_5173555_-640x428.jpg\" width=\"640\" height=\"428\"  alt=\"Ein Kind h\u00e4lt einen Karton der Aktion in den H\u00e4nden.\"\/><\/p>\n<p>    <\/a><br \/>\n    \u201eWenn die Kinder ihre P\u00e4ckchen \u00f6ffnen, sieht man Staunen, Freude und Dankbarkeit \u2013 das ist unbezahlbar\u201c, sagt Henning Sterzel, der 2017 selbst an einer Verteilerreise in Moldawien teilnahm. \u00a9 David Vogt<\/p>\n<p class=\"article__teaser-text\">\u201eWeihnachten im Schuhkarton\u201c ist wieder gestartet. Es werden P\u00e4ckchen f\u00fcr Kinder in Not gesammelt &#8211; hier gibt es alle Infos zur Spendenaktion in Herten.<\/p>\n<p>1 Min Lesezeit<\/p>\n<p>Die Geschenkaktion \u201eWeihnachten im Schuhkarton\u201c ist in die neue Saison gestartet. Ziel der christlichen Hilfsorganisation Samaritan\u2019s Purse ist es, Kindern in Not ein Zeichen der Hoffnung zu schenken. F\u00fcr die Region koordiniert Henning Sterzel von der Evangelischen Freikirche in Marl-H\u00fcls die Aktion seit \u00fcber 15 Jahren. \u201eJedes liebevoll gepackte P\u00e4ckchen zeigt einem Kind: Du bist nicht vergessen\u201c, sagt er.<\/p>\n<p>\t\t<a href=\"https:\/\/www.hertener-allgemeine.de\/herten\/frank-goosen-kommt-nach-herten-kabarett-musik-und-humor-fuer-einen-brunnen-bau-in-kenia-w1081272-8001095307\/\" rel=\"nofollow noopener\" aria-hidden=\"true\" tabindex=\"-1\" title=\"Frank Goosen kommt nach Herten Kabarett, Musik und Humor f\u00fcr einen Brunnen-Bau in Kenia\" aria-label=\"Frank Goosen kommt nach Herten Kabarett, Musik und Humor f\u00fcr einen Brunnen-Bau in Kenia\" target=\"_blank\"><\/p>\n<p>                <img decoding=\"async\" src=\"https:\/\/www.europesays.com\/de\/wp-content\/uploads\/2025\/10\/630_0863_1081272_Frank_Goosen_liest_in_Herten630_0900_5070760_-160x160.jpg\"  width=\"160\" height=\"160\" alt=\"Portr\u00e4tfoto von Frank Goosen.\" loading=\"lazy\"\/><\/p>\n<p>\t\t<\/a><\/p>\n<p>Mitmachen ist einfach: Ein festlich gestalteter Schuhkarton wird mit neuen Geschenken wie Spielzeug, Schulmaterial, Hygieneartikeln, Kleidung und einer pers\u00f6nlichen Botschaft gef\u00fcllt \u2013 f\u00fcr Kinder im Alter von 2 bis 4, 5 bis 9 oder 10 bis 14 Jahren. Die Abgabewoche l\u00e4uft vom 10. bis 17. November. In <a target=\"_blank\" href=\"https:\/\/www.hertener-allgemeine.de\/\" data-imported=\"1\" rel=\"noopener\">Herten<\/a> sind Odek auf der Kirchstra\u00dfe und Strecker an der Kaiserstra\u00dfe Annahmestellen. Passende Kartons k\u00f6nnen unter jetzt-mitpacken.org bestellt werden oder sind direkt vor Ort erh\u00e4ltlich.<\/p>\n<p>\t\t<a href=\"https:\/\/www.hertener-allgemeine.de\/herten\/kartoffelrekord-hof-feldhaus-herten-280000-kilo-direkt-verkauft-w1089323-8001114617\/\" rel=\"nofollow noopener\" aria-hidden=\"true\" tabindex=\"-1\" title=\"Kartoffelrekord bei Familie Feldhaus in Herten 280.000 Kilo direkt vom Feld weg verkauft\" aria-label=\"Kartoffelrekord bei Familie Feldhaus in Herten 280.000 Kilo direkt vom Feld weg verkauft\" target=\"_blank\"><\/p>\n<p>                <img decoding=\"async\" src=\"https:\/\/www.europesays.com\/de\/wp-content\/uploads\/2025\/10\/630_0900_5172092_-160x160.jpg\"  width=\"160\" height=\"160\" alt=\"B\u00e4rbel Feldhaus sortiert Kartoffeln auf einem Rost und l\u00e4chelt in die Kamera.\" loading=\"lazy\"\/><\/p>\n<p>\t\t<\/a><\/p>\n<p>Wer nicht selbst packen kann, unterst\u00fctzt per Spende Transport, Logistik und langfristige Hilfsprojekte. Die P\u00e4ckchen aus dem deutschsprachigen Raum gehen in diesem Jahr unter anderem nach Bulgarien, Rum\u00e4nien, Serbien und in die Ukraine, wo \u00f6rtliche Kirchengemeinden sie an Kinder in schwierigen Lebenslagen verteilen. Der Tr\u00e4gerverein besitzt das DZI-Spendensiegel und ist Mitglied der Initiative Transparente Zivilgesellschaft. Informationen, Packlisten und alle Annahmestellen: weihnachten-im-schuhkarton.org bzw. Hotline 030\/76 883 883.<\/p>\n<p>Spendenkonto<\/p>\n<p>Samaritan\u2018s Purse \u2013 die barmherzigen Samariter e.V.<\/p>\n<p>IBAN: DE12 3706 0193 5544 3322 11<\/p>\n<p>Verwendungszweck: 300500 + Adresse des Spenders (f\u00fcr Zuwendungsbest\u00e4tigung)<\/p>\n","protected":false},"excerpt":{"rendered":"Weihnachten im Schuhkarton Infos zur Spendenaktion in Herten von Annahmestellen bis Zeitraum \u201eWenn die Kinder ihre P\u00e4ckchen \u00f6ffnen,&hellip;\n","protected":false},"author":2,"featured_media":509875,"comment_status":"","ping_status":"","sticky":false,"template":"","format":"standard","meta":{"footnotes":""},"categories":[1848],"tags":[3364,29,16946,548,663,3934,3658,30,13,14,15,1209,126979,12],"class_list":{"0":"post-509874","1":"post","2":"type-post","3":"status-publish","4":"format-standard","5":"has-post-thumbnail","7":"category-gelsenkirchen","8":"tag-de","9":"tag-deutschland","10":"tag-deutschland-und-die-welt","11":"tag-eu","12":"tag-europa","13":"tag-europe","14":"tag-gelsenkirchen","15":"tag-germany","16":"tag-headlines","17":"tag-nachrichten","18":"tag-news","19":"tag-nordrhein-westfalen","20":"tag-samaritans-purse","21":"tag-schlagzeilen"},"share_on_mastodon":{"url":"https:\/\/pubeurope.com\/@de\/115398649122459362","error":""},"_links":{"self":[{"href":"https:\/\/www.europesays.com\/de\/wp-json\/wp\/v2\/posts\/509874","targetHints":{"allow":["GET"]}}],"collection":[{"href":"https:\/\/www.europesays.com\/de\/wp-json\/wp\/v2\/posts"}],"about":[{"href":"https:\/\/www.europesays.com\/de\/wp-json\/wp\/v2\/types\/post"}],"author":[{"embeddable":true,"href":"https:\/\/www.europesays.com\/de\/wp-json\/wp\/v2\/users\/2"}],"replies":[{"embeddable":true,"href":"https:\/\/www.europesays.com\/de\/wp-json\/wp\/v2\/comments?post=509874"}],"version-history":[{"count":0,"href":"https:\/\/www.europesays.com\/de\/wp-json\/wp\/v2\/posts\/509874\/revisions"}],"wp:featuredmedia":[{"embeddable":true,"href":"https:\/\/www.europesays.com\/de\/wp-json\/wp\/v2\/media\/509875"}],"wp:attachment":[{"href":"https:\/\/www.europesays.com\/de\/wp-json\/wp\/v2\/media?parent=509874"}],"wp:term":[{"taxonomy":"category","embeddable":true,"href":"https:\/\/www.europesays.com\/de\/wp-json\/wp\/v2\/categories?post=509874"},{"taxonomy":"post_tag","embeddable":true,"href":"https:\/\/www.europesays.com\/de\/wp-json\/wp\/v2\/tags?post=509874"}],"curies":[{"name":"wp","href":"https:\/\/api.w.org\/{rel}","templated":true}]}}