{"id":509910,"date":"2025-10-19T03:34:11","date_gmt":"2025-10-19T03:34:11","guid":{"rendered":"https:\/\/www.europesays.com\/de\/509910\/"},"modified":"2025-10-19T03:34:11","modified_gmt":"2025-10-19T03:34:11","slug":"van-der-bellen-und-steinmeier-europa-neu-erfinden","status":"publish","type":"post","link":"https:\/\/www.europesays.com\/de\/509910\/","title":{"rendered":"Van der Bellen und Steinmeier: &#8222;Europa neu erfinden!&#8220;"},"content":{"rendered":"<p _ngcontent-tt-com-www-c1338370909=\"\" data-cy=\"body\" class=\"cXenseParse\">Vor dem Staatsbesuch von Deutschlands Bundespr\u00e4sidenten Frank Walter Steinmeier bei seinem Amtskollegen Alexander Van der Bellen in \u00d6sterreich haben die beiden Staatsoberh\u00e4upter am Wochenende einen gemeinsamen Appell ver\u00f6ffentlicht. &#8222;Europa muss und kann sich neu erfinden!&#8220;, forderten sie in einem der APA \u00fcbermittelten Statement. Angesichts j\u00fcngster geopolitischer Entwicklungen brauche es eine handlungsf\u00e4hige &#8222;Europ\u00e4ische Union, die gemeinsam voranschreiten kann&#8220;.<\/p>\n<p _ngcontent-tt-com-www-c1338370909=\"\" data-cy=\"body\" class=\"cXenseParse\">An sich grenze die Situation in Europa ja &#8222;an ein Wunder&#8220;, zogen die beiden Bundespr\u00e4sidenten in dem Text eine historisch zufriedenstellende Bilanz. &#8222;Nach zwei verheerenden Weltkriegen, millionenfachem Tod und beispielloser Zerst\u00f6rung herrscht zwischen den Staaten, die sich am europ\u00e4ischen Projekt beteiligt haben, seit sieben Jahrzehnten durchgehend Frieden und Stabilit\u00e4t.&#8220; Sei es anf\u00e4nglich &#8222;um die gegenseitige Sicherung des wirtschaftlichen \u00dcberlebens durch die gemeinsame Bew\u00e4ltigung des Wiederaufbaus&#8220; gegangen, h\u00e4tten &#8222;\u00fcberzeugte Europ\u00e4erinnen und Europ\u00e4er bald eine gr\u00f6\u00dfere Vision&#8220; gehabt, n\u00e4mlich jene &#8222;von der Europ\u00e4ischen Gemeinschaft f\u00fcr Kohle und Stahl \u00fcber die Europ\u00e4ische Wirtschaftsgemeinschaft bis zur Europ\u00e4ischen Union.&#8220;<\/p>\n<p _ngcontent-tt-com-www-c1338370909=\"\" data-cy=\"body\" class=\"cXenseParse\">Die europ\u00e4ische Einigung habe &#8222;Wachstum und Wohlstand, Freiheit, Demokratie und Rechtsstaatlichkeit f\u00fcr rund 450 Millionen Menschen&#8220; gebracht, wird konstatiert. Zuletzt habe Europa aber einen &#8222;doppelten Epochenbruch&#8220; erlebt: &#8222;Am 24. Februar 2022 ist mit dem russischen \u00dcberfall auf die Ukraine der Angriffskrieg auf den europ\u00e4ischen Kontinent zur\u00fcckgekehrt. Ein Angriff, der auch der europ\u00e4ischen Friedensordnung gilt. Und zeitgleich erleben wir, dass unsere Gewissheiten \u00fcber die Tragf\u00e4higkeit der transatlantischen Sicherheitsarchitektur br\u00fcchig geworden sind.&#8220;<\/p>\n<p _ngcontent-tt-com-www-c1338370909=\"\" data-cy=\"body\" class=\"cXenseParse\">Gemeinsames Fazit: &#8222;Wir Europ\u00e4er k\u00f6nnen uns nicht mehr auf andere verlassen, m\u00fcssen selbst f\u00fcr unseren Schutz sorgen, unsere eigene Verteidigungsf\u00e4higkeit und Abschreckung glaubhaft st\u00e4rken. Europa muss seine eigene Sicherheit garantieren, auch um nicht von anderen als schwach und steuerbar gesehen zu werden&#8220;, lautet daher die Forderung.<\/p>\n<p _ngcontent-tt-com-www-c1338370909=\"\" data-cy=\"body\" class=\"cXenseParse\">&#8222;Europa&#8220; sei jedoch nicht auf die Staaten der EU beschr\u00e4nkt, &#8222;auch Gro\u00dfbritannien und Norwegen kommen zentrale Rollen zu.&#8220; F\u00fcr dieses Ziel &#8222;m\u00fcssen und werden wir als Europa einen gr\u00f6\u00dferen Beitrag leisten&#8220;. Dies k\u00f6nne gelingen, &#8222;wenn Europa zusammensteht und seine Kr\u00e4fte b\u00fcndelt&#8220;. Wenn die Weltlage sich ver\u00e4ndere, dann muss sich auch Europa ver\u00e4ndern, so Van der Bellen und Steinmeier. &#8222;In der geopolitischen Zeitenwende, die wir erleben, muss Europa sich neu erfinden. Wir brauchen neue Zuversicht, neuen Mut und die feste Entschlossenheit, die Errungenschaften des europ\u00e4ischen Projekts auch f\u00fcr k\u00fcnftige Generationen zu erhalten. Vielleicht vergleichbar mit der Kraftanstrengung der Europ\u00e4erinnen und Europ\u00e4er der ersten Stunde.&#8220;<\/p>\n<p _ngcontent-tt-com-www-c1338370909=\"\" data-cy=\"body\" class=\"cXenseParse\">&#8222;Jede Bombardierung ukrainischer St\u00e4dte durch russische Raketen, jede Provokation durch Drohnen oder Cyberangriffe testet unseren europ\u00e4ischen Zusammenhalt&#8220; wird weiter betont. &#8222;Wenn wir nicht klar zu verstehen geben, dass wir uns nicht auseinanderdividieren lassen, dass wir solidarisch zueinanderstehen, ist unsere Art zu leben in ernsthafter Gefahr.&#8220;<\/p>\n<p _ngcontent-tt-com-www-c1338370909=\"\" data-cy=\"body\" class=\"cXenseParse\">&#8222;Wenn wir unt\u00e4tig zuschauen oder nur beim Blick zur\u00fcck verharren&#8220;, drohe das Feuer der europ\u00e4ischen Idee im Sturm zu erl\u00f6schen&#8220;, warnen die Staatsoberh\u00e4upter \u00d6sterreichs und Deutschlands. Aber: &#8222;Wir Europ\u00e4er haben oft genug gezeigt, dass wir Krisen meistern k\u00f6nnen, wenn wir geschlossen handeln. Wir k\u00f6nnen und werden &#8211; davon sind wir beide \u00fcberzeugt &#8211; auch die Herausforderungen unserer Zeit meistern, um dieses Feuer wieder auflodern zu lassen und es an die n\u00e4chste Generation weiterreichen zu k\u00f6nnen.&#8220;<\/p>\n<p _ngcontent-tt-com-www-c1338370909=\"\" data-cy=\"body\" class=\"cXenseParse\">Steinmeier absolviert von Dienstag bis Donnerstag einen Staatsbesuch in \u00d6sterreich. Anlass ist die Er\u00f6ffnung des Neubaus der deutschen Botschaft in Wien. Steinmeier wird in der Bundeshauptstadt neben Van der Bellen unter anderen auch Bundeskanzler Christian Stocker (\u00d6VP) und Au\u00dfenministerin Beate Meinl-Reisinger (NEOS) treffen. In Tirol ist eine Besichtigung der Baustelle des Brenner-Basistunnels geplant.<\/p>\n","protected":false},"excerpt":{"rendered":"Vor dem Staatsbesuch von Deutschlands Bundespr\u00e4sidenten Frank Walter Steinmeier bei seinem Amtskollegen Alexander Van der Bellen in \u00d6sterreich&hellip;\n","protected":false},"author":2,"featured_media":509911,"comment_status":"","ping_status":"","sticky":false,"template":"","format":"standard","meta":{"footnotes":""},"categories":[3933],"tags":[331,332,296,29,508,548,663,158,3934,3935,13,14,15,1552,12,6296],"class_list":{"0":"post-509910","1":"post","2":"type-post","3":"status-publish","4":"format-standard","5":"has-post-thumbnail","7":"category-eu","8":"tag-aktuelle-nachrichten","9":"tag-aktuelle-news","10":"tag-berlin","11":"tag-deutschland","12":"tag-diplomatie","13":"tag-eu","14":"tag-europa","15":"tag-europaeische-union","16":"tag-europe","17":"tag-european-union","18":"tag-headlines","19":"tag-nachrichten","20":"tag-news","21":"tag-newsticker","22":"tag-schlagzeilen","23":"tag-wien"},"share_on_mastodon":{"url":"https:\/\/pubeurope.com\/@de\/115398735561891496","error":""},"_links":{"self":[{"href":"https:\/\/www.europesays.com\/de\/wp-json\/wp\/v2\/posts\/509910","targetHints":{"allow":["GET"]}}],"collection":[{"href":"https:\/\/www.europesays.com\/de\/wp-json\/wp\/v2\/posts"}],"about":[{"href":"https:\/\/www.europesays.com\/de\/wp-json\/wp\/v2\/types\/post"}],"author":[{"embeddable":true,"href":"https:\/\/www.europesays.com\/de\/wp-json\/wp\/v2\/users\/2"}],"replies":[{"embeddable":true,"href":"https:\/\/www.europesays.com\/de\/wp-json\/wp\/v2\/comments?post=509910"}],"version-history":[{"count":0,"href":"https:\/\/www.europesays.com\/de\/wp-json\/wp\/v2\/posts\/509910\/revisions"}],"wp:featuredmedia":[{"embeddable":true,"href":"https:\/\/www.europesays.com\/de\/wp-json\/wp\/v2\/media\/509911"}],"wp:attachment":[{"href":"https:\/\/www.europesays.com\/de\/wp-json\/wp\/v2\/media?parent=509910"}],"wp:term":[{"taxonomy":"category","embeddable":true,"href":"https:\/\/www.europesays.com\/de\/wp-json\/wp\/v2\/categories?post=509910"},{"taxonomy":"post_tag","embeddable":true,"href":"https:\/\/www.europesays.com\/de\/wp-json\/wp\/v2\/tags?post=509910"}],"curies":[{"name":"wp","href":"https:\/\/api.w.org\/{rel}","templated":true}]}}