{"id":509937,"date":"2025-10-19T03:52:11","date_gmt":"2025-10-19T03:52:11","guid":{"rendered":"https:\/\/www.europesays.com\/de\/509937\/"},"modified":"2025-10-19T03:52:11","modified_gmt":"2025-10-19T03:52:11","slug":"noch-ist-unklar-ob-er-stattfindet","status":"publish","type":"post","link":"https:\/\/www.europesays.com\/de\/509937\/","title":{"rendered":"Noch ist unklar, ob er stattfindet"},"content":{"rendered":"<p class=\"expressive-copy-lg-body\">Rund zwei Wochen vor dem Gruselfest Halloween (31. Oktober) gibt es Bem\u00fchungen, in der Essener Innenstadt den traditionellen \u201eZombie Walk\u201c wieder aufleben zu lassen \u2013 allerdings nicht als \u201eZombie Walk\u201c, sondern als politische Demonstration. Kost\u00fcmierte sind ausdr\u00fccklich eingeladen.<\/p>\n<p>    <img decoding=\"async\" src=\"https:\/\/www.europesays.com\/de\/wp-content\/uploads\/2025\/10\/407588569_1730411755_v16_9_1200.jpeg\" class=\"block w-full object-cover relative z-10 aspect-[4\/3] \" alt=\"Der Zombie-Walk an Halloween in Essen. \" title=\"Der Zombie-Walk an Halloween in Essen. \" loading=\"lazy\"\/><\/p>\n<p class=\"expressive-copy-lg-body\">Im Jahr 2007 fing Organisator Dirk Bu\u00dfler damit an, an Halloween, dem Vorabend vor dem Feiertag Allerheiligen, zum Kost\u00fcm-Marsch durch die Essener Innenstadt zu laden. Er traf damit einen Nerv, und innerhalb weniger Jahre wurde der \u201eZombie Walk\u201c zu einem der gr\u00f6\u00dften seiner Art in Deutschland, <a href=\"https:\/\/www.waz.de\/lokales\/essen\/article401781251\/1000-untote-ziehen-beim-zombie-walk-durch-essen.html\" data-category-full-path=\"https:\/\/www.waz.de\/lokales\/essen\/\" data-paid-status=\"default\" data-article-publish-date=\"1383319661\" rel=\"nofollow noopener\" target=\"_blank\">es kamen gut und gerne 2000 Leute.<\/a> \u201eViele G\u00e4ste waren aus dem Ausland\u201c, erinnert sich Bu\u00dfler. Alle verkleidet, viele extrem aufw\u00e4ndig geschminkt und kost\u00fcmiert, \u201eund die M\u00e4rsche blieben immer friedlich\u201c. Der \u201eZombie Walk\u201c in Essen, er hatte bundesweite Bekanntheit.<\/p>\n<p>    <img decoding=\"async\" src=\"https:\/\/www.europesays.com\/de\/wp-content\/uploads\/2025\/10\/410168645_1759838476_v16_9_1200.jpeg\" class=\"block w-full object-cover relative z-10 aspect-[4\/3] \" alt=\"Zombie Walk In Essen During The Traditional Halloween\" title=\"In Essen werden in diesem Jahr wieder viele Halloween-Partys gefeiert. Verkleidungen sind oft willkommen. \" loading=\"lazy\"\/><\/p>\n<p>  Veranstaltung kam schon vor Corona in die Krise<\/p>\n<p class=\"expressive-copy-lg-body\">Doch schon vor Corona, <a href=\"https:\/\/www.waz.de\/staedte\/essen\/article227490505\/Zombiewalk-Linke-dringt-auf-Aktuelle-Stunde-im-Essener-Rat.html\" data-category-full-path=\"\/staedte\/essen\/\" data-paid-status=\"premium\" data-article-publish-date=\"1572266469\" target=\"_blank\" rel=\"nofollow noopener\">im Jahr 2018,<\/a> wurden Querelen offensichtlich \u2013 es ging um die Frage, ob diese Veranstaltung genehmigt werden muss, wer die Kosten f\u00fcr ein Sicherheitskonzept tr\u00e4gt, und au\u00dferdem bestand das Risiko, dass die geschminkten Grusel-Fans sich in die Quere kommen mit dem \u201eEssen Light Festival\u201c, das es seit rund zehn Jahren gibt.<\/p>\n<p class=\"expressive-copy-lg-body\">Organisator Dirk Bu\u00dfler meldete fortan politische Versammlungen an, weil er keine Chance sah, dass in der Innenstadt noch unkommerzielle Versammlungen stattfinden d\u00fcrfen \u2013 weder der \u201eZombie Walk\u201c in seiner alten Form noch andere Formate. Diese Versammlungen legte er terminlich auf den Halloween-Abend, um \u201emehr Aufmerksamkeit auf das Thema zu lenken\u201c.<\/p>\n<p>  2022: Der \u201eZombie Walk\u201c wird abgebrochen<\/p>\n<p class=\"expressive-copy-lg-body\">Im Jahr 2019 halfen ihm die Gr\u00fcnen bei der Anmeldung, dann kamen die ohnehin schwierigen Corona-Jahre mit entsprechenden Ausf\u00e4llen, und 2022 versuchte man eine gemeinsame Kooperation zwischen der Essen Marketing GmbH und Bu\u00dfler.<\/p>\n<p>   Essen-Newsletter: Jetzt kostenlos anmelden!<\/p>\n<p class=\"text-body2 mt-2\">Nachrichten, Service, Reportagen: Jeden Tag wissen, was in unserer Stadt los ist.<\/p>\n<p class=\"text-caption text-copy-secondary\">\n          Mit meiner Anmeldung zum Newsletter stimme ich der<br \/>\n          <a href=\"https:\/\/www.waz.de\/services\/newsletter-adconsent\" class=\"text-overline text-copy-accent-negative dark:underline\" rel=\"nofollow noopener\" target=\"_blank\">Werbevereinbarung<\/a><br \/>\n          zu.\n        <\/p>\n<p class=\"expressive-copy-lg-body\">Doch der Marsch, damals noch in der Innenstadt, der allgemein als Zeichen verstanden wurde, dass alle Protagonisten durchaus an einem Fortbestand des erfolgreichen Formats \u201eZombie Walk\u201c Interesse haben, wurde abgebrochen. Angeblich war es zu voll und zu eng. Im Jahr 2024 zog der Marsch dann erstmals durch R\u00fcttenscheid, da wurden nur noch einige hundert Besucherinnen und Besucher gez\u00e4hlt. Keine Frage: Die Querelen um den fr\u00fcheren \u201eZombie Walk\u201c haben der fr\u00fcheren Kult-Veranstaltung massiv geschadet.<\/p>\n<ul class=\"[[data-group=summary]_&amp;]:my-0 my-10 [h3+&amp;]:mt-0 expressive-copy-lg\">\n<li>Die <strong>Lokalredaktion Essen<\/strong> ist auch <strong>bei WhatsApp<\/strong>! Abonnieren Sie hier unseren kostenlosen Kanal: <strong><a data-track-v2-eventname=\"pageElement\" data-track-v2-action=\"Click\" data-track-v2-parentposition=\"Content\" data-track-v2-elementtype=\"Button\" data-track-v2-elementstyle=\"Text\" data-track-v2-label=\"Link Label\" data-track-v2-vendor=\"Internal\" data-track-v2-parent=\"Link List\" data-track-v2-parentlabel=\"Link List\" data-track-v2-elementposition=\"1\" href=\"https:\/\/www.whatsapp.com\/channel\/0029VaNmPLK9xVJlCV8WcH2c\" target=\"_blank\" rel=\"nofollow noopener\">direkt zum Channel<\/a><\/strong>!<\/li>\n<\/ul>\n<p>Motto 2024: \u201eVersammeln statt gammeln\u201c<\/p>\n<p class=\"expressive-copy-lg-body\">\u201eDer Zombie Walk geh\u00f6rt in die Innenstadt\u201c, sagt Dirk Bu\u00dfler jetzt, kurz vor Halloween 2025. In diesem Jahr ist es seiner Aussage zufolge die Partei \u201eDie Linke\u201c, die f\u00fcr den 31. Oktober eine Versammlung anmelden wird, das Motto ist immer \u00e4hnlich: Letztes Jahr hie\u00df es \u201eVersammeln statt gammeln \u2013 die Innenstadt geh\u00f6rt allen\u201c. 2025 wird es sinngem\u00e4\u00df die gleiche Aussage transportieren. \u201eEs geht darum, dass in der Innenstadt auch nicht-kommerzielle Veranstaltungen stattfinden m\u00fcssen. Der Zombie-Walk, den es so nicht mehr gibt, war eine solche\u201c, erkl\u00e4rt Bu\u00dfler.<\/p>\n<p class=\"expressive-copy-lg-body\">Entsprechend l\u00e4dt man am 31. Oktober zur Kundgebung. Die Route, noch nicht n\u00e4her bestimmt, soll wieder durch die City f\u00fchren, und \u201ealle Interessierten, verkleidet oder unverkleidet, k\u00f6nnen sich der Kundgebung und dem Marsch anschlie\u00dfen\u201c, sagt Bu\u00dfler.<\/p>\n<p class=\"expressive-copy-lg-body\">Ob die Anmeldung genehmigt wird, ist noch unklar. Startpunkt, Verlauf der Route und genaue Startzeit auch. <\/p>\n","protected":false},"excerpt":{"rendered":"Rund zwei Wochen vor dem Gruselfest Halloween (31. Oktober) gibt es Bem\u00fchungen, in der Essener Innenstadt den traditionellen&hellip;\n","protected":false},"author":2,"featured_media":509938,"comment_status":"","ping_status":"","sticky":false,"template":"","format":"standard","meta":{"footnotes":""},"categories":[1834],"tags":[3364,29,3688,30,1209],"class_list":{"0":"post-509937","1":"post","2":"type-post","3":"status-publish","4":"format-standard","5":"has-post-thumbnail","7":"category-essen","8":"tag-de","9":"tag-deutschland","10":"tag-essen","11":"tag-germany","12":"tag-nordrhein-westfalen"},"share_on_mastodon":{"url":"https:\/\/pubeurope.com\/@de\/115398806786584280","error":""},"_links":{"self":[{"href":"https:\/\/www.europesays.com\/de\/wp-json\/wp\/v2\/posts\/509937","targetHints":{"allow":["GET"]}}],"collection":[{"href":"https:\/\/www.europesays.com\/de\/wp-json\/wp\/v2\/posts"}],"about":[{"href":"https:\/\/www.europesays.com\/de\/wp-json\/wp\/v2\/types\/post"}],"author":[{"embeddable":true,"href":"https:\/\/www.europesays.com\/de\/wp-json\/wp\/v2\/users\/2"}],"replies":[{"embeddable":true,"href":"https:\/\/www.europesays.com\/de\/wp-json\/wp\/v2\/comments?post=509937"}],"version-history":[{"count":0,"href":"https:\/\/www.europesays.com\/de\/wp-json\/wp\/v2\/posts\/509937\/revisions"}],"wp:featuredmedia":[{"embeddable":true,"href":"https:\/\/www.europesays.com\/de\/wp-json\/wp\/v2\/media\/509938"}],"wp:attachment":[{"href":"https:\/\/www.europesays.com\/de\/wp-json\/wp\/v2\/media?parent=509937"}],"wp:term":[{"taxonomy":"category","embeddable":true,"href":"https:\/\/www.europesays.com\/de\/wp-json\/wp\/v2\/categories?post=509937"},{"taxonomy":"post_tag","embeddable":true,"href":"https:\/\/www.europesays.com\/de\/wp-json\/wp\/v2\/tags?post=509937"}],"curies":[{"name":"wp","href":"https:\/\/api.w.org\/{rel}","templated":true}]}}