{"id":509943,"date":"2025-10-19T03:55:14","date_gmt":"2025-10-19T03:55:14","guid":{"rendered":"https:\/\/www.europesays.com\/de\/509943\/"},"modified":"2025-10-19T03:55:14","modified_gmt":"2025-10-19T03:55:14","slug":"bayern-muenchen-borussia-dortmund-die-angst-des-bvb-in-muenchen","status":"publish","type":"post","link":"https:\/\/www.europesays.com\/de\/509943\/","title":{"rendered":"Bayern M\u00fcnchen \u2013 Borussia Dortmund: Die Angst des BVB in M\u00fcnchen"},"content":{"rendered":"<p>\n                        Erst erdr\u00fccken die Bayern den BVB. Dann protestieren die Fans gegen J\u00e9r\u00f4me Boateng. Und die zweite Halbzeit zeigt trotz des 2:1, wie man den Meister schlagen kann.\n                    <\/p>\n<p>        19. Oktober 2025, 5:00 Uhr\n    <\/p>\n<p>                Schlie\u00dfen<br \/>\n                Artikelzusammenfassung<\/p>\n<p>Der BVB verliert 1:2 gegen die Bayern: Eine erste H\u00e4lfte zum Vergessen, eine zweite mit Hoffnungsschimmer. Die Dortmunder wirkten chancenlos, w\u00e4hrend die Bayern dominierten. Harry Kane gl\u00e4nzte mit seinem zw\u00f6lften Saisontor, doch die Bayernfans protestierten gegen Trainerpraktikant Boateng. Trotz Sieg: Die Bayern sind schlagbar, aber aktuell kaum zu stoppen.<\/p>\n<p>                Diese Zusammenfassung wurde mithilfe von K\u00fcnstlicher Intelligenz erstellt. Vereinzelt kann es dabei zu Fehlern kommen.<\/p>\n<p class=\"summy__feedback-paragraph\">Fanden Sie die Zusammenfassung hilfreich? <\/p>\n<p>                        Gef\u00e4llt mir<\/p>\n<p>                        Gef\u00e4llt mir<\/p>\n<p>                        Gef\u00e4llt mir nicht<\/p>\n<p>                        Gef\u00e4llt mir nicht<\/p>\n<p>                        Send<\/p>\n<p>            <img decoding=\"async\" class=\"article__media-item\" src=\"https:\/\/www.europesays.com\/de\/wp-content\/uploads\/2025\/10\/1760846113_202_wide__1000x562.jpeg\" alt=\"Bayern M\u00fcnchen \u2013 Borussia Dortmund: Luis D\u00edaz und sein Sturmpartner Michael Olise waren lange nicht aufzuhalten. Doch dann fand der BVB seinen Mut.\"\/><\/p>\n<p>                    Luis D\u00edaz und sein Sturmpartner Michael Olise waren lange nicht aufzuhalten. Doch dann fand der BVB seinen Mut.<br \/>\n            \u00a9\u00a0Adam Pretty\/\u200bGetty Images<\/p>\n<p class=\"paragraph\">Die Dortmunder<br \/>\nwussten nat\u00fcrlich, wann und warum sie dieses Spiel <a href=\"https:\/\/www.zeit.de\/sport\/2025-10\/7-spieltag-bundesliga-mainz-leverkusen-leipzig-hsv-wolfsburg-stuttgart-heidenheim-bremen-koeln-augsburg\" class=\"\" target=\"_blank\" rel=\"noopener\">1:2 verloren hatten<\/a>. &#8222;In<br \/>\nder ersten Halbzeit waren wir \u00fcberhaupt nicht im Spiel, waren zu \u00e4ngstlich in<br \/>\nunseren Aktionen&#8220;, sagte Niko Kova\u010d. Der Trainer des <a class=\"rtr-entity\" href=\"https:\/\/www.zeit.de\/thema\/borussia-dortmund\" target=\"_blank\" rel=\"noopener\">BVB<\/a> hatte es vor dem Spiel<br \/>\nin M\u00fcnchen gesagt, und er wiederholte es nach dem Spiel: Aggressiv m\u00fcsse seine<br \/>\nMannschaft spielen. Aber das sei sie \u00fcberhaupt nicht gewesen. Und sein Torwart<br \/>\nGregor Kobel sagte: &#8222;In der zweiten Halbzeit waren wir besser, daf\u00fcr war die<br \/>\nerste umso schlechter.&#8220;\n<\/p>\n<p class=\"paragraph\">Der BVB<br \/>\nwar ungeschlagen nach <a class=\"rtr-entity\" href=\"https:\/\/www.zeit.de\/thema\/muenchen\" target=\"_blank\" rel=\"noopener\">M\u00fcnchen<\/a> gereist. Das Bundesliga-Topspiel hatte ausnahmsweise seinen Namen verdient, der Erste empfing den Zweiten. Und man\u00a0fragte sich, ob Dortmund den Bayern als<br \/>\nerstes Team in dieser Saison Punkte klauen w\u00fcrde. Doch dann erdr\u00fcckte die<br \/>\nHeimmannschaft die G\u00e4ste 45 Minuten lang. Die Schwarz-Gelben sahen aus wie die Blau-Rot-Wei\u00dfen \u2013 das sind die Vereinsfarben des Tabellenvorletzten 1. FC Heidenheim.<\/p>\n","protected":false},"excerpt":{"rendered":"Erst erdr\u00fccken die Bayern den BVB. Dann protestieren die Fans gegen J\u00e9r\u00f4me Boateng. Und die zweite Halbzeit zeigt&hellip;\n","protected":false},"author":2,"featured_media":509944,"comment_status":"","ping_status":"","sticky":false,"template":"","format":"standard","meta":{"footnotes":""},"categories":[1833],"tags":[126012,126986,3364,29,217,30,41483,11709,14781,73410,1653,45759,92857,13993,1209,265,1086],"class_list":{"0":"post-509943","1":"post","2":"type-post","3":"status-publish","4":"format-standard","5":"has-post-thumbnail","7":"category-dortmund","8":"tag-bastian-dankert","9":"tag-bayern-muenchen-borussia-dortmund","10":"tag-de","11":"tag-deutschland","12":"tag-dortmund","13":"tag-germany","14":"tag-gregor-kobel","15":"tag-harry-kane","16":"tag-julian-ryerson","17":"tag-luis-diaz","18":"tag-max-eberl","19":"tag-michael-olise","20":"tag-nicolas-jackson","21":"tag-niko-kovac","22":"tag-nordrhein-westfalen","23":"tag-sport","24":"tag-vincent-kompany"},"share_on_mastodon":{"url":"https:\/\/pubeurope.com\/@de\/115398818184197443","error":""},"_links":{"self":[{"href":"https:\/\/www.europesays.com\/de\/wp-json\/wp\/v2\/posts\/509943","targetHints":{"allow":["GET"]}}],"collection":[{"href":"https:\/\/www.europesays.com\/de\/wp-json\/wp\/v2\/posts"}],"about":[{"href":"https:\/\/www.europesays.com\/de\/wp-json\/wp\/v2\/types\/post"}],"author":[{"embeddable":true,"href":"https:\/\/www.europesays.com\/de\/wp-json\/wp\/v2\/users\/2"}],"replies":[{"embeddable":true,"href":"https:\/\/www.europesays.com\/de\/wp-json\/wp\/v2\/comments?post=509943"}],"version-history":[{"count":0,"href":"https:\/\/www.europesays.com\/de\/wp-json\/wp\/v2\/posts\/509943\/revisions"}],"wp:featuredmedia":[{"embeddable":true,"href":"https:\/\/www.europesays.com\/de\/wp-json\/wp\/v2\/media\/509944"}],"wp:attachment":[{"href":"https:\/\/www.europesays.com\/de\/wp-json\/wp\/v2\/media?parent=509943"}],"wp:term":[{"taxonomy":"category","embeddable":true,"href":"https:\/\/www.europesays.com\/de\/wp-json\/wp\/v2\/categories?post=509943"},{"taxonomy":"post_tag","embeddable":true,"href":"https:\/\/www.europesays.com\/de\/wp-json\/wp\/v2\/tags?post=509943"}],"curies":[{"name":"wp","href":"https:\/\/api.w.org\/{rel}","templated":true}]}}