{"id":509949,"date":"2025-10-19T04:00:32","date_gmt":"2025-10-19T04:00:32","guid":{"rendered":"https:\/\/www.europesays.com\/de\/509949\/"},"modified":"2025-10-19T04:00:32","modified_gmt":"2025-10-19T04:00:32","slug":"leerstand-in-stuttgart-ost-seit-jahren-leer-stehendes-gebaeude-wirft-fragen-auf","status":"publish","type":"post","link":"https:\/\/www.europesays.com\/de\/509949\/","title":{"rendered":"Leerstand in Stuttgart Ost: Seit Jahren leer stehendes Geb\u00e4ude wirft Fragen auf"},"content":{"rendered":"<p>Die Nachbarn des Backsteingeb\u00e4udes schenken dem Geb\u00e4ude kaum noch Beachtung. \u00dcber Jahre konnten sie zusehen, wie die Bewohner den Baukoloss von nebenan nach und nach verlassen haben. Sie sind gestorben oder weggezogen. So lange, bis irgendwann niemand mehr darin gewohnt hat. W\u00e4hrend aus den Nachbargeb\u00e4uden t\u00e4glich Menschen herauskommen, sich auf den Balkonen herumtreiben, den Garten nutzen, steht das Geb\u00e4ude mit der Hausnummer 68 und 70 nur da wie ein Sargstein ohne Grab, der denen den Weg versperrt, die dieses Haus mit Leben f\u00fcllen wollen. Ein halbes Dutzend Wohnungen steht leer. <\/p>\n<p>Wie konnte es zu dieser Verwahrlosung kommen, wenn <a href=\"https:\/\/www.stuttgarter-zeitung.de\/inhalt.wohnungsnot-in-stuttgart-mehr-einsatz-gegen-leerstand.00742bf2-c53a-47e1-a67b-1c76c4e431a2.html\" target=\"_blank\" rel=\"nofollow noopener\">gleichzeitig so viele Menschen nach Wohnraum in Stuttgart suchen<\/a>? Wer sich auf die Suche nach den Besitzern dieses Hauses macht und den Grund f\u00fcr dessen unw\u00fcrdiges Ende sucht, findet einen Teil der Antwort auf dem Klingelschild. Dort steht noch immer der Name der Familie H., die zuletzt zwei Stockwerke des Hauses bewohnt hat und deren Mitglieder vor vielen Jahren ausgezogen oder gestorben sind. Auch ein ehemaliger Bewohner des Hauses l\u00e4sst sich bald ausfindig machen.<\/p>\n<p>\u201eDie Familie H. hat dieses Geb\u00e4ude \u00fcber Generationen hinweg bewohnt\u201c <\/p>\n<p> \u201eDie Familie H. hat dieses Geb\u00e4ude \u00fcber Generationen hinweg bewohnt\u201c, sagt der ehemalige Bewohner. Zuletzt habe die ehemalige Hausbesitzerin mit Anfang 90 im ersten Stock des Geb\u00e4udes gewohnt. Sie habe wohl schon vor dem Zweiten Weltkrieg dort gelebt, habe in dem Viertel ihre Kindheit verbracht und sich bei Luftalarm im Krieg in dem ger\u00e4umigen Keller des Hauses versteckt. Sie sei in hohem Alter verstorben. Die Silvesterfeuerwerke, die jedes Jahr vor dem Haus auf dem Lukasplatz gez\u00fcndet werden, h\u00e4tten sie immer zu Tode erschreckt. Doch weggezogen sei sie dennoch nicht. Ein Nachkomme von ihr habe zun\u00e4chst noch im obersten Stock gewohnt. Sp\u00e4ter sei auch er ausgezogen. <\/p>\n<p>  <img decoding=\"async\" loading=\"lazy\" src=\"https:\/\/www.europesays.com\/de\/wp-content\/uploads\/2025\/10\/media.media.f80307f4-1727-403f-b1d0-19c83ef01558.original1024.media.jpeg\"\/>     Der Garten ist v\u00f6llig zugewachsen.    Foto: Erdem G\u00f6kalp    <\/p>\n<p>In der anderen H\u00e4lfte des Doppelhauses sei der urspr\u00fcngliche Besitzer auch vor Jahren gestorben. Seine S\u00f6hne seien regelm\u00e4\u00dfig gekommen, um nach dem Rechten zu sehen, doch auch diese Besuche h\u00e4tten bald nachgelassen. Stattdessen sei auch das Haus einfach verwaist. Irgendwann h\u00e4tten dort polnische Handwerker gewohnt, doch auch diese seien dann weggezogen.<\/p>\n<p>Sanierungsbedarf: Historisches Geb\u00e4ude erfordert hohe Investitionen <\/p>\n<p>Schon zur Zeit des ehemaligen Bewohners sei das Geb\u00e4ude sanierungsbed\u00fcrftig gewesen. Die Dusche sei in der K\u00fcche gewesen, es habe eine Gasheizung gegeben und die Fenster waren auch nicht mehr die neuesten. Es muss offensichtlich viel Geld in das denkmalgesch\u00fctzte Geb\u00e4ude gesteckt werden.<\/p>\n<p>https:\/\/exchange.glomex.com\/video\/v-dbva7l3hg2y1?integrationId=4059a114jz3wxdip <\/p>\n<p>Einst war die Kolonie Ostheim, wo das Geb\u00e4ude steht, als Arbeitersiedlung ein Vorzeigeprojekt. Die markanten Backsteingeb\u00e4ude wurden <a href=\"https:\/\/www.stuttgarter-zeitung.de\/inhalt.architektur-spaziergang-in-stuttgart-9-der-lauschigsten-arbeitervillen-und-buergerhaeuser-im-stuttgarter-osten.6e042ef1-b26b-4b40-adc6-60558f162369.html\" target=\"_blank\" rel=\"nofollow noopener\">in dem Viertel Ende des 19. Jahrhunderts<\/a> errichtet. Die meisten Geb\u00e4ude geh\u00f6ren heute dem Bau- und Wohnungsverein. Dieser bewahrt das Erbe des Sieldungsgr\u00fcnders Eduard Pfeiffer und seiner Idee einer Wohnsiedlung f\u00fcr Arbeiter und von Sozialwohnungen f\u00fcr Stuttgarter B\u00fcrger. Noch heute gibt es lange Wartelisten, um eine frei werdende Wohnung in dem Viertel zu erhalten. <\/p>\n<p> Sanierungspl\u00e4ne f\u00fcr Geisterhaus: Verein bleibt vage <\/p>\n<p>Bei einer Nachfrage stellt sich heraus, dass der Verein in den vergangenen Jahren tats\u00e4chlich in den Besitz dieses Geisterhauses gekommen ist. Auf mehrere Nachfragen gibt dieser jedoch nur wenig Auskunft dar\u00fcber, warum das Geb\u00e4ude heute noch immer leer steht. \u201eDerzeit erfolgt die Planung umfassender Sanierungsma\u00dfnahmen, um die Geb\u00e4ude wieder nutzbar zu machen und langfristig einer rechtssicheren und zukunftsf\u00e4higen Vermietung zuzuf\u00fchren\u201c, sagt eine Sprecherin. Die Geb\u00e4ude stehen demnach unter Denkmalschutz und befinden sich in einem stark sanierungsbed\u00fcrftigen Zustand. W\u00e4hrend die eine Doppelhaush\u00e4lfte schon vor einigen Jahren im Besitz des Vereins war, sei die zweite H\u00e4lfte erst vor Kurzem gekauft worden. Es gebe bereits ein Sanierungskonzept und die Arbeiten sollen erst bei der einen dann der anderen Geb\u00e4udeh\u00e4lfte ausgef\u00fchrt werden. Wann genau die Arbeiten beginnen und der <a href=\"https:\/\/www.stuttgarter-zeitung.de\/thema\/Leerstand\" title=\"Leerstand\" class=\"art_thema\" rel=\"nofollow noopener\" target=\"_blank\">Leerstand<\/a> endlich behoben werden solle? \u2013 Auch dar\u00fcber gibt es keine Auskunft. <\/p>\n<p>Das Thema Leerstand ist in <a href=\"https:\/\/www.stuttgarter-zeitung.de\/thema\/Stuttgart\" title=\"Stuttgart\" class=\"art_thema\" rel=\"nofollow noopener\" target=\"_blank\">Stuttgart<\/a> immer wieder ein gro\u00dfes Politikum. Weil es einerseits einen hohen Bedarf nach bezahlbarem Wohnraum gibt und anderseits eine hohe Zahl leer stehender Wohnungen. Es besteht also Bedarf nach genau der <a href=\"https:\/\/www.stuttgarter-zeitung.de\/inhalt.umgestaltung-eduard-pfeiffer-platz-in-ostheim-wie-kann-der-ort-besser-genutzt-werden.0a3f212d-899b-4b15-bc7b-fd14c1371c98.html\" target=\"_blank\" rel=\"nofollow noopener\">Art von Sozialwohnungen, die Eduard Pfeiffer<\/a> einst in der Wohnsiedlung Ostheim vorgesehen hatte. Wie hoch der Leerstand in Stuttgart genau ausf\u00e4llt, dar\u00fcber gibt es unterschiedliche Interpretationen und Datenlagen. Laut des 2022 erhobenen Zensus liegt der Leerstand in Stuttgart bei 3,6 Prozent. Im Vergleich dazu liegt er in der Region Stuttgart oft bei 4 Prozent oder h\u00f6her. Besonders gravierend ist die Lage eher im Osten Deutschlands, wo der Leerstand oft bei 10 Prozent und mehr liegt. <\/p>\n<p> Vermieter in Stuttgart: Spekulation mit Leerstand? <\/p>\n<p>Auch wenn die Lage in der Landeshauptstadt im Vergleich nicht so gravierend zu scheint, kochen auch hier die Emotionen bei dem Thema hoch. Erst vor k<a href=\"https:\/\/www.stuttgarter-zeitung.de\/inhalt.leer-stehende-wohnungen-sie-vermieten-nicht-weil-sie-ueber-sich-keine-schritte-hoeren-wollen.a9ab74b7-adfe-48ff-a2e1-1ff6b92bb035.html\" target=\"_blank\" rel=\"nofollow noopener\">urzem wurden Vorw\u00fcrfe laut<\/a>, dass Vermieter Wohnungen nicht vermieten, um dadurch sp\u00e4ter h\u00f6here Gewinne erzielen zu k\u00f6nnen. \u00dcber die genaue Gr\u00fcnde, warum das Haus am Lukasplatze leersteht, gibt es bislang nur Ger\u00fcchte. <\/p>\n<p>\u201eIch glaube, dass die neuen Besitzer erst beide Geb\u00e4udeh\u00e4lften besitzen wollten, bevor sie mit den Sanierungsarbeiten beginnen\u201c, sagt der ehemalige Bewohner. Die Baukosten seien in den vergangenen Jahren auch erheblich gestiegen. Bis es wirklich so weit ist, bleibt es f\u00fcr alle Nachbarn nur \u00fcbrig, abzuwarten. W\u00e4hrenddessen geht das Leben um das Geb\u00e4ude herum noch immer weiter. Wenn die Besucher des Gottesdienstes von der Lukaskirche die Treppen zum Platz herunterlaufen, erhalten Sie meist einen guten Blick auf das Geisterhaus, von dem niemand so wirklich wei\u00df, wann endlich wieder Leben einkehren wird. Doch \u00fcber die bewegte Vergangenheit wei\u00df man nun wenigstens ein bisschen mehr Bescheid.<\/p>\n","protected":false},"excerpt":{"rendered":"Die Nachbarn des Backsteingeb\u00e4udes schenken dem Geb\u00e4ude kaum noch Beachtung. \u00dcber Jahre konnten sie zusehen, wie die Bewohner&hellip;\n","protected":false},"author":2,"featured_media":509950,"comment_status":"","ping_status":"","sticky":false,"template":"","format":"standard","meta":{"footnotes":""},"categories":[1830],"tags":[4657,1634,3364,29,126987,82450,30,8677,126988,1441,15389,85897,5329,1463],"class_list":{"0":"post-509949","1":"post","2":"type-post","3":"status-publish","4":"format-standard","5":"has-post-thumbnail","7":"category-stuttgart","8":"tag-stadtreporter","9":"tag-baden-wuerttemberg","10":"tag-de","11":"tag-deutschland","12":"tag-gebaeud","13":"tag-geisterhaus","14":"tag-germany","15":"tag-leerstand","16":"tag-lukasplatz","17":"tag-stuttgart","18":"tag-stuttgart-ost","19":"tag-textmanager","20":"tag-video","21":"tag-wohnen"},"share_on_mastodon":{"url":"https:\/\/pubeurope.com\/@de\/115398837978607291","error":""},"_links":{"self":[{"href":"https:\/\/www.europesays.com\/de\/wp-json\/wp\/v2\/posts\/509949","targetHints":{"allow":["GET"]}}],"collection":[{"href":"https:\/\/www.europesays.com\/de\/wp-json\/wp\/v2\/posts"}],"about":[{"href":"https:\/\/www.europesays.com\/de\/wp-json\/wp\/v2\/types\/post"}],"author":[{"embeddable":true,"href":"https:\/\/www.europesays.com\/de\/wp-json\/wp\/v2\/users\/2"}],"replies":[{"embeddable":true,"href":"https:\/\/www.europesays.com\/de\/wp-json\/wp\/v2\/comments?post=509949"}],"version-history":[{"count":0,"href":"https:\/\/www.europesays.com\/de\/wp-json\/wp\/v2\/posts\/509949\/revisions"}],"wp:featuredmedia":[{"embeddable":true,"href":"https:\/\/www.europesays.com\/de\/wp-json\/wp\/v2\/media\/509950"}],"wp:attachment":[{"href":"https:\/\/www.europesays.com\/de\/wp-json\/wp\/v2\/media?parent=509949"}],"wp:term":[{"taxonomy":"category","embeddable":true,"href":"https:\/\/www.europesays.com\/de\/wp-json\/wp\/v2\/categories?post=509949"},{"taxonomy":"post_tag","embeddable":true,"href":"https:\/\/www.europesays.com\/de\/wp-json\/wp\/v2\/tags?post=509949"}],"curies":[{"name":"wp","href":"https:\/\/api.w.org\/{rel}","templated":true}]}}