{"id":509960,"date":"2025-10-19T04:06:23","date_gmt":"2025-10-19T04:06:23","guid":{"rendered":"https:\/\/www.europesays.com\/de\/509960\/"},"modified":"2025-10-19T04:06:23","modified_gmt":"2025-10-19T04:06:23","slug":"ich-begreife-die-welt-nicht-mehr-warum-die-hochhaus-gegner-in-muenchen-nicht-aufgeben-abendzeitung","status":"publish","type":"post","link":"https:\/\/www.europesays.com\/de\/509960\/","title":{"rendered":"&quot;Ich begreife die Welt nicht mehr&quot;: Warum die Hochhaus-Gegner in M\u00fcnchen nicht aufgeben &#8211; Abendzeitung"},"content":{"rendered":"<ol>\n<li><a href=\"https:\/\/news.google.com\/rss\/articles\/CBMi2wFBVV95cUxQN0Z4WGREY3FVSWlKeko3aTRVX0dLOHJyYks5VF8zbnN6TENQdE9sSUVta3pyVmNia2dSQWo0dklnUG1qSkE2RElTdklxczBUX3NRU3Zyb3hfUTFWRG9oaEYybFdHcFBXSWRJRzlPZk1fd1FiVkVsZnV6RkJvalBCRGdEZ3R2S3Q3SW9GMXViSEpFNXNYbjJkLUFWZXItTjZjTVhXeE5takVuT2luNFBnUU1xWVFKaTRJQk91cEpxakF6aENFbHUyQ0M5XzU4RVJXS08wVTdodXFJaTg?oc=5\" target=\"_blank\" rel=\"nofollow noopener\">&#8222;Ich begreife die Welt nicht mehr&#8220;: Warum die Hochhaus-Gegner in M\u00fcnchen nicht aufgeben<\/a>&nbsp;&nbsp;Abendzeitung<\/li>\n<li><a href=\"https:\/\/news.google.com\/rss\/articles\/CBMi1gFBVV95cUxQX3JTMDNRNWNRMWRlNVVXQ21iUmhQZnVvSDRQdUc5d2ZwQ2JWM2pSWDVPZkt4UVN2VzE3TkRlMXgtcHFYZk1wZ3NLYXFzeFhPSktGZ25nQkdlaUpOMUZ0QVZrQ0lBb1dPYmxMeE1aeHZYWk5GM29hbGFsZE5wZjhWYXdVaVlkSlZNbmhpNnZzWWpkRHA0QXFGa0F2YU84ckprd1BQeHYzbGR6dUhlY2c1M3hCa1ROWnU4dndKY1NzazVFam9LTEFEY3Q0b2pGNEdJNy1lOHZB?oc=5\" target=\"_blank\" rel=\"nofollow noopener\">M\u00fcnchen: Niederlage f\u00fcr Gegner der Hochhauspl\u00e4ne an der Paketposthalle<\/a>&nbsp;&nbsp;SZ.de<\/li>\n<li><a href=\"https:\/\/news.google.com\/rss\/articles\/CBMipAFBVV95cUxQN2NUNm9RN2ZkbHlvcjVjYXoxRGZFRWR5ZEVxQzNmOFI1QThMcThJNkhCcGtLUk5aTzFicU9LWTc0dklTZXJiUU16d0VuVk5WUmM5MmVlcXFGaUFfSFFNLUxYbXNEdXVLVUFlN2VUelU1bTJuN1ZPR3JMdTR3bWxBMW9ZNEtMam5DMjVjNmsyR0FfenNtc1lQUGlPWUZmcGs4Q1lrcg?oc=5\" target=\"_blank\" rel=\"nofollow noopener\">Paketposthalle: R\u00fcckschlag f\u00fcr M\u00fcnchner Hochhaus-Gegner<\/a>&nbsp;&nbsp;BR<\/li>\n<li><a href=\"https:\/\/news.google.com\/rss\/articles\/CBMizAFBVV95cUxPQWgyMXV4TFBfa0RjMUpvN1JRY0F2MkU5aWpWemh1UlM2WEU0M0ctQzRyN2Zla2ZOLWdhdzRodzZORmdrM0VFYzBSY0NSenJvb3RtNlpRM1lXdWhpcnVNeVhnTzhyZ3lUdHBBdlo3Q005Rmt0dDg1cE5MRmF0RGR3Wks0TXYybmE5U1lTNVJvdFZtd0tndjJHQXVuZldxV3JOZThndlc1WXlVYUhMNXl6bFk1TnR6TU5YTi1zQnBEVjdmSjFkMDBsTUhPdGE?oc=5\" target=\"_blank\" rel=\"nofollow noopener\">Gericht lehnt Eilantrag gegen M\u00fcnchner Hochhauspl\u00e4ne ab<\/a>&nbsp;&nbsp;WELT<\/li>\n<li><a href=\"https:\/\/news.google.com\/rss\/articles\/CBMiqwFBVV95cUxPZTljcmRwV3pLVVVtSm9wSjR1TWFjOXhRVDJTVXUwRldLQV9JWUk4bEViN21wSV9vaGJqSXBzUG5qMUQ2WGRYb3VrdEIteDhtUGNNU2tPMnJUQTVWWUhkQXZzSFVqcm9CdDNzc0tDMzhPeGJjRXlVTHRpWWJ2NFVxZHY2TVlwSFAxc0JvU29KLTR6UUY3X3BScC1tdEhMSmlVc3U4ZDZvNUtycms?oc=5\" target=\"_blank\" rel=\"nofollow noopener\">Trotz R\u00fcckschlag: Gegner der Paketpost-T\u00fcrme geben nicht auf<\/a>&nbsp;&nbsp;TZ<\/li>\n<\/ol>\n","protected":false},"excerpt":{"rendered":"&#8222;Ich begreife die Welt nicht mehr&#8220;: Warum die Hochhaus-Gegner in M\u00fcnchen nicht aufgeben&nbsp;&nbsp;Abendzeitung M\u00fcnchen: Niederlage f\u00fcr Gegner der&hellip;\n","protected":false},"author":2,"featured_media":509961,"comment_status":"","ping_status":"","sticky":false,"template":"","format":"standard","meta":{"footnotes":""},"categories":[1827],"tags":[6399,772,29,30,126989,6821,1268],"class_list":{"0":"post-509960","1":"post","2":"type-post","3":"status-publish","4":"format-standard","5":"has-post-thumbnail","7":"category-muenchen","8":"tag-bau","9":"tag-bayern","10":"tag-deutschland","11":"tag-germany","12":"tag-hochhaus-stopp","13":"tag-initiative","14":"tag-muenchen"},"share_on_mastodon":{"url":"https:\/\/pubeurope.com\/@de\/115398861354552151","error":""},"_links":{"self":[{"href":"https:\/\/www.europesays.com\/de\/wp-json\/wp\/v2\/posts\/509960","targetHints":{"allow":["GET"]}}],"collection":[{"href":"https:\/\/www.europesays.com\/de\/wp-json\/wp\/v2\/posts"}],"about":[{"href":"https:\/\/www.europesays.com\/de\/wp-json\/wp\/v2\/types\/post"}],"author":[{"embeddable":true,"href":"https:\/\/www.europesays.com\/de\/wp-json\/wp\/v2\/users\/2"}],"replies":[{"embeddable":true,"href":"https:\/\/www.europesays.com\/de\/wp-json\/wp\/v2\/comments?post=509960"}],"version-history":[{"count":0,"href":"https:\/\/www.europesays.com\/de\/wp-json\/wp\/v2\/posts\/509960\/revisions"}],"wp:featuredmedia":[{"embeddable":true,"href":"https:\/\/www.europesays.com\/de\/wp-json\/wp\/v2\/media\/509961"}],"wp:attachment":[{"href":"https:\/\/www.europesays.com\/de\/wp-json\/wp\/v2\/media?parent=509960"}],"wp:term":[{"taxonomy":"category","embeddable":true,"href":"https:\/\/www.europesays.com\/de\/wp-json\/wp\/v2\/categories?post=509960"},{"taxonomy":"post_tag","embeddable":true,"href":"https:\/\/www.europesays.com\/de\/wp-json\/wp\/v2\/tags?post=509960"}],"curies":[{"name":"wp","href":"https:\/\/api.w.org\/{rel}","templated":true}]}}