{"id":509967,"date":"2025-10-19T04:10:13","date_gmt":"2025-10-19T04:10:13","guid":{"rendered":"https:\/\/www.europesays.com\/de\/509967\/"},"modified":"2025-10-19T04:10:13","modified_gmt":"2025-10-19T04:10:13","slug":"berlin-brandenburg-gedenken-an-ersten-im-dienst-getoeteten-polizisten","status":"publish","type":"post","link":"https:\/\/www.europesays.com\/de\/509967\/","title":{"rendered":"Berlin &#038; Brandenburg: Gedenken an ersten im Dienst get\u00f6teten Polizisten"},"content":{"rendered":"<p>                    Berlin &amp; Brandenburg<br \/>\n                Gedenken an ersten im Dienst get\u00f6teten Polizisten<\/p>\n<p>\t\t\t\t              19.10.2025, 06:02 Uhr<\/p>\n<p><strong>Vor 30 Jahren starb der Polizist Martin Heinze in Potsdam im Einsatz. Seine Kollegen wollen mit einem Gedenkkonzert ein Zeichen gegen das Vergessen setzen.<\/strong><\/p>\n<p>Potsdam (dpa\/bb) &#8211; 30 Jahre nach der Ermordung des Polizisten Martin Heinze in Potsdam erinnert ein Gedenkkonzert in Werder an die im Dienst get\u00f6teten Polizeibeamten. Heinze war laut Innenminister der erste Polizist, der in Brandenburg nach der Wende im Einsatz get\u00f6tet wurde. Am Donnerstag, 23. Oktober, veranstalten die Polizeiinspektion Potsdam und der Martin-Heinze-Fonds anl\u00e4sslich des 30. Todestages ein Konzert in der Bismarckh\u00f6he in Werder. Es spielt das Landespolizeiorchester bei freiem Eintritt.<\/p>\n<p>Der Martin-Heinze-Fonds unterst\u00fctzt seit vielen Jahren Hinterbliebene von Polizistinnen und Polizisten, die im Dienst ihr Leben verloren haben. &#8222;Diese Arbeit ist von unsch\u00e4tzbarem Wert und sie zeigt: Wir lassen die Familien nicht allein&#8220;, sagte Innenminister Ren\u00e9 Wilke (parteilos) laut einer Mitteilung. Der Potsdamer Polizist Martin Heinze war im August 1995 bei der Verfolgung eines fl\u00fcchtenden Einbrechers erstochen worden. In der Polizeiinspektion Potsdam in der Henning-von-Tresckow-Stra\u00dfe erinnert eine Gedenktafel an Heinze.<\/p>\n","protected":false},"excerpt":{"rendered":"Berlin &amp; Brandenburg Gedenken an ersten im Dienst get\u00f6teten Polizisten 19.10.2025, 06:02 Uhr Vor 30 Jahren starb der&hellip;\n","protected":false},"author":2,"featured_media":509968,"comment_status":"","ping_status":"","sticky":false,"template":"","format":"standard","meta":{"footnotes":""},"categories":[1816],"tags":[1960,1958,1959,1957,296,1956,1890,29,24175,5972,30,8813],"class_list":{"0":"post-509967","1":"post","2":"type-post","3":"status-publish","4":"format-standard","5":"has-post-thumbnail","7":"category-brandenburg","8":"tag-aktuelle-nachrichten-aus-berlin-und-brandenburg","9":"tag-aktuelle-nachrichten-aus-brandenburg","10":"tag-aktuelle-news-aus-berlin-und-brandenburg","11":"tag-aktuelle-news-aus-brandenburg","12":"tag-berlin","13":"tag-berlin-und-brandenburg","14":"tag-brandenburg","15":"tag-deutschland","16":"tag-dienst","17":"tag-gedenken","18":"tag-germany","19":"tag-polizisten"},"share_on_mastodon":{"url":"https:\/\/pubeurope.com\/@de\/115398877134401941","error":""},"_links":{"self":[{"href":"https:\/\/www.europesays.com\/de\/wp-json\/wp\/v2\/posts\/509967","targetHints":{"allow":["GET"]}}],"collection":[{"href":"https:\/\/www.europesays.com\/de\/wp-json\/wp\/v2\/posts"}],"about":[{"href":"https:\/\/www.europesays.com\/de\/wp-json\/wp\/v2\/types\/post"}],"author":[{"embeddable":true,"href":"https:\/\/www.europesays.com\/de\/wp-json\/wp\/v2\/users\/2"}],"replies":[{"embeddable":true,"href":"https:\/\/www.europesays.com\/de\/wp-json\/wp\/v2\/comments?post=509967"}],"version-history":[{"count":0,"href":"https:\/\/www.europesays.com\/de\/wp-json\/wp\/v2\/posts\/509967\/revisions"}],"wp:featuredmedia":[{"embeddable":true,"href":"https:\/\/www.europesays.com\/de\/wp-json\/wp\/v2\/media\/509968"}],"wp:attachment":[{"href":"https:\/\/www.europesays.com\/de\/wp-json\/wp\/v2\/media?parent=509967"}],"wp:term":[{"taxonomy":"category","embeddable":true,"href":"https:\/\/www.europesays.com\/de\/wp-json\/wp\/v2\/categories?post=509967"},{"taxonomy":"post_tag","embeddable":true,"href":"https:\/\/www.europesays.com\/de\/wp-json\/wp\/v2\/tags?post=509967"}],"curies":[{"name":"wp","href":"https:\/\/api.w.org\/{rel}","templated":true}]}}