{"id":50998,"date":"2025-04-22T02:20:09","date_gmt":"2025-04-22T02:20:09","guid":{"rendered":"https:\/\/www.europesays.com\/de\/50998\/"},"modified":"2025-04-22T02:20:09","modified_gmt":"2025-04-22T02:20:09","slug":"neue-wege-gehen-mut-zu-mehr-mut-federle-und-palmer-veroeffentlichen-buch-panorama","status":"publish","type":"post","link":"https:\/\/www.europesays.com\/de\/50998\/","title":{"rendered":"Neue Wege gehen &#8211; Mut zu mehr Mut: Federle und Palmer ver\u00f6ffentlichen Buch &#8211; Panorama"},"content":{"rendered":"<p data-manual=\"paragraph\" data-schema-org-speakable=\"true\" class=\"css-1vtjhd\"><a href=\"https:\/\/www.sueddeutsche.de\/thema\/T%C3%BCbingen\" target=\"_blank\" rel=\"noopener\">T\u00fcbingen<\/a> (dpa\/lsw) &#8211; In der Corona-Pandemie sorgten Not\u00e4rztin und Bestsellerautorin Lisa Federle und T\u00fcbingens OB Boris Palmer mit ihrer unkonventionellen Teststrategie bundesweit f\u00fcr Aufsehen. Sie setzten auf fl\u00e4chendeckende Tests, kostenlose FFP2-Masken f\u00fcr Senioren und ein Modellprojekt, das Einzelhandel und Gastronomie unter strengen Testauflagen wieder \u00f6ffnete.<\/p>\n<p>\u201eWir machen das jetzt!\u201c ist ein Aufruf zum Machen<\/p>\n<p data-manual=\"paragraph\" data-schema-org-speakable=\"true\" class=\"css-1vtjhd\">Nun ver\u00f6ffentlichen die beiden zusammen ein Buch: \u201eWir machen das jetzt!\u201c lautet der Titel, es erscheint am 25. April im Quadriga Verlag. Das Buch ist ein Aufruf, Mut zu haben, neue Wege zu gehen und besch\u00e4ftigt sich mit aktuellen gesellschaftlichen Herausforderungen in Deutschland. Es behandelt die globale Lage, B\u00fcrokratieabbau, kommunale Projekte, Klimawandel, Mut, Eigenverantwortung und gesunden Menschenverstand.\u00a0<\/p>\n<p data-manual=\"paragraph\" data-schema-org-speakable=\"true\" class=\"css-1vtjhd\">Das Werk ist eine Mischung aus pers\u00f6nlichen Erfahrungen und Palmers erfolgreichen kommunalen Initiativen wie etwa der Verpackungssteuer. T\u00fcbingen f\u00fchrte als erste Stadt in Deutschland eine Steuer auf Einwegverpackungen ein, um M\u00fcll zu reduzieren und Mehrwegsysteme zu f\u00f6rdern. Diese Ma\u00dfnahme wurde trotz rechtlicher Herausforderungen umgesetzt und hat Vorbildcharakter f\u00fcr andere St\u00e4dte.\u00a0<\/p>\n<p data-manual=\"paragraph\" data-schema-org-speakable=\"true\" class=\"css-1vtjhd\">Das Buch endet mit einem Aufruf zum Handeln &#8211; basierend auf den Perspektiven einer \u00c4rztin und eines OBs. Doch warum war es wichtig, dieses Buch jetzt zu schreiben und wie war der gemeinsame Schreibprozess?\u00a0<\/p>\n<p><img decoding=\"async\" alt=\"\" data-manual=\"overline, headerImageCaption, headerImageSrc, headerImageSrcSet\" data-testid=\"responsive-image\" loading=\"lazy\"  src=\"https:\/\/www.europesays.com\/de\/wp-content\/uploads\/2025\/04\/a456de71-2a8d-482e-a2a9-a22ccb1d9372.jpeg\"  class=\"css-y4bre2\"\/>In der Corona-Krise haben T\u00fcbingens OB Palmer und die Not\u00e4rztin Federle mit ihrer Teststrategie f\u00fcr Aufsehen gesorgt. (Foto-Produktion) (Foto: Bernd Wei\u00dfbrod\/dpa)Lisa Federle und Boris Palmer \u00fcber Motivation f\u00fcr das Buch<\/p>\n<p data-manual=\"paragraph\" data-schema-org-speakable=\"true\" class=\"css-1vtjhd\">\u201eIch wollte das Buch schreiben, weil mich diese ganzen wissenschaftlichen oder herk\u00f6mmlichen Ratgeber und wissenschaftlichen Analysen nicht so \u00fcberzeugt haben. Es sollte etwas aus der Praxis sein. Aber kombiniert eben auch mit jemandem, der politisch aktiv ist\u201c, erz\u00e4hlt Federle.\u00a0<\/p>\n<p data-manual=\"paragraph\" data-schema-org-speakable=\"true\" class=\"css-1vtjhd\">Palmer: \u201eLisa wollte ein Buch zu den Krisen unserer Zeit schreiben. Aber nicht als herk\u00f6mmlicher Ratgeber oder wissenschaftliche Analyse, sondern aus der Praxis und doch aus zwei ganz verschiedenen Perspektiven. Sie hat den ganz besonderen Blick der \u00c4rztin auf das Leben der Menschen, ich als Rathauschef schaue auf das unmittelbare Lebensumfeld.\u201c Ziel sei es, zu zeigen, wie man in schwierigen Situationen mit etwas Mut und den richtigen Leuten um sich herum immer etwas erreichen k\u00f6nne.<\/p>\n<p data-manual=\"paragraph\" data-schema-org-speakable=\"true\" class=\"css-1vtjhd\">Palmer hat laut Federle die meisten Kapitel zuerst geschrieben. Das war dann der politische Rahmen. \u201eIch habe zu den Themen, die wir vorher festgelegt hatten, dann die Erlebnisse und Geschichten aufgeschrieben, die ich erlebt habe und die damit in Verbindung standen.\u201c\u00a0<\/p>\n<p>Pl\u00e4doyer f\u00fcr weniger Absurdit\u00e4ten\u00a0<\/p>\n<p data-manual=\"paragraph\" data-schema-org-speakable=\"true\" class=\"css-1vtjhd\">Zum Thema Absurdit\u00e4ten w\u00fcrde Federle im Gesundheitssystem den Zugang zum Medizinstudium komplett ver\u00e4ndern. \u201eIch w\u00fcrde als Allererstes den Menschen den Zugang zum Medizinstudium verschaffen, dievorher schon in einem sozialen Beruf gearbeitet haben, weil die wissen, was auf sie zukommt.\u201c\u00a0<\/p>\n<p data-manual=\"paragraph\" data-schema-org-speakable=\"true\" class=\"css-1vtjhd\">Und Palmer? \u201eIch w\u00fcrde die st\u00e4ndige Kontrolle von \u00f6ffentlichen Trinkbrunnen durch Labore abschaffen. Da kommt bestes Trinkwasser raus, wie aus jedem anderen Wasserhahn. Die Dauerkontrolle f\u00fchrt dazu, dass eine Stadt wie T\u00fcbingen jedes Jahr zigtausend Euro nur f\u00fcr Wasserkontrolleure ausgeben muss. Das ist so teuer, dass man besser keine Brunnen anbietet, wenn man Geldn\u00f6te hat. Wem ist damit geholfen?\u201c<\/p>\n<p data-manual=\"paragraph\" data-schema-org-speakable=\"true\" class=\"css-1vtjhd\">Im Schreibprozess habe es auch Momente gegeben, wo man sich nicht immer einig gewesen sei, erz\u00e4hlt Palmer. Und was war f\u00fcr ihn dann die L\u00f6sung? \u201eAm besten ist es dann, man macht es so, wie Lisa es will.\u201c<\/p>\n<p data-manual=\"paragraph\" data-schema-org-speakable=\"true\" class=\"css-1vtjhd\">\u00a9 dpa-infocom, dpa:250422-930-456495\/1<\/p>\n","protected":false},"excerpt":{"rendered":"T\u00fcbingen (dpa\/lsw) &#8211; In der Corona-Pandemie sorgten Not\u00e4rztin und Bestsellerautorin Lisa Federle und T\u00fcbingens OB Boris Palmer mit&hellip;\n","protected":false},"author":2,"featured_media":50999,"comment_status":"","ping_status":"","sticky":false,"template":"","format":"standard","meta":{"footnotes":""},"categories":[1774],"tags":[1634,1784,1785,29,214,30,1724,5027,2057,2549,93,1974,23148,149,11714,215],"class_list":{"0":"post-50998","1":"post","2":"type-post","3":"status-publish","4":"format-standard","5":"has-post-thumbnail","7":"category-buecher","8":"tag-baden-wuerttemberg","9":"tag-books","10":"tag-buecher","11":"tag-deutschland","12":"tag-entertainment","13":"tag-germany","14":"tag-gesellschaft","15":"tag-kommune","16":"tag-leben-und-gesellschaft","17":"tag-leute","18":"tag-literatur","19":"tag-panorama","20":"tag-personen","21":"tag-sueddeutsche-zeitung","22":"tag-tuebingen","23":"tag-unterhaltung"},"share_on_mastodon":{"url":"https:\/\/pubeurope.com\/@de\/114379228782315948","error":""},"_links":{"self":[{"href":"https:\/\/www.europesays.com\/de\/wp-json\/wp\/v2\/posts\/50998","targetHints":{"allow":["GET"]}}],"collection":[{"href":"https:\/\/www.europesays.com\/de\/wp-json\/wp\/v2\/posts"}],"about":[{"href":"https:\/\/www.europesays.com\/de\/wp-json\/wp\/v2\/types\/post"}],"author":[{"embeddable":true,"href":"https:\/\/www.europesays.com\/de\/wp-json\/wp\/v2\/users\/2"}],"replies":[{"embeddable":true,"href":"https:\/\/www.europesays.com\/de\/wp-json\/wp\/v2\/comments?post=50998"}],"version-history":[{"count":0,"href":"https:\/\/www.europesays.com\/de\/wp-json\/wp\/v2\/posts\/50998\/revisions"}],"wp:featuredmedia":[{"embeddable":true,"href":"https:\/\/www.europesays.com\/de\/wp-json\/wp\/v2\/media\/50999"}],"wp:attachment":[{"href":"https:\/\/www.europesays.com\/de\/wp-json\/wp\/v2\/media?parent=50998"}],"wp:term":[{"taxonomy":"category","embeddable":true,"href":"https:\/\/www.europesays.com\/de\/wp-json\/wp\/v2\/categories?post=50998"},{"taxonomy":"post_tag","embeddable":true,"href":"https:\/\/www.europesays.com\/de\/wp-json\/wp\/v2\/tags?post=50998"}],"curies":[{"name":"wp","href":"https:\/\/api.w.org\/{rel}","templated":true}]}}