{"id":509982,"date":"2025-10-19T04:18:11","date_gmt":"2025-10-19T04:18:11","guid":{"rendered":"https:\/\/www.europesays.com\/de\/509982\/"},"modified":"2025-10-19T04:18:11","modified_gmt":"2025-10-19T04:18:11","slug":"niederlaender-uebergibt-kirchenbuch-an-dattelner-familie-horn","status":"publish","type":"post","link":"https:\/\/www.europesays.com\/de\/509982\/","title":{"rendered":"Niederl\u00e4nder \u00fcbergibt Kirchenbuch an Dattelner Familie Horn"},"content":{"rendered":"<p>\t\tNiederl\u00e4nder rettet ein St\u00fcck Dattelner Geschichte<br \/>\n\t\t\t\t\tBuch der Horns wieder in Familienbesitz<\/p>\n<p>\t\t\t\t<a class=\"article-author__name\" href=\"https:\/\/www.dattelner-morgenpost.de\/author\/julia-mueller\/\" rel=\"author noopener\" target=\"_blank\">Julia M\u00fcller<\/a><br \/>\n\t\tRedakteurin<\/p>\n<p>    <a href=\"https:\/\/www.dattelner-morgenpost.de\/wp-content\/uploads\/2025\/10\/17\/15\/630_0900_5186921_-1648x824.jpg\" target=\"_blank\" rel=\"noopener\"><\/p>\n<p>            <img loading=\"lazy\" decoding=\"async\" src=\"https:\/\/www.europesays.com\/de\/wp-content\/uploads\/2025\/10\/630_0900_5186920_-640x428.jpg\" width=\"640\" height=\"428\"  alt=\"Dirk Horn und Theo Huting halten ein Kirchenbuch in den H\u00e4nden.\"\/><\/p>\n<p>    <\/a><br \/>\n    Theo Huting (r.) hat \u00fcber ein Jahr nach einer Familie Horn gesucht. Seine Recherche f\u00fchrte den Niederl\u00e4nder nach Datteln. Jetzt haben sich Familie Horn und Familie Huting in der Kanalstadt getroffen. \u00a9 Julia M\u00fcller<\/p>\n<p class=\"article__teaser-text\">Ein Fund in einem Nachlass hat zwei Familien zusammengebracht. In Datteln hat Theo Huting aus den Niederlanden den Fund, ein Buch, nun an Familie Horn \u00fcbergeben.<\/p>\n<p>2 Min Lesezeit<\/p>\n<p>Ein Buch voller GeschichtenEin Abenteuer geht zu Ende<\/p>\n","protected":false},"excerpt":{"rendered":"Niederl\u00e4nder rettet ein St\u00fcck Dattelner Geschichte Buch der Horns wieder in Familienbesitz Julia M\u00fcller Redakteurin Theo Huting (r.)&hellip;\n","protected":false},"author":2,"featured_media":509983,"comment_status":"","ping_status":"","sticky":false,"template":"","format":"standard","meta":{"footnotes":""},"categories":[1774],"tags":[1784,1785,29,214,7754,126990,30,215],"class_list":{"0":"post-509982","1":"post","2":"type-post","3":"status-publish","4":"format-standard","5":"has-post-thumbnail","7":"category-buecher","8":"tag-books","9":"tag-buecher","10":"tag-deutschland","11":"tag-entertainment","12":"tag-familie-kinder","13":"tag-familienforschung","14":"tag-germany","15":"tag-unterhaltung"},"share_on_mastodon":{"url":"https:\/\/pubeurope.com\/@de\/115398909056925460","error":""},"_links":{"self":[{"href":"https:\/\/www.europesays.com\/de\/wp-json\/wp\/v2\/posts\/509982","targetHints":{"allow":["GET"]}}],"collection":[{"href":"https:\/\/www.europesays.com\/de\/wp-json\/wp\/v2\/posts"}],"about":[{"href":"https:\/\/www.europesays.com\/de\/wp-json\/wp\/v2\/types\/post"}],"author":[{"embeddable":true,"href":"https:\/\/www.europesays.com\/de\/wp-json\/wp\/v2\/users\/2"}],"replies":[{"embeddable":true,"href":"https:\/\/www.europesays.com\/de\/wp-json\/wp\/v2\/comments?post=509982"}],"version-history":[{"count":0,"href":"https:\/\/www.europesays.com\/de\/wp-json\/wp\/v2\/posts\/509982\/revisions"}],"wp:featuredmedia":[{"embeddable":true,"href":"https:\/\/www.europesays.com\/de\/wp-json\/wp\/v2\/media\/509983"}],"wp:attachment":[{"href":"https:\/\/www.europesays.com\/de\/wp-json\/wp\/v2\/media?parent=509982"}],"wp:term":[{"taxonomy":"category","embeddable":true,"href":"https:\/\/www.europesays.com\/de\/wp-json\/wp\/v2\/categories?post=509982"},{"taxonomy":"post_tag","embeddable":true,"href":"https:\/\/www.europesays.com\/de\/wp-json\/wp\/v2\/tags?post=509982"}],"curies":[{"name":"wp","href":"https:\/\/api.w.org\/{rel}","templated":true}]}}