{"id":509984,"date":"2025-10-19T04:19:13","date_gmt":"2025-10-19T04:19:13","guid":{"rendered":"https:\/\/www.europesays.com\/de\/509984\/"},"modified":"2025-10-19T04:19:13","modified_gmt":"2025-10-19T04:19:13","slug":"wer-ist-raus-tag-13","status":"publish","type":"post","link":"https:\/\/www.europesays.com\/de\/509984\/","title":{"rendered":"Wer ist raus (Tag 13)?"},"content":{"rendered":"<p>\t\t\t\t\t\t\t\t\t\t\t\t\t\t\t\t\t\t\t\t\t\t\t\t\t\t\t\t      \t\t            \t\t             \t\t\t\t   \t\t\t\t\t   <img decoding=\"async\" id=\"article-image\" fetchpriority=\"high\" alt=\"\u201ePromi Big Brother\u201c 2025: Wer ist raus (Tag 13)?\" title=\"\u201ePromi Big Brother\u201c 2025: Wer ist raus (Tag 13)?\" src=\"https:\/\/www.europesays.com\/de\/wp-content\/uploads\/2025\/10\/media.media.79887d90-8465-49f4-8d6e-74c7f271b7f1.16x9_700.jpg\" data-linkto=\"https:\/\/www.stuttgarter-nachrichten.de\/javascript:void(0);\"\/>\t\t\t\t\t\t\t\t\t\t\t\t\t\t\t\t\t\t\t\t\t\t\t\tAchim, Jimi und Andrej.\u00a0Foto: Joyn\t\t\t<\/p>\n<p>Wer in Folge 13 von \u201ePromi Big Brother\u201c 2025 den Rohbau verlassen muss, lesen Sie im Artikel.und wer auf der Nominierungsliste steht, erfahren Sie im Artikel.<\/p>\n<p>Bei \u201ePromi <a href=\"https:\/\/www.stuttgarter-nachrichten.de\/thema\/Big_Brother\" title=\"Big Brother\" class=\"art_thema\" target=\"_blank\" rel=\"noopener\">Big Brother<\/a>\u201c 2025 spitzt sich die Lage immer weiter\u00a0zu: Heute Abend endet f\u00fcr einen weiteren Bewohner das Abenteuer, denn die Zuschauer treffen wieder die Entscheidung, wer gehen muss. Wer muss kurz vor dem Halbfinale seine Koffer packen?<\/p>\n<p>Das passiert an Tag 13 <\/p>\n<p><strong>Jimi Blue und Yeliz: Gibt es noch eine Chance?<\/strong><\/p>\n<p>Karina fragt Jimi Blue, ob eine Vers\u00f6hnung mit der Mutter seiner Tochter infrage kommt. Er sagt: grunds\u00e4tzlich sch\u00f6n, aber zu riskant \u2013 das aktuelle, freundschaftliche Verh\u00e4ltnis als Eltern will er nicht durch eine Beziehung gef\u00e4hrden. Sie scherzen: In zehn Jahren, wenn beide solo sind, k\u00f6nnte man schauen. Den Schneeflocken\u2011Anh\u00e4nger sieht er als Symbol f\u00fcr Best\u00e4ndigkeit; er hat Yeliz denselben in Ros\u00e9gold geschenkt, weil das Kind bleibt \u2013 so wie Gold.<\/p>\n<p><strong>Video-Botschaften f\u00fcr die Bewohner in der Musterwohnung<\/strong><\/p>\n<p>Die Musterwohnung gewinnt das Quiz gegen den Rohbau und bekommt Videobotschaften als Belohnung:<br data-end=\"98\" data-start=\"95\"\/> Achim h\u00f6rt warme Worte seiner gro\u00dfen Familie. Andrej wird bei der Nachricht von Freundin Annika Jung sichtlich emotional. Jimi Blue bekommt liebe Gr\u00fc\u00dfe von Mutter Natascha, Schwester Cheyenne, Schwager Nino und eine gemalte Botschaft von Tochter Snow. Harald erh\u00e4lt eine vergleichsweise\u00a0kurze Botschaft von Kader Loth und deren Ex-Mann Isi, wirkt zun\u00e4chst gefasst, bricht sp\u00e4ter allein in Tr\u00e4nen aus und erkl\u00e4rt im Sprechzimmer: &#8222;Da merke ich, dass da keine Familie ist. In diesem Moment war mir klar, dass ich weder in der Kindheit Eltern und Familie hatte, und dass ich mein ganzes Leben alleine war.&#8220;\u00a0<\/p>\n<p>&#8222;Promi Big Brother&#8220; 2025: Wer ist raus an Tag 13? <\/p>\n<p>F\u00fcr die Bewohner wird es ernst: In der Arena steht eine offene Nominierungsrunde an. Jeder Promi nennt einen Mitstreiter, der auf der <strong>Exitliste <\/strong>landet. Am Ende trifft es <strong>Andrej, Laura, Michael, Erik und Harald<\/strong>.\u00a0Danach liegt die Macht bei den Zuschauern: F\u00fcr <strong>Andrej\u00a0ist die Reise bei &#8222;Promi Big Brother&#8220; 2025 am Ende von Folge 13 zu Ende<\/strong>.<\/p>\n<p> \u201ePromi Big Brother\u201c 2025: Diese Bewohner sind in der 13. Staffel noch mit dabei <\/p>\n<ul>\n<li>Laura Blond<\/li>\n<li>Karina2you<\/li>\n<li>Achim Petry<\/li>\n<li>Michael Naseband<\/li>\n<li>Erik aka Satansbratan<\/li>\n<li>Harald Gl\u00f6\u00f6ckler<\/li>\n<li>Jimi Blue Ochsenknecht<\/li>\n<\/ul>\n<p>Genauere Infos zu den Kandidaten lesen Sie hier: <a href=\"https:\/\/www.stuttgarter-nachrichten.de\/inhalt.promi-big-brother-2025-staffel-13-kandidaten-rep-mhsd.256666b7-8333-419b-bb57-9ec4a088f267.html\" target=\"_blank\" rel=\"noopener\">\u201ePromi Big Brother\u201c 2025: Alle Bewohner im \u00dcberblick<\/a><\/p>\n<p> Diese Bewohner sind bei &#8222;Promi Big Brother&#8220; 2025 bereits ausgeschieden <\/p>\n<ul>\n<li>Doreen Dietel (rausgew\u00e4hlt an Tag 7)<\/li>\n<li>Christina Dimitriou (rausgew\u00e4hlt an Tag 8)<\/li>\n<li>Pinar Sevim (rausgew\u00e4hlt an Tag 8)<\/li>\n<li>Marc Terenzi\u00a0(rausgew\u00e4hlt an Tag\u00a09)<\/li>\n<li>Sarah-Jane Wollny (rausgew\u00e4hlt an Tag\u00a010)<\/li>\n<li>Paco Herb\u00a0(rausgew\u00e4hlt an Tag\u00a011)<\/li>\n<li>D\u00e9sir\u00e9e Nick\u00a0(rausgew\u00e4hlt an Tag\u00a012)<\/li>\n<li>Andrej Mangold\u00a0(rausgew\u00e4hlt an Tag\u00a013)<\/li>\n<\/ul>\n<p> Wo kann man \u201ePromi Big Brother\u201c 2025 schauen? <\/p>\n<p>\u201ePromi Big Brother\u201c 2025 startet mit einem 24\/7-Livestream auf <a href=\"https:\/\/www.stuttgarter-nachrichten.de\/thema\/Joyn\" title=\"Joyn\" class=\"art_thema\" target=\"_blank\" rel=\"noopener\">Joyn<\/a> bereits ab Samstag, 4. Oktober 2025, ab 15:00 Uhr.<\/p>\n<p>Die Live-Shows beginnen am Montag, dem 6. Oktober 2025. Auf <a href=\"https:\/\/www.stuttgarter-nachrichten.de\/thema\/Sat.1\" title=\"Sat.1\" class=\"art_thema\" target=\"_blank\" rel=\"noopener\">Sat.1<\/a> und parallel auf Joyn werden sie ausgestrahlt.<\/p>\n<p>Die Sendezeiten sind typischerweise:<\/p>\n<ul>\n<li>Montags und dienstags um 20:15 Uhr<\/li>\n<li>Mittwoch bis Sonntag meist um 22:30 Uhr<\/li>\n<\/ul>\n<p>Wer die Sendungen verpasst, kann sie on demand in der Joyn-Mediathek ansehen.<\/p>\n<p> Um was geht es bei \u201ePromi Big Brother\u201c? <\/p>\n<p>\u201ePromi Big Brother\u201c ist die Promi-Variante des bekannten Reality-<a href=\"https:\/\/www.stuttgarter-nachrichten.de\/thema\/TV\" title=\"TV\" class=\"art_thema\" target=\"_blank\" rel=\"noopener\">TV<\/a>-Formats \u201eBig Brother\u201c. Mehrere mehr oder weniger prominente Kandidatinnen und Kandidaten ziehen gemeinsam in einen abgeschotteten Container oder in verschiedene Wohnbereiche, die meist sehr unterschiedlich ausgestattet sind \u2013 von luxuri\u00f6s bis spartanisch. Dort leben sie rund um die Uhr unter st\u00e4ndiger Kamera\u00fcberwachung. Konflikte, Allianzen, Streitigkeiten und Freundschaften entstehen in diesem k\u00fcnstlichen Mikrokosmos quasi automatisch. In regelm\u00e4\u00dfigen Abst\u00e4nden nominieren sich die Bewohner gegenseitig f\u00fcr den Auszug, \u00fcber den letztlich das Publikum entscheidet. Am Ende bleibt ein Finalist \u00fcbrig, der als Sieger gekr\u00f6nt wird und ein Preisgeld erh\u00e4lt.<\/p>\n","protected":false},"excerpt":{"rendered":"Achim, Jimi und Andrej.\u00a0Foto: Joyn Wer in Folge 13 von \u201ePromi Big Brother\u201c 2025 den Rohbau verlassen muss,&hellip;\n","protected":false},"author":2,"featured_media":509985,"comment_status":"","ping_status":"","sticky":false,"template":"","format":"standard","meta":{"footnotes":""},"categories":[1773],"tags":[14220,29,214,441,30,9901,766,13002,471,1780,684,215],"class_list":{"0":"post-509984","1":"post","2":"type-post","3":"status-publish","4":"format-standard","5":"has-post-thumbnail","7":"category-serien","8":"tag-big-brother","9":"tag-deutschland","10":"tag-entertainment","11":"tag-fernsehen","12":"tag-germany","13":"tag-joyn","14":"tag-reality-tv","15":"tag-sat-1","16":"tag-serien","17":"tag-series","18":"tag-tv","19":"tag-unterhaltung"},"share_on_mastodon":{"url":"https:\/\/pubeurope.com\/@de\/115398912697544383","error":""},"_links":{"self":[{"href":"https:\/\/www.europesays.com\/de\/wp-json\/wp\/v2\/posts\/509984","targetHints":{"allow":["GET"]}}],"collection":[{"href":"https:\/\/www.europesays.com\/de\/wp-json\/wp\/v2\/posts"}],"about":[{"href":"https:\/\/www.europesays.com\/de\/wp-json\/wp\/v2\/types\/post"}],"author":[{"embeddable":true,"href":"https:\/\/www.europesays.com\/de\/wp-json\/wp\/v2\/users\/2"}],"replies":[{"embeddable":true,"href":"https:\/\/www.europesays.com\/de\/wp-json\/wp\/v2\/comments?post=509984"}],"version-history":[{"count":0,"href":"https:\/\/www.europesays.com\/de\/wp-json\/wp\/v2\/posts\/509984\/revisions"}],"wp:featuredmedia":[{"embeddable":true,"href":"https:\/\/www.europesays.com\/de\/wp-json\/wp\/v2\/media\/509985"}],"wp:attachment":[{"href":"https:\/\/www.europesays.com\/de\/wp-json\/wp\/v2\/media?parent=509984"}],"wp:term":[{"taxonomy":"category","embeddable":true,"href":"https:\/\/www.europesays.com\/de\/wp-json\/wp\/v2\/categories?post=509984"},{"taxonomy":"post_tag","embeddable":true,"href":"https:\/\/www.europesays.com\/de\/wp-json\/wp\/v2\/tags?post=509984"}],"curies":[{"name":"wp","href":"https:\/\/api.w.org\/{rel}","templated":true}]}}