{"id":510154,"date":"2025-10-19T06:04:22","date_gmt":"2025-10-19T06:04:22","guid":{"rendered":"https:\/\/www.europesays.com\/de\/510154\/"},"modified":"2025-10-19T06:04:22","modified_gmt":"2025-10-19T06:04:22","slug":"mainzer-newwelinge-hier-gibt-es-sie-jetzt-zu-kaufen","status":"publish","type":"post","link":"https:\/\/www.europesays.com\/de\/510154\/","title":{"rendered":"Mainzer Newwelinge: Hier gibt es sie jetzt zu kaufen"},"content":{"rendered":"<p>Jedes Jahr an Allerheiligen (1. November) werden auf Mainzer Friedh\u00f6fen Newwelinge zum Totengedenken an die Gr\u00e4ber gestellt \u2013 diese Tradition existiert nur hier, und das schon seit dem Mittelalter. <\/p>\n<p>Hergestellt werden die Kegel aus feinen Wachsschn\u00fcren in Handarbeit, daher stand ihre Produktion vor einiger Zeit kurz vor dem Aus. Denn der einzige noch verbliebene Hersteller, die Kerzenfabrik \u201eAugust Tusar Erben AG\u201c, gab vor drei Jahren bekannt, die Produktion aus gesundheitlichen Gr\u00fcnden einzustellen (<a href=\"https:\/\/merkurist.de\/mainz\/newwelinge-trauriges-aus-fuer-mainzer-tradition_alx\" title=\"\" rel=\"nofollow noopener\" target=\"_blank\">wir berichteten<\/a>). <\/p>\n<p>Reine Handarbeit<\/p>\n<p>Doch dann hatte der Betreiber Franz-Hubertus Tusar zwei Jahre sp\u00e4ter einen Nachfolger f\u00fcr die Newweling-Produktion gefunden: die GPE Wachsmanufaktur in der Mombacher Stra\u00dfe. Wie Michaela Gantert <a href=\"https:\/\/merkurist.de\/mainz\/allerheiligen-nach-aus-fuer-mainzer-tradition-newwelinge-sind-zurueck_yiwU\" title=\"\" rel=\"nofollow noopener\" target=\"_blank\">im vergangenen Jahr gegen\u00fcber Merkurist erkl\u00e4rte<\/a>, hatte das Team schon l\u00e4nger \u00fcberlegt, die Produktion der Newwelinge zu \u00fcbernehmen. So habe der Kontakt zu Tusar bereits seit 2017 bestanden. Ein Problem war jedoch lange Zeit, dass die Manufaktur nicht wie Tusar \u00fcber die Maschinen verf\u00fcgte. \u201eWir k\u00f6nnen ausschlie\u00dflich in reiner Handarbeit herstellen\u201c, so Gantert. <\/p>\n<p>Im vergangenen Jahr dann haben die Mitarbeiter mit der Produktion begonnen, und das bereits im Fr\u00fchjahr. Statt Paraffin verwenden sie reines Bienenwachs, da dieses flexibler ist. Die d\u00fcnnen Str\u00e4nge werden getaucht und dann auf spezielle H\u00f6lzer gewickelt, die nach Tusars Vorbild eigens f\u00fcr die Newwelinge hergestellt wurden. Bei der GPE, wo Menschen mit psychischen Beeintr\u00e4chtigungen besch\u00e4ftigt sind, arbeiten sie in Schichten in der Produktion. Die Mitarbeiter seien froh, ein in Mainz so beliebtes Produkt herzustellen, so Gantert. <\/p>\n<p>Verkauf in verschiedenen L\u00e4den<\/p>\n<p>Auch in diesem Jahr haben sie die Arbeit im Juni wieder aufgenommen, wie Jens Bucher aus der GPE-Unternehmenskommunikation nun auf Merkurist-Anfrage sagt. \u201eWir haben in diesem Jahr noch fr\u00fcher angefangen, um die Nachfrage bedienen zu k\u00f6nnen.\u201c <\/p>\n<p>Die ersten Newwelinge stehen auch schon zum Verkauf: Es gibt sie bei der GPE Wachsmanufaktur selbst, im Gesch\u00e4ft \u201e&#8217;s Fachl\u201c in der Inselstra\u00dfe\/Gro\u00dfe Langgasse sowie im Biomarkt \u201eNat\u00fcrlich\u201c in der Josefsstra\u00dfe. Es gibt sie in Vierfarbbunt sowie in einigen anderen Farbkombinationen. 6 Euro kosten die dreistr\u00e4ngigen, 7 Euro die vierstr\u00e4ngigen Versionen. <\/p>\n<p>Geplant sei, etwa 1900 Newwelinge bis Allerheilingen herzustellen, so Bucher. Dann werde es auch wieder einen traditionellen Verkaufsstand auf dem Mainzer Hauptfriedhof geben. Von 10 bis 16 Uhr k\u00f6nnen hier am 1. November dann die Wachskegel erworben werden.<\/p>\n","protected":false},"excerpt":{"rendered":"Jedes Jahr an Allerheiligen (1. November) werden auf Mainzer Friedh\u00f6fen Newwelinge zum Totengedenken an die Gr\u00e4ber gestellt \u2013&hellip;\n","protected":false},"author":2,"featured_media":510155,"comment_status":"","ping_status":"","sticky":false,"template":"","format":"standard","meta":{"footnotes":""},"categories":[1847],"tags":[3364,29,548,663,3934,30,13,2052,14,15,12,4544],"class_list":{"0":"post-510154","1":"post","2":"type-post","3":"status-publish","4":"format-standard","5":"has-post-thumbnail","7":"category-wiesbaden","8":"tag-de","9":"tag-deutschland","10":"tag-eu","11":"tag-europa","12":"tag-europe","13":"tag-germany","14":"tag-headlines","15":"tag-hessen","16":"tag-nachrichten","17":"tag-news","18":"tag-schlagzeilen","19":"tag-wiesbaden"},"share_on_mastodon":{"url":"https:\/\/pubeurope.com\/@de\/115399325489557680","error":""},"_links":{"self":[{"href":"https:\/\/www.europesays.com\/de\/wp-json\/wp\/v2\/posts\/510154","targetHints":{"allow":["GET"]}}],"collection":[{"href":"https:\/\/www.europesays.com\/de\/wp-json\/wp\/v2\/posts"}],"about":[{"href":"https:\/\/www.europesays.com\/de\/wp-json\/wp\/v2\/types\/post"}],"author":[{"embeddable":true,"href":"https:\/\/www.europesays.com\/de\/wp-json\/wp\/v2\/users\/2"}],"replies":[{"embeddable":true,"href":"https:\/\/www.europesays.com\/de\/wp-json\/wp\/v2\/comments?post=510154"}],"version-history":[{"count":0,"href":"https:\/\/www.europesays.com\/de\/wp-json\/wp\/v2\/posts\/510154\/revisions"}],"wp:featuredmedia":[{"embeddable":true,"href":"https:\/\/www.europesays.com\/de\/wp-json\/wp\/v2\/media\/510155"}],"wp:attachment":[{"href":"https:\/\/www.europesays.com\/de\/wp-json\/wp\/v2\/media?parent=510154"}],"wp:term":[{"taxonomy":"category","embeddable":true,"href":"https:\/\/www.europesays.com\/de\/wp-json\/wp\/v2\/categories?post=510154"},{"taxonomy":"post_tag","embeddable":true,"href":"https:\/\/www.europesays.com\/de\/wp-json\/wp\/v2\/tags?post=510154"}],"curies":[{"name":"wp","href":"https:\/\/api.w.org\/{rel}","templated":true}]}}