{"id":51022,"date":"2025-04-22T02:34:13","date_gmt":"2025-04-22T02:34:13","guid":{"rendered":"https:\/\/www.europesays.com\/de\/51022\/"},"modified":"2025-04-22T02:34:13","modified_gmt":"2025-04-22T02:34:13","slug":"schleswig-holstein-aktuell-nachrichten-im-ueberblick-ndr-de-nachrichten-6","status":"publish","type":"post","link":"https:\/\/www.europesays.com\/de\/51022\/","title":{"rendered":"Schleswig-Holstein aktuell: Nachrichten im \u00dcberblick | NDR.de &#8211; Nachrichten"},"content":{"rendered":"<p>\nStand: 21.04.2025 16:44 Uhr\n<\/p>\n<p class=\"preface\">Nachrichten aus Schleswig-Holstein vom 21. April 2025 &#8211; kompakt und aktuell im Newsblog von NDR SH: Lesen Sie hier im \u00dcberblick, was im Land passiert ist und was noch wichtig wird.<\/p>\n<p><strong>Das Wichtigste in K\u00fcrze:<\/strong><\/p>\n<p>\n16:43 Uhr\n<\/p>\n<p><a name=\"Papst-Franziskus-Tod\">Papst Franziskus<\/a> ist tot &#8211; Anteilnahme aus Schleswig-Holstein<\/p>\n<p>\n16:36 Uhr\n<\/p>\n<p>Das <a href=\"https:\/\/www.ndr.de\/nachrichten\/info\/Auch-im-Norden-Trauer-ueber-den-Tod-von-Papst-Franziskus-,papst1036.html\" title=\"Zum Artikel: Auch im Norden Trauer \u00fcber den Tod von Papst Franziskus \" target=\"_blank\" rel=\"noopener\">Oberhaupt der katholischen Kirche, Papst Franziskus, ist tot<\/a>. Das best\u00e4tigte der Vatikan am Montagvormittag. Stefan He\u00dfe, der katholische Erzbischof f\u00fcr Hamburg, Schleswig-Holstein und Teile Mecklenburg-Vorpommerns, w\u00fcrdigte den verstorbenen Papst als &#8222;gro\u00dfen Br\u00fcckenbauer&#8220;. He\u00dfe hob die Friedensbotschaft des Papstes hervor: Er habe sich f\u00fcr den Frieden in Syrien, dem Sudan, der Ukraine, in Israel und Pal\u00e4stina eingesetzt. Die Landesbisch\u00f6fin der Evangelisch-Lutherischen Kirche im Norden, Kristina K\u00fchnbaum-Schmidt, w\u00fcrdigte Franziskus&#8216; Engagement f\u00fcr \u00d6kumene und Klimaschutz. Schleswig-Holsteins Ministerpr\u00e4sident Daniel G\u00fcnther (CDU) nannte Franziskus eine beeindruckende, mutige und zutiefst menschliche Pers\u00f6nlichkeit. | NDR Schleswig-Holstein 21.04.2025 18:00 Uhr<\/p>\n<p>Weitere Informationen<\/p>\n<p><img decoding=\"async\" src=\"https:\/\/www.europesays.com\/de\/wp-content\/uploads\/2025\/04\/franziskus202_v-contentgross.jpg\" alt=\"Papst Franziskus winkt w\u00e4hrend der Generalaudienz im Vatikan. \u00a9 Michael Kappeler\/dpa +++ dpa-Bildfunk +++ \" title=\"Papst Franziskus winkt w\u00e4hrend der Generalaudienz im Vatikan.\" class=\"responsive\"\/><\/p>\n<p>\nDas Oberhaupt der katholischen Kirche starb am Ostermontag im Alter von 88 Jahren in Folge eines Schlaganfalls. Auch in Norddeutschland l\u00f6ste die Nachricht Trauer aus.<br \/>\n<a title=\"Zum Artikel: Auch im Norden Trauer \u00fcber den Tod von Papst Franziskus\" href=\"https:\/\/www.ndr.de\/nachrichten\/info\/Auch-im-Norden-Trauer-ueber-den-Tod-von-Papst-Franziskus-,papst1036.html\" class=\"cta \" target=\"_blank\" rel=\"noopener\">mehr<\/a>\n<\/p>\n<p>\n16:10 Uhr\n<\/p>\n<p>In der Fu\u00dfball-Regionalliga Nord hat Eintracht <a href=\"https:\/\/www.ndr.de\/nachrichten\/schleswig-holstein\/Norderstedt-Aktuelle-Nachrichten-und-Videos,norderstedt484.html\" title=\"Zum Artikel: Norderstedt - Aktuelle Nachrichten und Videos\" target=\"_blank\" rel=\"noopener\">Norderstedt<\/a> das Landesduell beim SV Todesfelde gewonnen. Durch das 1:0 macht die Eintracht einen gro\u00dfen Schritt in Richtung Klassenerhalt. Die Todesfelder bleiben damit im Abstiegskampf. Au\u00dferdem holte Weiche <a href=\"https:\/\/www.ndr.de\/nachrichten\/schleswig-holstein\/Flensburg-Nachrichten-Hintergruende-und-Videos,flensburg6034.html\" title=\"Zum Artikel: Flensburg - Aktuelle Nachrichten und Videos\" target=\"_blank\" rel=\"noopener\">Flensburg<\/a> drei Punkte im Abstiegskampf mit einem 3:2 gegen den direkten Konkurrenten Bremer SV. Weiter oben festigte Ph\u00f6nix <a href=\"https:\/\/www.ndr.de\/nachrichten\/schleswig-holstein\/Luebeck-Aktuelle-Nachrichten-und-Videos-,luebeck2802.html\" title=\"Zum Artikel: L\u00fcbeck - Aktuelle Nachrichten und Videos \" target=\"_blank\" rel=\"noopener\">L\u00fcbeck<\/a> Tabellenplatz f\u00fcnf durch einen 2:0-Heimsieg gegen die zweite Mannschaft des FC St. Pauli. | NDR Schleswig-Holstein 21.04.2025 16:00 Uhr<\/p>\n<p>\n11:41 Uhr\n<\/p>\n<p>Der ADAC erwartet am Ostermontag einen der staureichsten Tage im Jahr &#8211; mit Verz\u00f6gerungen bis in den Abend hinein. Grund seien der R\u00fcckreiseverkehr nach den Osterfeiertagen sowie das Ferienende in mehreren Bundesl\u00e4ndern, etwa in Niedersachsen, Bremen und Mecklenburg-Vorpommern. Im <a href=\"https:\/\/www.ndr.de\/nachrichten\/info\/Oster-Reiseverkehr-Heute-volle-Strassen-und-Autobahnen-erwartet,osterverkehr138.html\" title=\"Zum Artikel: Oster-Reiseverkehr: Volle Stra\u00dfen und Autobahnen im Norden\" target=\"_blank\" rel=\"noopener\">Norden rechnet der ADAC besonders im Gro\u00dfraum Hamburg mit Staus<\/a>, unter anderem wegen Baustellen nahe den Elbbr\u00fccken sowie am Autobahnkreuz Bargteheide. | NDR Schleswig-Holstein 21.04.2025 12:00 Uhr<\/p>\n<p>Weitere Informationen<\/p>\n<p><img decoding=\"async\" src=\"https:\/\/www.europesays.com\/de\/wp-content\/uploads\/2025\/04\/stau1746_v-contentgross.jpg\" alt=\"Stau auf der A23. \u00a9 Daniel Friederichs Foto: Daniel Friederichs\" title=\"Stau auf der A23.\" class=\"responsive\"\/><\/p>\n<p>\nNach dem langen Oster-Wochenende enden unter anderem in Niedersachsen, Bremen und Mecklenburg-Vorpommern die Ferien.<br \/>\n<a title=\"Zum Artikel: Oster-Reiseverkehr: Volle Stra\u00dfen und Autobahnen im Norden\" href=\"https:\/\/www.ndr.de\/nachrichten\/info\/Oster-Reiseverkehr-Heute-volle-Strassen-und-Autobahnen-erwartet,osterverkehr138.html\" class=\"cta \" target=\"_blank\" rel=\"noopener\">mehr<\/a>\n<\/p>\n<p>\n11:14 Uhr\n<\/p>\n<p>Mehr Sch\u00fclerinnen und Sch\u00fcler <a name=\"Musikschulen-SH\">musizieren<\/a> an Musikschulen in SH<\/p>\n<p>Die Zahl der Musizierenden ist in den vergangenen vier Jahren deutlich gestiegen. Das zeigt eine Studie des Deutschen Musikinformationszentrums. Auch in Schleswig-Holstein geht der Trend nach oben: Die Zahl der Musiksch\u00fclerinnen und -sch\u00fcler an den <a href=\"https:\/\/www.ndr.de\/nachrichten\/schleswig-holstein\/Musikschulen-in-SH-sollen-mehr-Geld-bekommen,shnews2054.html\" title=\"Zum Artikel: Musikschulen in SH sollen mehr Geld bekommen\" target=\"_blank\" rel=\"noopener\">22 \u00f6ffentlichen Musikschulen im Land<\/a> steigt seit dem Ende der Corona-Pandemie kontinuierlich an. Hier sind 36.500 Sch\u00fcler gemeldet, sagt der Landesverband der Musikschulen. Allein im vergangenen Jahr sind demnach rund 500 dazugekommen. Besonders gefragt sei der Musikunterricht bei Kindern zwischen 6 und 14 Jahren. Sie machen fast die H\u00e4lfte der Musiksch\u00fclerschaft aus. Allerdings h\u00e4ngt laut Studie der Zugang zu Musikunterricht stark vom sozialen Hintergrund ab. | NDR Schleswig-Holstein 21.04.2025 10:00 Uhr<\/p>\n<p>\n10:45 Uhr\n<\/p>\n<p>Unfall und Vollsperrung auf der <a name=\"Unfall-Vollsperrung-A7\">A7<\/a> bei Henstedt-Ulzburg<\/p>\n<p>Bei einem Auffahrunfall auf der <a href=\"https:\/\/www.ndr.de\/home\/verkehr\/A7-News-zu-Unfaellen-und-Baustellen-im-Norden-der-Autobahn,asieben288.html\" title=\"Zum Artikel: A7 - News zu Unf\u00e4llen und Baustellen im Norden der Autobahn\" target=\"_blank\" rel=\"noopener\">A7<\/a> bei <a href=\"https:\/\/www.ndr.de\/nachrichten\/schleswig-holstein\/Henstedt-Ulzburg,henstedtulzburg234.html\" title=\"Zum Artikel: Henstedt-Ulzburg\" target=\"_blank\" rel=\"noopener\">Henstedt-Ulzburg<\/a> im <a href=\"https:\/\/www.ndr.de\/nachrichten\/schleswig-holstein\/Kreis-Segeberg-Aktuelle-Nachrichten-und-Videos,segeberg224.html\" title=\"Zum Artikel: Kreis Segeberg - Aktuelle Nachrichten und Videos\" target=\"_blank\" rel=\"noopener\">Kreis Segeberg<\/a> sind am sp\u00e4ten Sonntagabend drei Menschen verletzt worden. Laut Polizei fuhr ein Transporter mit hoher Geschwindigkeit auf ein Auto auf. Zwei M\u00e4nner in dem Transporter wurden leicht verletzt, der 35 Jahre alte Autofahrer schwer. Eine Polizeisprecherin sagte, das Tr\u00fcmmerfeld auf der A7 sei so gro\u00df gewesen, dass die Aufr\u00e4umarbeiten insgesamt drei Stunden gedauert h\u00e4tten. In der Zeit war die Autobahn zwischen Henstedt-Ulzburg und Kaltenkirchen in Richtung Hamburg voll gesperrt. | NDR Schleswig-Holstein 21.04.2025 09:00 Uhr<\/p>\n<p>\n10:32 Uhr\n<\/p>\n<p>Schleswig-Holsteiner reisen inzwischen seltener in die <a name=\"USA-Reisen-SH\">USA<\/a><\/p>\n<p>Die Lust auf Reisen in die USA scheint weltweit nachzulassen: Die Vereinigten Staaten z\u00e4hlten zuletzt deutlich weniger Besucher als \u00fcblich. Auch in Schleswig-Holstein melden mehrere Reiseb\u00fcros auf NDR Nachfrage sinkende Buchungszahlen. Viele Kunden seien verunsichert. Gr\u00fcnde seien unter anderem die strikte US-Grenzpolitik, Meldungen \u00fcber verweigerte Einreisen und generell die Politik unter Pr\u00e4sident Donald Trump. Einige Reiseb\u00fcros im Land berichten, dass vereinzelt Urlauber nach Kanada ausweichen. Gleichzeitig sagen aber die meisten befragten Filialen, dass alle, die schon l\u00e4nger eine Reise in die USA gebucht haben, diese auch antreten. Die Reiseb\u00fcros betonen, dass die Vereinigten Staaten weiter ein sicheres Reiseziel seien. | NDR Schleswig-Holstein 21.04.2025 09:00 Uhr<\/p>\n<p>\n10:19 Uhr\n<\/p>\n<p>Unfall mit Fahrerflucht auf der <a name=\"Unfall-B200-Flensburg\">B200<\/a> bei Flensburg<\/p>\n<p>Ein Unfall nahe <a href=\"https:\/\/www.ndr.de\/nachrichten\/schleswig-holstein\/Flensburg-Nachrichten-Hintergruende-und-Videos,flensburg6034.html\" title=\"Zum Artikel: Flensburg - Aktuelle Nachrichten und Videos\" target=\"_blank\" rel=\"noopener\">Flensburg<\/a> hat am sp\u00e4ten Sonntagabend eine gr\u00f6\u00dfere Suchaktion der Polizei ausgel\u00f6st. Auf der B200 zwischen Haurup-Hoffnung und Wanderup (<a href=\"https:\/\/www.ndr.de\/nachrichten\/schleswig-holstein\/Kreis-Schleswig-Flensburg-Aktuelle-Nachrichten-und-Videos,schleswigflensburg118.html\" title=\"Zum Artikel: Kreis Schleswig-Flensburg - Aktuelle Nachrichten und Videos\" target=\"_blank\" rel=\"noopener\">Kreis Schleswig-Flensburg<\/a>) waren laut Polizei zwei Autos frontal zusammengesto\u00dfen. Ein Unfallbeteiligter blieb offenbar unverletzt. Zwei junge M\u00e4nner &#8211; vermutlich der Unfallverusacher und ein Mitfahrer &#8211; wurden leicht verletzt. Sie flohen nach dem Unfall &#8211; die Polizei leitete nach eigenen Angaben eine Suche nach den M\u00e4nnern ein. Sp\u00e4ter wurden sie von Einsatzkr\u00e4ften gefunden. Jetzt muss noch gekl\u00e4rt werden, wer gefahren ist und ob die M\u00e4nner unter Drogen- oder Alkoholeinfluss standen. | NDR Schleswig-Holstein 21.04.2025 08:00 Uhr<\/p>\n<p>\n10:02 Uhr\n<\/p>\n<p><a name=\"Wetter-SH\">Das Wetter<\/a>: wolkig mit Regenwahrscheinlichkeit<\/p>\n<p>Am Nachmittag wird es wechselnd bis stark bew\u00f6lkt, neben trockenen Abschnitten gibt es auch Regenschauer. Am sp\u00e4ten Nachmittag und Abend sind auch vereinzelt Gewitter m\u00f6glich, vorwiegend n\u00f6rdlich des Kanals. S\u00fcdlich vom Kanal besteht die Chance auf Sonnenschein. H\u00f6chstwerte liegen bei 11 bis 12 Grad auf den <a href=\"https:\/\/www.ndr.de\/nachrichten\/schleswig-holstein\/Nordfriesland-Aktuelle-Nachrichten-und-Videos,nordfriesland174.html\" title=\"Zum Artikel: Nordfriesland - Aktuelle Nachrichten und Videos\" target=\"_blank\" rel=\"noopener\">Nordfriesischen<\/a> Inseln, 13 Grad in <a href=\"https:\/\/www.ndr.de\/nachrichten\/schleswig-holstein\/Flensburg-Nachrichten-Hintergruende-und-Videos,flensburg6034.html\" title=\"Zum Artikel: Flensburg - Aktuelle Nachrichten und Videos\" target=\"_blank\" rel=\"noopener\">Flensburg<\/a> bis 18 Grad in <a href=\"https:\/\/www.ndr.de\/nachrichten\/schleswig-holstein\/Herzogtum-Lauenburg-Aktuelle-Nachrichten-und-Videos,herzogtumlauenburg126.html\" title=\"Zum Artikel: Herzogtum Lauenburg - Aktuelle Nachrichten und Videos\" target=\"_blank\" rel=\"noopener\">Lauenburg<\/a>. Es weht ein schwacher bis m\u00e4\u00dfiger Wind aus unterschiedlichen Richtungen mit Schauer- und Gewitterb\u00f6en. | NDR Schleswig-Holstein 21.04.2025 08:00 Uhr<\/p>\n<p>Weitere Informationen<\/p>\n<p><img decoding=\"async\" src=\"https:\/\/www.europesays.com\/de\/wp-content\/uploads\/2025\/04\/wetter10384_v-contentgross.jpg\" alt=\"NDR Moderator Meeno Schrader steht im Studio mit der Wettervorhersage. \u00a9 NDR \" title=\"NDR Moderator Meeno Schrader steht im Studio mit der Wettervorhersage.\" class=\"responsive\"\/><\/p>\n<p>2 Min<\/p>\n<p>\nNDR Schleswig-Holstein Wetterexperte Meeno Schrader mit den Aussichten f\u00fcr den 20. April und die kommenden Tage.<br \/>\n<a title=\"Zum Video: So wird das Wetter in Schleswig-Holstein\" href=\"https:\/\/www.ndr.de\/nachrichten\/schleswig-holstein\/wetter\/So-wird-das-Wetter-in-Schleswig-Holstein,wetter10386.html\" class=\"cta \" target=\"_blank\" rel=\"noopener\">2 Min<\/a>\n<\/p>\n<p>Archiv<\/p>\n<p><img decoding=\"async\" src=\"https:\/\/www.europesays.com\/de\/wp-content\/uploads\/2025\/04\/podcastlogo104_v-contentgross.jpg\" alt=\"Ein Mikrofon vor zwei Menschen. \u00a9 NDR Foto: Janis R\u00f6hlig\" title=\"Ein Mikrofon vor zwei Menschen.\" class=\"responsive\"\/><\/p>\n<p>5 Min<\/p>\n<p>\nAlles, was f\u00fcr Schleswig-Holstein wichtig ist: Im Nachrichten-Podcast von NDR 1 Welle Nord h\u00f6ren Sie das Neueste aus Schleswig-Holstein, Deutschland und der Welt.<br \/>\n<a title=\"Zum Audiobeitrag: Nachrichten 20:00 Uhr\" href=\"https:\/\/www.ndr.de\/wellenord\/Nachrichten-2000-Uhr,audio1857624.html\" class=\"cta \" target=\"_blank\" rel=\"noopener\">5 Min<\/a>\n<\/p>\n<p>Dieses Thema im Programm:<\/p>\n<p>NDR 1 Welle Nord |<br \/>\nNachrichten f\u00fcr Schleswig-Holstein |<br \/>\n21.04.2025 | 18:00 Uhr<\/p>\n<p><img decoding=\"async\" src=\"https:\/\/www.europesays.com\/de\/wp-content\/uploads\/2025\/03\/ndr_printlogo.gif\" alt=\"NDR Logo\" title=\"NDR Logo\"\/><\/p>\n","protected":false},"excerpt":{"rendered":"Stand: 21.04.2025 16:44 Uhr Nachrichten aus Schleswig-Holstein vom 21. April 2025 &#8211; kompakt und aktuell im Newsblog von&hellip;\n","protected":false},"author":2,"featured_media":32051,"comment_status":"","ping_status":"","sticky":false,"template":"","format":"standard","meta":{"footnotes":""},"categories":[1852],"tags":[590,3364,29,548,663,3934,30,13,4949,17462,14,438,15,439,12,1971,17461,1973],"class_list":{"0":"post-51022","1":"post","2":"type-post","3":"status-publish","4":"format-standard","5":"has-post-thumbnail","7":"category-kiel","8":"tag-aktuell","9":"tag-de","10":"tag-deutschland","11":"tag-eu","12":"tag-europa","13":"tag-europe","14":"tag-germany","15":"tag-headlines","16":"tag-kiel","17":"tag-kompakt","18":"tag-nachrichten","19":"tag-ndr","20":"tag-news","21":"tag-norddeutscher-rundfunk","22":"tag-schlagzeilen","23":"tag-schleswig-holstein","24":"tag-ueberblick","25":"tag-wetter"},"share_on_mastodon":{"url":"https:\/\/pubeurope.com\/@de\/114379283943811644","error":""},"_links":{"self":[{"href":"https:\/\/www.europesays.com\/de\/wp-json\/wp\/v2\/posts\/51022","targetHints":{"allow":["GET"]}}],"collection":[{"href":"https:\/\/www.europesays.com\/de\/wp-json\/wp\/v2\/posts"}],"about":[{"href":"https:\/\/www.europesays.com\/de\/wp-json\/wp\/v2\/types\/post"}],"author":[{"embeddable":true,"href":"https:\/\/www.europesays.com\/de\/wp-json\/wp\/v2\/users\/2"}],"replies":[{"embeddable":true,"href":"https:\/\/www.europesays.com\/de\/wp-json\/wp\/v2\/comments?post=51022"}],"version-history":[{"count":0,"href":"https:\/\/www.europesays.com\/de\/wp-json\/wp\/v2\/posts\/51022\/revisions"}],"wp:featuredmedia":[{"embeddable":true,"href":"https:\/\/www.europesays.com\/de\/wp-json\/wp\/v2\/media\/32051"}],"wp:attachment":[{"href":"https:\/\/www.europesays.com\/de\/wp-json\/wp\/v2\/media?parent=51022"}],"wp:term":[{"taxonomy":"category","embeddable":true,"href":"https:\/\/www.europesays.com\/de\/wp-json\/wp\/v2\/categories?post=51022"},{"taxonomy":"post_tag","embeddable":true,"href":"https:\/\/www.europesays.com\/de\/wp-json\/wp\/v2\/tags?post=51022"}],"curies":[{"name":"wp","href":"https:\/\/api.w.org\/{rel}","templated":true}]}}