{"id":510227,"date":"2025-10-19T06:55:15","date_gmt":"2025-10-19T06:55:15","guid":{"rendered":"https:\/\/www.europesays.com\/de\/510227\/"},"modified":"2025-10-19T06:55:15","modified_gmt":"2025-10-19T06:55:15","slug":"fw-d-einsatzreicher-abend-fuer-die-feuerwehr-duesseldorf-eine-havarie-und-zwei","status":"publish","type":"post","link":"https:\/\/www.europesays.com\/de\/510227\/","title":{"rendered":"FW-D: Einsatzreicher Abend f\u00fcr die Feuerwehr D\u00fcsseldorf &#8211; eine Havarie und zwei &#8230;"},"content":{"rendered":"<p class=\"date\">18.10.2025 \u2013 10:33<\/p>\n<p class=\"customer\">\n                        <a class=\"story-customer\" title=\"weiter zum newsroom von Feuerwehr D\u00fcsseldorf\" href=\"https:\/\/www.presseportal.de\/blaulicht\/nr\/115876\" rel=\"nofollow noopener\" target=\"_blank\">Feuerwehr D\u00fcsseldorf<\/a>\n                    <\/p>\n<p><a data-category=\"citylink-story-view\" data-action=\"click\" data-label=\"Citylink in Meldungsansicht\" class=\"story-city event-trigger\" href=\"https:\/\/www.presseportal.de\/regional\/D%FCsseldorf\" title=\"News aus D\u00fcsseldorf \" rel=\"nofollow noopener\" target=\"_blank\">D\u00fcsseldorf<\/a> (ots)<\/p>\n<p>Freitag, 17. Oktober 2025, Stadtgebiet<\/p>\n<p>Am fr\u00fchen Freitagabend r\u00fcckte die Feuerwehr D\u00fcsseldorf zu dem ersten von insgesamt drei Eins\u00e4tzen aus, die die Feuerwehrleute bis sp\u00e4t in die Nacht besch\u00e4ftigten sollten. In Hamm geriet ein Trailer von der Fahrbahn ab und rutsche den Deich in Richtung Rhein herunter. Noch w\u00e4hrend des laufenden Einsatzes r\u00fcckten weitere Einsatzkr\u00e4fte von Feuerwehr und Rettungsdienst zu einer brennenden Gartenlaube in D\u00fcsseldorf-Rath aus. Als sich gegen Mitternacht die letzten Feuerwehrleute aus Rath auf dem R\u00fcckweg zu ihrer Wache machten, erhielt die Feuerwehr D\u00fcsseldorf eine erneute Brandmeldung: Zu dieser sp\u00e4ten Stunde brannte eine Gartenlaube in Holthausen.<\/p>\n<p>Trailer l\u00f6ste sich w\u00e4hrend der Fahrt &#8211; Feuerwehr verhinderte ein Abtreiben des Anh\u00e4ngers in den Rhein<\/p>\n<p>Aus bislang ungekl\u00e4rter Ursache l\u00f6ste sich am Freitagabend gegen 17 Uhr ein Trailer w\u00e4hrend der Fahrt vom Zugfahrzeug in D\u00fcsseldorf-Hamm. Dabei rutschte der Trail an der Stra\u00dfe &#8222;Am Sandacker&#8220; den Deich hinab und kam im Bereich des Rheinufers zum Stehen und drohte von der Str\u00f6mung in den Rhein gezogen zu werden. Die Feuerwehr sicherte zun\u00e4chst den Trailer und verhinderte so ein Abtreiben des Anh\u00e4ngers in den Rhein. Im Anschluss konnten die Einsatzkr\u00e4fte die verladenen Ruderboote nach und nach vom Trail entladen. Nachdem der Trailer entladet war, konnten die Einsatzkr\u00e4fte diesen mittels Seilwinde zur\u00fcck ans Land ziehen. Die Sicherungsarbeiten, das Entladen der Ruderboote und die anschlie\u00dfende Bergung des Trailers stellten sich als sehr zeitintensiv heraus, sodass die letzten der rund 60 Einsatzkr\u00e4fte, darunter auch ehrenamtliche Einsatzkr\u00e4fte der Freiwilligen Feuerwehr, nach etwa f\u00fcnf Stunden zu ihren Standorten zur\u00fcckkehrten.<\/p>\n<p>Brennende Gartenlaube &#8211; ein Mensch vermisst<\/p>\n<p>Noch w\u00e4hrend die Bergungsarbeiten in D\u00fcsseldorf-Hamm anhielten, meldeten Anrufer der Feuerwehr D\u00fcsseldorf gegen 20.50 Uhr ein Feuer in D\u00fcsseldorf-Rath. Aus der Notrufmeldung wurde ersichtlich, dass in einer brennenden Gartenlaube vermutlich noch ein Mensch vermisst wird. Hier entsendete der Leitstellendisponent mehrere Feuerwehreinheiten und den Rettungsdienst der Landeshauptstadt zum Rather Kreuzweg. Vor Ort eingetroffen ergab sich f\u00fcr die Einsatzkr\u00e4fte folgendes Bild: Es stand eine Gartenlaube in Vollbrand, kein Mensch wurde in der brennenden Gartenlaube vermisst &#8211; jedoch wurde eine 18-J\u00e4hrige leicht verletzt. Die nach einer kurzen medizinischen Erstversorgung vorsorglich in ein Krankenhaus transportiert wurde. F\u00fcr die L\u00f6schma\u00dfnahmen musste sich die Feuerwehr an mehreren Stellen einen gewaltsamen Zutritt zum Grundst\u00fcck und zur Gartenlaube verschaffen. Die Flammen l\u00f6schten die Einsatzkr\u00e4fte mit mehreren L\u00f6schrohren von innen und von au\u00dfen. Neben der Brandbek\u00e4mpfung konnte die Feuerwehr die benachbarte Gartenlaube vor einem \u00dcbergriff des Feuers sch\u00fctzen. Um auch die letzten versteckten Glutnester zu entdecken, mussten Teile der stark besch\u00e4digten Gartenlaube mithilfe eines Teleskopradladers eingerissen werden. Gegen Mitternacht r\u00fcckten die letzten der rund 40 Einsatzkr\u00e4fte, darunter auch ehrenamtliche Helferinnen und Helfer der Freiwilligen Feuerwehr, zu ihren Standorten ein. Zur Ermittlung der Brandursache wurde die Kriminalpolizei hinzugezogen.<\/p>\n<p>Feuerschein \u00fcber Holthausen<\/p>\n<p>Notruf aus D\u00fcsseldorf-Holthausen: Als die letzten Aufr\u00e4umarbeiten in D\u00fcsseldorf-Rath abgeschlossen waren, meldeten Anrufer um 23.55 Uhr ein Feuer an der Stra\u00dfe &#8222;Im Wiefeld&#8220;. Dort brannte ebenfalls eine Gartenlaube in einem Kleingartenverein. Umgehend l\u00f6schten die Feuerwehrleute die brennende Laube und sch\u00fctzten parallel angrenzende Gartenlauben vor einem \u00dcbergreifen des Feuers. Gut eine Stunde nach Beginn der L\u00f6scharbeiten hatten die Feuerwehrleute die Flammen so weit abgel\u00f6scht, dass sie auf die Suche nach versteckten Glutnestern gehen konnten. Dazu mussten weite Teile der Dachhaut durch die Einsatzkr\u00e4fte ge\u00f6ffnet werden. Die sehr zeit- und personalintensive Arbeit zog sich bis in die fr\u00fchen Morgenstunden, sodass die endg\u00fcltige Entwarnung durch den Einsatzleiter erste gegen 3.30 Uhr mit den Worten &#8222;Feuer aus&#8220; erfolgte. Verletzte gab es keine! Gegen 4 Uhr kehrten die letzten der rund 45 Einsatzkr\u00e4fte, darunter auch ehrenamtliche Helferinnen und Helfer der Freiwilligen Feuerwehr, zu ihren Standorten zur\u00fcck. Zur Ermittlung der Brandursache wurde die Kriminalpolizei hinzugezogen.<\/p>\n<p class=\"contact-headline\">R\u00fcckfragen bitte an:<\/p>\n<p class=\"contact-text\">Feuerwehr D\u00fcsseldorf<br \/>Stefan B\u00f6le<br \/>Telefon: 0211.8920180<br \/>E-Mail: <a href=\"https:\/\/www.presseportal.de\/blaulicht\/pm\/115876\/mailto: stefan.boele@duesseldorf.de\" class=\"uri-mailto\" rel=\"nofollow noopener\" target=\"_blank\"> stefan.boele@duesseldorf.de<\/a><br \/><a target=\"_blank\" class=\"uri-ext outbound\" rel=\"noopener nofollow\" href=\"http:\/\/www.feuerwehr-duesseldorf.de\">http:\/\/www.feuerwehr-duesseldorf.de<\/a><\/p>\n<p class=\"originator\">Original-Content von: Feuerwehr D\u00fcsseldorf, \u00fcbermittelt durch news aktuell<\/p>\n","protected":false},"excerpt":{"rendered":"18.10.2025 \u2013 10:33 Feuerwehr D\u00fcsseldorf D\u00fcsseldorf (ots) Freitag, 17. Oktober 2025, Stadtgebiet Am fr\u00fchen Freitagabend r\u00fcckte die Feuerwehr&hellip;\n","protected":false},"author":2,"featured_media":386213,"comment_status":"","ping_status":"","sticky":false,"template":"","format":"standard","meta":{"footnotes":""},"categories":[1831],"tags":[2919,3364,29,3405,985,30,1209,176,178,180,179,181,1284],"class_list":{"0":"post-510227","1":"post","2":"type-post","3":"status-publish","4":"format-standard","5":"has-post-thumbnail","7":"category-duesseldorf","8":"tag-brand","9":"tag-de","10":"tag-deutschland","11":"tag-duesseldorf","12":"tag-feuerwehr","13":"tag-germany","14":"tag-nordrhein-westfalen","15":"tag-nrw","16":"tag-presse","17":"tag-pressemeldung","18":"tag-pressemitteilung","19":"tag-pressemitteilungen","20":"tag-unfall"},"share_on_mastodon":{"url":"https:\/\/pubeurope.com\/@de\/115399525961433544","error":""},"_links":{"self":[{"href":"https:\/\/www.europesays.com\/de\/wp-json\/wp\/v2\/posts\/510227","targetHints":{"allow":["GET"]}}],"collection":[{"href":"https:\/\/www.europesays.com\/de\/wp-json\/wp\/v2\/posts"}],"about":[{"href":"https:\/\/www.europesays.com\/de\/wp-json\/wp\/v2\/types\/post"}],"author":[{"embeddable":true,"href":"https:\/\/www.europesays.com\/de\/wp-json\/wp\/v2\/users\/2"}],"replies":[{"embeddable":true,"href":"https:\/\/www.europesays.com\/de\/wp-json\/wp\/v2\/comments?post=510227"}],"version-history":[{"count":0,"href":"https:\/\/www.europesays.com\/de\/wp-json\/wp\/v2\/posts\/510227\/revisions"}],"wp:featuredmedia":[{"embeddable":true,"href":"https:\/\/www.europesays.com\/de\/wp-json\/wp\/v2\/media\/386213"}],"wp:attachment":[{"href":"https:\/\/www.europesays.com\/de\/wp-json\/wp\/v2\/media?parent=510227"}],"wp:term":[{"taxonomy":"category","embeddable":true,"href":"https:\/\/www.europesays.com\/de\/wp-json\/wp\/v2\/categories?post=510227"},{"taxonomy":"post_tag","embeddable":true,"href":"https:\/\/www.europesays.com\/de\/wp-json\/wp\/v2\/tags?post=510227"}],"curies":[{"name":"wp","href":"https:\/\/api.w.org\/{rel}","templated":true}]}}