{"id":510232,"date":"2025-10-19T06:58:12","date_gmt":"2025-10-19T06:58:12","guid":{"rendered":"https:\/\/www.europesays.com\/de\/510232\/"},"modified":"2025-10-19T06:58:12","modified_gmt":"2025-10-19T06:58:12","slug":"frau-greift-polizei-mit-glasscherben-an-2","status":"publish","type":"post","link":"https:\/\/www.europesays.com\/de\/510232\/","title":{"rendered":"Frau greift Polizei mit Glasscherben an"},"content":{"rendered":"<ol class=\"id-DonaldBreadcrumb lp_west_breadcrumb id-DonaldBreadcrumb--default\" data-k5a-pos=\"west_breadcrumb\">\n<li class=\"id-Breadcrumb-item\"><a href=\"https:\/\/www.fnp.de\/\" class=\"id-Breadcrumb-link\" data-id-ec=\"{\" shn=\"\" textlink=\"\" data-k5a-pos=\"1_startseite\" rel=\"nofollow noopener\" target=\"_blank\">Startseite<\/a><\/li>\n<li class=\"id-Breadcrumb-item\"><a href=\"https:\/\/www.fnp.de\/frankfurt\/\" class=\"id-Breadcrumb-link\" data-id-ec=\"{\" shn=\"\" textlink=\"\" data-k5a-pos=\"2_frankfurt\" rel=\"nofollow noopener\" target=\"_blank\">Frankfurt<\/a><\/li>\n<\/ol>\n<p class=\"id-Story-timestamp id-Story-timestamp--default\">Stand: 19.10.2025, 07:10 Uhr<\/p>\n<p class=\"id-Story-authors id-Story-authors--default\">Von: <a class=\"id-Story-authors-link lp_west_author\" href=\"https:\/\/www.fnp.de\/autor\/nora-kraft-r5gum4w1.html\" title=\"Zur Autorenseite von Nora Kraft\" data-id-ec=\"{\" shn=\"\" author-link=\"\" kraft=\"\" data-k5a-pos=\"west_author\" rel=\"nofollow noopener\" target=\"_blank\">Nora Kraft<\/a><\/p>\n<p class=\"id-Story-interactionBar id-Story-interactionBar--default\">DruckenTeilen<\/p>\n<p class=\"id-StoryElement-leadText\">Ein Angriff mit Glasscherben und ein Tritt gegen den Kopf: In Frankfurt eskaliert ein Routineeinsatz. Nun wird gegen eine Hundehalterin ermittelt. <\/p>\n<p class=\"id-StoryElement-paragraph\">Frankfurt \u2013 Am Freitagnachmittag, 17. Oktober, ist ein zun\u00e4chst harmloser Polizeieinsatz am Mainberg in <a href=\"https:\/\/www.fr.de\/frankfurt\/\" class=\"id-import-Link id-pageApi-Link--externalDomain\" title=\"Frankfurt\" data-id-ec=\"{&quot;sht&quot;:&quot;Container&quot;,&quot;shn&quot;:&quot;Story&quot;,&quot;p&quot;:{&quot;containerType&quot;:&quot;Paragraph&quot;,&quot;displayType&quot;:&quot;Paragraph InlineLink&quot;,&quot;type&quot;:&quot;INLINE_LINK&quot;,&quot;value&quot;:&quot;Frankfurt&quot;,&quot;variant&quot;:&quot;standardLink&quot;,&quot;sponsored&quot;:false,&quot;linkHref&quot;:&quot;https:\/\/www.fr.de\/frankfurt\/&quot;,&quot;storyElementPosition&quot;:8,&quot;storyElementCount&quot;:21}}\" rel=\"nofollow noopener\" target=\"_blank\">Frankfurt<\/a>-H\u00f6cht dramatisch eskaliert: Eine 43-j\u00e4hrige Frau griff Polizeibeamte mit Glasscherben an und verletzte eine Polizistin durch einen Tritt gegen den Kopf so schwer, dass diese ihren Dienst nicht fortsetzen konnte.<\/p>\n<p><img decoding=\"async\" class=\"id-RatioPlaceholder-element wv_story_el_image\" src=\"https:\/\/www.europesays.com\/de\/wp-content\/uploads\/2025\/10\/40125044-bei-einem-polizeieinsatz-in-frankfurt-verliert-eine-hundehalterin-die-kontrolle-sie-geht-mi.jpeg\" loading=\"lazy\"   height=\"619\" width=\"1100\" alt=\"Bei einem Polizeieinsatz in Frankfurt verliert eine Hundehalterin die Kontrolle. Sie geht mit Glasscherben auf Polizisten zu und verletzt eine Beamtin am Kopf. (Symbolbild)\"\/>Bei einem Polizeieinsatz in Frankfurt verliert eine Hundehalterin die Kontrolle. Sie geht mit Glasscherben auf Polizisten zu und verletzt eine Beamtin am Kopf. (Symbolbild) \u00a9\u00a0Gottfried Czepluch\/Imago<\/p>\n<p class=\"id-StoryElement-paragraph\">Der Vorfall begann laut Angaben der Polizei gegen 16.10 Uhr, als mehrere Passanten einen freilaufenden <a href=\"https:\/\/www.landtiere.de\/hunde\/\" class=\"id-import-Link id-pageApi-Link--externalDomain\" title=\"Hunde\" data-id-ec=\"{&quot;sht&quot;:&quot;Container&quot;,&quot;shn&quot;:&quot;Story&quot;,&quot;p&quot;:{&quot;containerType&quot;:&quot;Paragraph&quot;,&quot;displayType&quot;:&quot;Paragraph InlineLink&quot;,&quot;type&quot;:&quot;INLINE_LINK&quot;,&quot;value&quot;:&quot;Hund&quot;,&quot;variant&quot;:&quot;standardLink&quot;,&quot;sponsored&quot;:false,&quot;linkHref&quot;:&quot;https:\/\/www.landtiere.de\/hunde\/&quot;,&quot;storyElementPosition&quot;:11,&quot;storyElementCount&quot;:21}}\" rel=\"nofollow noopener\" target=\"_blank\">Hund<\/a> im Bereich des Mainbergs meldeten. Die alarmierten Polizeibeamten fingen das Tier ein und wurden dabei von einer Frau angesprochen, die sich als Hundehalterin zu erkennen gab.<\/p>\n<p>Hundehalterin verletzt Polizistin in Frankfurt-H\u00f6chst<\/p>\n<p class=\"id-StoryElement-paragraph\">Was als routinem\u00e4\u00dfige Personenkontrolle begann, entwickelte sich schnell zu einer gef\u00e4hrlichen Situation. Die 43-J\u00e4hrige entfernte sich zun\u00e4chst von den Beamten, sammelte dann mehrere Glasscherben vom Boden auf und lief damit auf die Polizisten zu. Trotz wiederholter Aufforderungen, die Scherben fallen zu lassen, weigerte sich die Frau und musste festgenommen werden.<\/p>\n<p class=\"id-StoryElement-paragraph\">Dabei leistete sie erheblichen Widerstand und trat einer der eingesetzten Polizistinnen gegen den Kopf. Die Beamtin erlitt Verletzungen, die sie arbeitsunf\u00e4hig machten.<\/p>\n<p>Weitere Widerstandshandlungen auf dem Revier<\/p>\n<p class=\"id-StoryElement-paragraph\">Da die Angreiferin keine Ausweispapiere bei sich f\u00fchrte, brachten die Beamten sie f\u00fcr weitere polizeiliche Ma\u00dfnahmen auf das Revier. Auch dort setzte die 43-J\u00e4hrige ihren Widerstand fort.<\/p>\n<p class=\"id-StoryElement-paragraph\">Nach der Identit\u00e4tsfeststellung wurde die Frau einer psychiatrischen Klinik vorgestellt. Diese sah jedoch keinen Grund f\u00fcr eine Aufnahme, sodass die 43-J\u00e4hrige nach Hause entlassen wurde. Gegen sie wird nun wegen Widerstands gegen Vollstreckungsbeamte und K\u00f6rperverletzung ermittelt. (nok\/pm)<\/p>\n<p class=\"id-StoryElement-paragraph\">KI-Einsatz bei der Polizei: Die K\u00fcnstliche Intelligenz schaut per Videokamera auf der Stra\u00dfe zu \u2013 und hat nun <a href=\"https:\/\/www.fnp.de\/frankfurt\/ki-technik-hilft-polizei-in-frankfurt-bei-suche-nach-vermisster-93990652.html\" class=\"id-import-Link\" data-id-ec=\"{&quot;sht&quot;:&quot;Container&quot;,&quot;shn&quot;:&quot;Story&quot;,&quot;p&quot;:{&quot;containerType&quot;:&quot;Paragraph&quot;,&quot;displayType&quot;:&quot;Paragraph InlineLink&quot;,&quot;type&quot;:&quot;INLINE_LINK&quot;,&quot;value&quot;:&quot;im Bahnhofsviertel in Frankfurt erstmals in Deutschland erfolgreich zugeschlagen&quot;,&quot;variant&quot;:&quot;standardLink&quot;,&quot;sponsored&quot;:false,&quot;linkHref&quot;:&quot;https:\/\/www.fnp.de\/frankfurt\/ki-technik-hilft-polizei-in-frankfurt-bei-suche-nach-vermisster-93990652.html&quot;,&quot;storyElementPosition&quot;:21,&quot;storyElementCount&quot;:21}}\" rel=\"nofollow noopener\" target=\"_blank\">im Bahnhofsviertel in Frankfurt erstmals in Deutschland erfolgreich zugeschlagen<\/a>.<\/p>\n","protected":false},"excerpt":{"rendered":"Startseite Frankfurt Stand: 19.10.2025, 07:10 Uhr Von: Nora Kraft DruckenTeilen Ein Angriff mit Glasscherben und ein Tritt gegen&hellip;\n","protected":false},"author":2,"featured_media":508529,"comment_status":"","ping_status":"","sticky":false,"template":"","format":"standard","meta":{"footnotes":""},"categories":[1829],"tags":[29,2050,2051,30,2052],"class_list":{"0":"post-510232","1":"post","2":"type-post","3":"status-publish","4":"format-standard","5":"has-post-thumbnail","7":"category-frankfurt-am-main","8":"tag-deutschland","9":"tag-frankfurt","10":"tag-frankfurt-am-main","11":"tag-germany","12":"tag-hessen"},"share_on_mastodon":{"url":"https:\/\/pubeurope.com\/@de\/115399537763658340","error":""},"_links":{"self":[{"href":"https:\/\/www.europesays.com\/de\/wp-json\/wp\/v2\/posts\/510232","targetHints":{"allow":["GET"]}}],"collection":[{"href":"https:\/\/www.europesays.com\/de\/wp-json\/wp\/v2\/posts"}],"about":[{"href":"https:\/\/www.europesays.com\/de\/wp-json\/wp\/v2\/types\/post"}],"author":[{"embeddable":true,"href":"https:\/\/www.europesays.com\/de\/wp-json\/wp\/v2\/users\/2"}],"replies":[{"embeddable":true,"href":"https:\/\/www.europesays.com\/de\/wp-json\/wp\/v2\/comments?post=510232"}],"version-history":[{"count":0,"href":"https:\/\/www.europesays.com\/de\/wp-json\/wp\/v2\/posts\/510232\/revisions"}],"wp:featuredmedia":[{"embeddable":true,"href":"https:\/\/www.europesays.com\/de\/wp-json\/wp\/v2\/media\/508529"}],"wp:attachment":[{"href":"https:\/\/www.europesays.com\/de\/wp-json\/wp\/v2\/media?parent=510232"}],"wp:term":[{"taxonomy":"category","embeddable":true,"href":"https:\/\/www.europesays.com\/de\/wp-json\/wp\/v2\/categories?post=510232"},{"taxonomy":"post_tag","embeddable":true,"href":"https:\/\/www.europesays.com\/de\/wp-json\/wp\/v2\/tags?post=510232"}],"curies":[{"name":"wp","href":"https:\/\/api.w.org\/{rel}","templated":true}]}}