{"id":510245,"date":"2025-10-19T07:07:45","date_gmt":"2025-10-19T07:07:45","guid":{"rendered":"https:\/\/www.europesays.com\/de\/510245\/"},"modified":"2025-10-19T07:07:45","modified_gmt":"2025-10-19T07:07:45","slug":"hamburger-airport-winterflugplan-startet-ende-oktober","status":"publish","type":"post","link":"https:\/\/www.europesays.com\/de\/510245\/","title":{"rendered":"Hamburger Airport: Winterflugplan startet Ende Oktober"},"content":{"rendered":"<p>        <img decoding=\"async\" src=\"https:\/\/www.europesays.com\/de\/wp-content\/uploads\/2025\/10\/flughafen3148.webp\" alt=\"Zwei Flugzeuge stehen vor einem Terminal des Hamburger Flughafens.\" title=\"Zwei Flugzeuge stehen vor einem Terminal des Hamburger Flughafens. | picture alliance\/dpa, Jonas Walzberg\" class=\"responsive\"\/><\/p>\n<p>AUDIO: Neuer Winterflugplan ab Ende Oktober (1 Min)<\/p>\n<p>\n            Stand: 19.10.2025 07:46 Uhr<\/p>\n<p class=\"preface\">W\u00e4hrend einige jetzt in den Herbstferien in den Urlaub starten, planen andere gerade ihre n\u00e4chste Reise. Am Hamburger Flughafen beginnt ab dem 26. Oktober der Winterflugplan. Von Fuhlsb\u00fcttel aus werden dann auch neue Ziele angeflogen &#8211; und es gibt neue Airlines.<\/p>\n<p class=\"\">Neu am Hamburger Flughafen ist Sky Express. Die griechische Fluggesellschaft fliegt dreimal w\u00f6chentlich nach<strong> <\/strong>Athen. Ab Ende M\u00e4rz kommt dann noch eine weitere neue Airline hinzu: Royal Jordanian startet zweimal die Woche in die Hauptstadt Jordaniens, Amman.<\/p>\n<p>    Neue Flugverbindungen ab Hamburg<\/p>\n<p class=\"\">Die ungarische Fluggesellschaft Wizz Air hat ihr Angebot deutlich ausgebaut. Ab Mitte Dezember fliegt die Airline nach Chisinau in der Republik Moldau und nach Tuzla in Bosnien und Herzegowina. Au\u00dferdem gibt es ab M\u00e4rz eine neue Strecke nach Podgorica in Montenegro. Und Eurowings bringt Marsa Alam in \u00c4gypten zur\u00fcck in den Flugplan. Alle, die gerne Winterurlaub machen, k\u00f6nnen etwa nach Klagenfurt, Salzburg oder Bozen fliegen.<\/p>\n<p>    Einige Fl\u00fcge aus Hamburg gestrichen<\/p>\n<p class=\"\">In diesem Jahr haben aber auch Fluggesellschaften Fl\u00fcge ab Fuhlsb\u00fcttel gestrichen. Ryanair hatte beispielsweise auch in Hamburg das Angebot reduziert. Betroffen waren unter anderem Fl\u00fcge nach Porto, Edinburgh und Malaga.<\/p>\n<p>        <img decoding=\"async\" src=\"https:\/\/www.europesays.com\/de\/wp-content\/uploads\/2025\/09\/flughafen2634.webp\" alt=\"Blick auf den Hamburger Flughafen aus der Luft. (Archivfoto)\" title=\"Blick auf den Hamburger Flughafen aus der Luft. (Archivfoto) | picture alliance\" class=\"responsive\" loading=\"lazy\"\/><\/p>\n<p>Hintergrund ist, dass mehrere Airlines angek\u00fcndigt haben, wegen hoher Kosten Flugverbindungen von und nach Hamburg zu streichen. (24.10.2024)<\/p>\n<p>        <img decoding=\"async\" src=\"https:\/\/www.europesays.com\/de\/wp-content\/uploads\/2025\/10\/flughafen3148.webp\" alt=\"Zwei Flugzeuge stehen vor einem Terminal des Hamburger Flughafens.\" title=\"Zwei Flugzeuge stehen vor einem Terminal des Hamburger Flughafens. | picture alliance\/dpa, Jonas Walzberg\" class=\"responsive\" loading=\"lazy\"\/><\/p>\n<p>Ob Ryanair, Eurowings oder zuletzt Condor. Viele Airlines beklagen in Deutschland hohe Kosten und ziehen sich darum zur\u00fcck &#8211; auch in Hamburg. (22.10.2024)<\/p>\n<p>Dieses Thema im Programm:<\/p>\n<p>                NDR 90,3 | NDR 90,3 Aktuell | 19.10.2025 | 07:00 Uhr<\/p>\n","protected":false},"excerpt":{"rendered":"AUDIO: Neuer Winterflugplan ab Ende Oktober (1 Min) Stand: 19.10.2025 07:46 Uhr W\u00e4hrend einige jetzt in den Herbstferien&hellip;\n","protected":false},"author":2,"featured_media":510246,"comment_status":"","ping_status":"","sticky":false,"template":"","format":"standard","meta":{"footnotes":""},"categories":[1826],"tags":[4473,29,10499,2109,844,30,692,56969,50005],"class_list":{"0":"post-510245","1":"post","2":"type-post","3":"status-publish","4":"format-standard","5":"has-post-thumbnail","7":"category-hamburg","8":"tag-airport","9":"tag-deutschland","10":"tag-fluege","11":"tag-flughafen","12":"tag-flugverkehr","13":"tag-germany","14":"tag-hamburg","15":"tag-verbindungen","16":"tag-winterflugplan"},"share_on_mastodon":{"url":"https:\/\/pubeurope.com\/@de\/115399573715990779","error":""},"_links":{"self":[{"href":"https:\/\/www.europesays.com\/de\/wp-json\/wp\/v2\/posts\/510245","targetHints":{"allow":["GET"]}}],"collection":[{"href":"https:\/\/www.europesays.com\/de\/wp-json\/wp\/v2\/posts"}],"about":[{"href":"https:\/\/www.europesays.com\/de\/wp-json\/wp\/v2\/types\/post"}],"author":[{"embeddable":true,"href":"https:\/\/www.europesays.com\/de\/wp-json\/wp\/v2\/users\/2"}],"replies":[{"embeddable":true,"href":"https:\/\/www.europesays.com\/de\/wp-json\/wp\/v2\/comments?post=510245"}],"version-history":[{"count":0,"href":"https:\/\/www.europesays.com\/de\/wp-json\/wp\/v2\/posts\/510245\/revisions"}],"wp:featuredmedia":[{"embeddable":true,"href":"https:\/\/www.europesays.com\/de\/wp-json\/wp\/v2\/media\/510246"}],"wp:attachment":[{"href":"https:\/\/www.europesays.com\/de\/wp-json\/wp\/v2\/media?parent=510245"}],"wp:term":[{"taxonomy":"category","embeddable":true,"href":"https:\/\/www.europesays.com\/de\/wp-json\/wp\/v2\/categories?post=510245"},{"taxonomy":"post_tag","embeddable":true,"href":"https:\/\/www.europesays.com\/de\/wp-json\/wp\/v2\/tags?post=510245"}],"curies":[{"name":"wp","href":"https:\/\/api.w.org\/{rel}","templated":true}]}}