{"id":510275,"date":"2025-10-19T07:23:16","date_gmt":"2025-10-19T07:23:16","guid":{"rendered":"https:\/\/www.europesays.com\/de\/510275\/"},"modified":"2025-10-19T07:23:16","modified_gmt":"2025-10-19T07:23:16","slug":"us-rockband-er-war-pure-magie-limp-bizkit-bassist-sam-rivers-stirbt-im-alter-von-48-jahren","status":"publish","type":"post","link":"https:\/\/www.europesays.com\/de\/510275\/","title":{"rendered":"US-Rockband: \u201eEr war pure Magie\u201c \u2013 Limp-Bizkit-Bassist Sam Rivers stirbt im Alter von 48 Jahren"},"content":{"rendered":"<p>Sam Rivers, der Bassist der Rockband Limp Bizkit, ist im Alter von 48 Jahren gestorben. \u201eHeute haben wir unseren Bruder verloren\u201c, schreiben seine Band-Kollegen auf Instagram. Rivers hatte vor Jahren eine Lebertransplantation bekommen, war dann aber wieder zur Band zur\u00fcckgekehrt.<\/p>\n<p class=\"is-first-paragraph\" data-external=\"Article.FirstParagraph\">Die Nu-Metal-Band Limp Bizkit verliert ihren Bassisten. Sam Rivers starb im Alter von 48 Jahren. Das teilte die Band auf Instagram mit. \u201eIn liebevoller Erinnerung an unseren Bruder Sam Rivers. Heute haben wir unseren Bruder verloren. Unseren Bandkollegen. Unseren Herzschlag. Sam Rivers war nicht nur unser Bassist \u2013 er war pure Magie. Der Puls unter jedem Song, die Ruhe im Chaos, die Seele im Sound\u201c, schrieb die Band aus Jacksonville\/Florida.<\/p>\n<p>Und fuhr fort: \u201eVon der ersten Note an, die wir zusammen spielten, brachte Sam ein Licht und einen Rhythmus mit, der niemals ersetzt werden k\u00f6nnte. Sein Talent war m\u00fchelos, seine Pr\u00e4senz unvergesslich, sein Herz riesig. Wir teilten so viele Momente \u2013 wilde, ruhige, wundersch\u00f6ne \u2013 und jeder einzelne davon bedeutete mehr, weil Sam da war.\u201c<\/p>\n<p>\u201eEine wahre Legende\u201c, f\u00fcgten Fred Durst, John Otto, DJ Lethal und Wes Borland hinzu. \u201eUnd sein Geist wird f\u00fcr immer in jedem Groove, jeder B\u00fchne, jeder Erinnerung weiterleben.\u201c Die Band, die in Deutschland zwischen 2000 und 2011 drei Nummer-eins-Alben in Folge hatte, schloss mit den Worten: \u201eWir lieben dich, Sam. Wir werden dich immer bei uns tragen. Ruhe in Frieden, Bruder. Deine Musik h\u00f6rt nie auf.\u201c<\/p>\n<p>Schon in  seiner Jugend spielte Rivers mit dem Schlagzeuger der Band, John Otto. Er hatte Fred Durst erst Anfang der 90er-Jahre kennengelernt, als die beiden im selben Restaurant jobbten. 1994 wurden die drei Gr\u00fcndungsmitglieder von Limp Bizkit. Erst zwei Jahre sp\u00e4ter kamen Gitarrist Wes Borland und DJ Lethal hinzu.<\/p>\n<p>In den n\u00e4chsten 20 Jahren wurde die Gruppe zu einem weltweiten Ph\u00e4nomen und ver\u00f6ffentlichte Hit-Singles wie \u201eBreak Stuff\u201c, \u201eRollin\u2018 (Air Raid Vehicle)\u201c und \u201eMy Way\u201c. Im Jahr 2015 verlie\u00df Sam die Gruppe kurzzeitig, da er mit einer Lebererkrankung zu k\u00e4mpfen hatte, die sich durch jahrelangen \u00fcberm\u00e4\u00dfigen Alkoholkonsum entwickelt hatte. Er musste deswegen sogar ins Krankenhaus.<\/p>\n<p>2018 kehrte er zu Limp Bizkit zur\u00fcck. Rivers sagte damals: \u201eIch habe mit dem Trinken aufgeh\u00f6rt und alles getan, was die \u00c4rzte mir gesagt haben. Ich wurde wegen meines Alkoholkonsums behandelt und bekam eine Lebertransplantation, die perfekt passte. Ich bin zur\u00fcck und f\u00fchle mich gro\u00dfartig.\u201c<\/p>\n<p>In einem Monat wollten Limp Bizkit auf gro\u00dfe S\u00fcdamerika-Tour gehen.<\/p>\n<p>fro<\/p>\n","protected":false},"excerpt":{"rendered":"Sam Rivers, der Bassist der Rockband Limp Bizkit, ist im Alter von 48 Jahren gestorben. \u201eHeute haben wir&hellip;\n","protected":false},"author":2,"featured_media":510276,"comment_status":"","ping_status":"","sticky":false,"template":"","format":"standard","meta":{"footnotes":""},"categories":[155],"tags":[29,104600,214,93604,30,18664,115536,215],"class_list":{"0":"post-510275","1":"post","2":"type-post","3":"status-publish","4":"format-standard","5":"has-post-thumbnail","7":"category-unterhaltung","8":"tag-deutschland","9":"tag-durst","10":"tag-entertainment","11":"tag-fred","12":"tag-germany","13":"tag-heavy-metal","14":"tag-limp-bizkit","15":"tag-unterhaltung"},"share_on_mastodon":{"url":"https:\/\/pubeurope.com\/@de\/115399636139391061","error":""},"_links":{"self":[{"href":"https:\/\/www.europesays.com\/de\/wp-json\/wp\/v2\/posts\/510275","targetHints":{"allow":["GET"]}}],"collection":[{"href":"https:\/\/www.europesays.com\/de\/wp-json\/wp\/v2\/posts"}],"about":[{"href":"https:\/\/www.europesays.com\/de\/wp-json\/wp\/v2\/types\/post"}],"author":[{"embeddable":true,"href":"https:\/\/www.europesays.com\/de\/wp-json\/wp\/v2\/users\/2"}],"replies":[{"embeddable":true,"href":"https:\/\/www.europesays.com\/de\/wp-json\/wp\/v2\/comments?post=510275"}],"version-history":[{"count":0,"href":"https:\/\/www.europesays.com\/de\/wp-json\/wp\/v2\/posts\/510275\/revisions"}],"wp:featuredmedia":[{"embeddable":true,"href":"https:\/\/www.europesays.com\/de\/wp-json\/wp\/v2\/media\/510276"}],"wp:attachment":[{"href":"https:\/\/www.europesays.com\/de\/wp-json\/wp\/v2\/media?parent=510275"}],"wp:term":[{"taxonomy":"category","embeddable":true,"href":"https:\/\/www.europesays.com\/de\/wp-json\/wp\/v2\/categories?post=510275"},{"taxonomy":"post_tag","embeddable":true,"href":"https:\/\/www.europesays.com\/de\/wp-json\/wp\/v2\/tags?post=510275"}],"curies":[{"name":"wp","href":"https:\/\/api.w.org\/{rel}","templated":true}]}}