{"id":510281,"date":"2025-10-19T07:26:09","date_gmt":"2025-10-19T07:26:09","guid":{"rendered":"https:\/\/www.europesays.com\/de\/510281\/"},"modified":"2025-10-19T07:26:09","modified_gmt":"2025-10-19T07:26:09","slug":"karibik-usa-ueberstellen-ueberlebende-von-u-boot-angriff-an-heimatlaender","status":"publish","type":"post","link":"https:\/\/www.europesays.com\/de\/510281\/","title":{"rendered":"Karibik: USA \u00fcberstellen \u00dcberlebende von U-Boot-Angriff an Heimatl\u00e4nder"},"content":{"rendered":"<p class=\"paragraph article__item\">Die <a class=\"rtr-entity\" href=\"https:\/\/www.zeit.de\/thema\/usa\" target=\"_blank\" rel=\"noopener\">USA<\/a> haben zwei \u00dcberlebende ihres Angriffs auf ein U-Boot in der Karibik in ihre Heimatl\u00e4nder\u00a0Kolumbien und Ecuador zur\u00fcckgeschickt. Die Strafverfolgung wegen mutma\u00dflichen Drogenschmuggels, den die USA ihnen unterstellen, solle dort stattfinden, schrieb US-Pr\u00e4sident Donald Trump auf seiner Onlineplattform. Geheimdiensterkenntnissen zufolge sei das vom US-Milit\u00e4r<br \/>\nangegriffene Schiff<br \/>\nhaupts\u00e4chlich mit Fentanyl und anderen illegalen Drogen beladen<br \/>\ngewesen.\n<\/p>\n<p class=\"paragraph article__item\">Beide <a class=\"rtr-entity\" href=\"https:\/\/www.zeit.de\/thema\/maenner\" target=\"_blank\" rel=\"noopener\">M\u00e4nner<\/a> sind Regierungsangaben zufolge bereits in ihren Heimatl\u00e4ndern<br \/>\neingetroffen. &#8222;Wir haben den auf dem Drogen-U-Boot<br \/>\nfestgenommenen Kolumbianer empfangen&#8220;, schrieb der<br \/>\nkolumbianische Pr\u00e4sident Gustavo Petro <a href=\"https:\/\/x.com\/petrogustavo\/status\/1979655862701699414\" class=\"\" target=\"_blank\">auf X<\/a>. Er sei froh, dass er am Leben sei und gem\u00e4\u00df den Gesetzen strafrechtlich verfolgt werde. Der ecuadorianische \u00dcberlebende sei ebenfalls<br \/>\nin seinem Land angekommen, zitierte die Nachrichtenagentur Reuters eine nicht namentlich genannte Person aus Regierungskreisen.\n<\/p>\n<p class=\"paragraph article__item\">Das US-Milit\u00e4r hatte die beiden M\u00e4nner am Donnerstag nach einem Angriff auf ein Halbtauchboot mit einem Hubschrauber<br \/>\ngerettet und auf ein US-Kriegsschiff gebracht. Zwei weitere Besatzungsmitglieder wurden bei dem Angriff get\u00f6tet.\u00a0Drogenschmuggel f\u00e4llt Experten zufolge nicht\u00a0eindeutig unter<br \/>\ndas Kriegsrecht, weswegen eine Inhaftierung in den USA juristisch<br \/>\numstritten w\u00e4re.\u00a0In den vergangenen Monaten hatten die USA bereits<br \/>\nmehrfach Boote<br \/>\n in der <a class=\"rtr-entity\" href=\"https:\/\/www.zeit.de\/thema\/karibik\" target=\"_blank\" rel=\"noopener\">Karibik<\/a> angegriffen, denen sie Drogenschmuggel vorwarfen.\u00a0\n<\/p>\n<p>        Kolumbien wirft USA T\u00f6tung Unschuldiger vor        <\/p>\n<p class=\"paragraph article__item\">Bei<br \/>\nfr\u00fcheren Angriffen dieser Art sind nach Angaben der US-Regierung bereits<br \/>\n 27<br \/>\nMenschen ums Leben gekommen. Die Rechtm\u00e4\u00dfigkeit der Angriffe ist umstritten. <a class=\"rtr-entity\" href=\"https:\/\/www.zeit.de\/thema\/kolumbien\" target=\"_blank\" rel=\"noopener\">Kolumbiens<\/a> Pr\u00e4sident warf den USA vor, bei einem ihrer fr\u00fcheren Eins\u00e4tze gegen mutma\u00dfliche Drogenboote einen unbeteiligten<br \/>\nFischer get\u00f6tet zu haben. Der bei einem Angriff im September get\u00f6tete Alejandro Carranza habe &#8222;keinerlei Verbindung zu Drogenh\u00e4ndlern&#8220; gehabt und lediglich Fischfang betrieben, <a href=\"https:\/\/x.com\/petrogustavo\/status\/1979692861689053523\" class=\"\" target=\"_blank\">schrieb Petro auf X<\/a>.\u00a0\n<\/p>\n<p class=\"paragraph article__item\">Staatliche Vertreter der USA h\u00e4tten &#8222;einen Mord<br \/>\n begangen&#8220; und die &#8222;Souver\u00e4nit\u00e4t&#8220; Kolumbiens in den Hoheitsgew\u00e4ssern des<br \/>\n Landes verletzt, <a href=\"https:\/\/x.com\/petrogustavo\/status\/1979700160608206983\" class=\"\" target=\"_blank\">schrieb Petro weiter<\/a>. Das Boot habe ein Notsignal ausgesendet und den Motor abgestellt gehabt. Angeh\u00f6rigen Carranzas zufolge war der Mann bei einer Fangfahrt in der<br \/>\n Karibik get\u00f6tet worden.\n<\/p>\n<p>                            \u00a9\u00a0Lea Dohle<\/p>\n<p>\n                                        Newsletter<br \/>\n                                        Was jetzt? \u2013 Der t\u00e4gliche Morgen\u00fcberblick<\/p>\n<p class=\"newsletter-signup__text\">Starten Sie mit unserem kurzen Nachrichten-Newsletter in den Tag. Erhalten Sie zudem freitags den US-Sonderletter &#8222;Was jetzt, America?&#8220; sowie das digitale Magazin ZEIT am Wochenende.<\/p>\n<p class=\"newsletter-signup__datapolicy\" hidden=\"\">\n            Mit Ihrer Registrierung nehmen Sie die <a href=\"https:\/\/datenschutz.zeit.de\/zon#Newsletter\" target=\"_blank\" rel=\"noopener\">Datenschutzerkl\u00e4rung<\/a> zur Kenntnis.\n        <\/p>\n<p>    Vielen Dank! Wir haben Ihnen eine E-Mail geschickt.<\/p>\n<p>Pr\u00fcfen Sie Ihr Postfach und best\u00e4tigen Sie das Newsletter-Abonnement.<\/p>\n<p class=\"paragraph article__item\">Der US-Milit\u00e4reinsatz in der Karibik hat auch die Spannungen<br \/>\nzwischen den USA und Venezuela versch\u00e4rft. Trump wirft dem<br \/>\nvenezolanischen Machthaber Nicol\u00e1s Maduro vor, Drogenbanden zu kontrollieren.\u00a0Dieser bestreitet jede<br \/>\nVerbindung zum Drogenschmuggel und verurteilte die<br \/>\nUS-Angriffe als Vorwand f\u00fcr einen Regierungswechsel sowie als<br \/>\nVerletzung der Souver\u00e4nit\u00e4t und des V\u00f6lkerrechts. Zuletzt hatte Trump bekannt gegeben, dem Geheimdienst<br \/>\nCIA verdeckte Operationen in Venezuela genehmigt zu haben.<\/p>\n","protected":false},"excerpt":{"rendered":"Die USA haben zwei \u00dcberlebende ihres Angriffs auf ein U-Boot in der Karibik in ihre Heimatl\u00e4nder\u00a0Kolumbien und Ecuador&hellip;\n","protected":false},"author":2,"featured_media":510282,"comment_status":"","ping_status":"","sticky":false,"template":"","format":"standard","meta":{"footnotes":""},"categories":[3],"tags":[433,1990,13,24802,13132,47040,1980,14,15,16,12,30389,10,8,9,11,14953,64,103,104],"class_list":{"0":"post-510281","1":"post","2":"type-post","3":"status-publish","4":"format-standard","5":"has-post-thumbnail","7":"category-welt","8":"tag-drogen","9":"tag-ecuador","10":"tag-headlines","11":"tag-heimatland","12":"tag-karibik","13":"tag-kolumbien","14":"tag-mann","15":"tag-nachrichten","16":"tag-news","17":"tag-politik","18":"tag-schlagzeilen","19":"tag-tauchboot","20":"tag-top-news","21":"tag-top-meldungen","22":"tag-topmeldungen","23":"tag-topnews","24":"tag-us-militaer","25":"tag-usa","26":"tag-welt","27":"tag-world"},"share_on_mastodon":{"url":"","error":""},"_links":{"self":[{"href":"https:\/\/www.europesays.com\/de\/wp-json\/wp\/v2\/posts\/510281","targetHints":{"allow":["GET"]}}],"collection":[{"href":"https:\/\/www.europesays.com\/de\/wp-json\/wp\/v2\/posts"}],"about":[{"href":"https:\/\/www.europesays.com\/de\/wp-json\/wp\/v2\/types\/post"}],"author":[{"embeddable":true,"href":"https:\/\/www.europesays.com\/de\/wp-json\/wp\/v2\/users\/2"}],"replies":[{"embeddable":true,"href":"https:\/\/www.europesays.com\/de\/wp-json\/wp\/v2\/comments?post=510281"}],"version-history":[{"count":0,"href":"https:\/\/www.europesays.com\/de\/wp-json\/wp\/v2\/posts\/510281\/revisions"}],"wp:featuredmedia":[{"embeddable":true,"href":"https:\/\/www.europesays.com\/de\/wp-json\/wp\/v2\/media\/510282"}],"wp:attachment":[{"href":"https:\/\/www.europesays.com\/de\/wp-json\/wp\/v2\/media?parent=510281"}],"wp:term":[{"taxonomy":"category","embeddable":true,"href":"https:\/\/www.europesays.com\/de\/wp-json\/wp\/v2\/categories?post=510281"},{"taxonomy":"post_tag","embeddable":true,"href":"https:\/\/www.europesays.com\/de\/wp-json\/wp\/v2\/tags?post=510281"}],"curies":[{"name":"wp","href":"https:\/\/api.w.org\/{rel}","templated":true}]}}