{"id":510285,"date":"2025-10-19T07:28:09","date_gmt":"2025-10-19T07:28:09","guid":{"rendered":"https:\/\/www.europesays.com\/de\/510285\/"},"modified":"2025-10-19T07:28:09","modified_gmt":"2025-10-19T07:28:09","slug":"paraglider-pilot-bei-absturz-toedlich-verunglueckt-ndr-de","status":"publish","type":"post","link":"https:\/\/www.europesays.com\/de\/510285\/","title":{"rendered":"Paraglider-Pilot bei Absturz t\u00f6dlich verungl\u00fcckt &#8211; NDR.de"},"content":{"rendered":"<ol>\n<li><a href=\"https:\/\/news.google.com\/rss\/articles\/CBMivgFBVV95cUxPNmJUeC10SjYzQjkyeS00ckhFVXByQ1A5dUk5VFNTSHZNRE9qVHBhVDExRk9qbFpoQzhHMGdkQWI2YTFqdk5ZQldreFlibjVhTlVBRkM4RlBsc2NXcW5RQWNuNE9USEtveFB1TFFmd1RiTUd3SXJIWG9SQk9tbENWaHV0VkNoWUIybWlIcVRCbUZvXzhjY0NpS0pKSmRMNWdTWW13WnF4VEx0RXloWXZsNWxBU2ZPNzRweHpBbDNB?oc=5\" target=\"_blank\" rel=\"noopener\">Paraglider-Pilot bei Absturz t\u00f6dlich verungl\u00fcckt<\/a>&nbsp;&nbsp;NDR.de<\/li>\n<li><a href=\"https:\/\/news.google.com\/rss\/articles\/CBMi2AFBVV95cUxQSkN4Mm5MT3FKOFlaU2ZvLTA2cTB5OTVTcFRlb19velh1el9WdmttaXlzNGNwRXByRm9HbWtNUTZRaWJ3Uk5pYkFKVG9tNTF5WTZJNDlQSFlSNG1BN3doMW1Ja2JvekdhRWI2dHFmNml3b19SS0Q3U29sYVdyU3ZWdk8yMVpyRXc5a0VmWVdEV3lDeE1zUkd0ZV96V1VOUFMzc2VfOUx3THZBX0REVnM3MWVXZUtxQktOZjZ3MUNIanF1X2dfeHBQbWhHSnZuRmo3SlJrVi1HY2U?oc=5\" target=\"_blank\" rel=\"noopener\">Ludwigslust-Parchim: Mann stirbt bei Absturz seines Motorschirmfliegers<\/a>&nbsp;&nbsp;Spiegel<\/li>\n<li><a href=\"https:\/\/news.google.com\/rss\/articles\/CBMi0AFBVV95cUxQaHdyb3dHT2g5TkN6UmsxRVA4MmFlaEphQzdXM0hqenhzcFZ4LXhCVUJWbWI4V3Iza1ktREdvck1rRDdVU0E0UW5ybHBBcmZxS01UandFbXRkaFByTkhIbWpXWlNMMnFhUWh6dnh0TjdkNkdJa2VoODlfbkIwWDFCS202Sl9iOWZxWkxtSGhIdTE4VW8yN2lXNXRObFhUbHhzS0dpdVZ2TmJGRHlFYXN5WmYtY0FGM3I4b2lqNDZGbEtYa1MzYy1sTmVzd3hBY3ZE?oc=5\" target=\"_blank\" rel=\"noopener\">Unf\u00e4lle &#8211; Motorschirmflieger st\u00fcrzt ab &#8211; Pilot stirbt &#8211; Sport<\/a>&nbsp;&nbsp;SZ.de<\/li>\n<li><a href=\"https:\/\/news.google.com\/rss\/articles\/CBMi5wFBVV95cUxQbFdiM19faEg1YnBjdHBLRXdvRmpwdHJjTGhJbDRtMy1uYk5MTjVnYkxrZGNVTUU5RW9lcE9Tb19McWJHNWtMRkJzclNTdEtPaDZqWFdlYTlJNlh1QXlaUkxXWXpSNnNyU2xJaGpJQVhMckZCMWhzdTd0RC1nblAtdGVmcVhjTm5CZFNZeUE4NnJBVy1PZXJSNC14WElncTJHYVRacjJRaUpTcmpabEZ4RTdiVGdJTHpPRXRoVlNuWTlldUczeWdfQ0lLdlExSmx2VTNkdXdqZnRZOG1rTHZZS0s0NHBScm8?oc=5\" target=\"_blank\" rel=\"noopener\">Trag\u00f6die in Mecklenburg-Vorpommern Mann kommt bei Absturz mit Motorgleitschirm ums Leben<\/a>&nbsp;&nbsp;Tagesspiegel<\/li>\n<li><a href=\"https:\/\/news.google.com\/rss\/articles\/CBMizgFBVV95cUxQbWJ5UHd0bWN4a0hidFZYaTJpM2toU1B4WmhuOGtCQTh3V2VGS3U0MVB3UjFWak1yUTk0Y2lmSGl0RkkyNzlqUVZXRWMtVFV0RGVRV0lPWDQxZ1Q5cFFOa21QMzc2Zzc0OWs3eC11OXhNdFM5S0d0V3lDUzJBYTFReG9aNUtLSWkyVEhMQnNGaWtTeFpVX3ZNWEI2UnRCZ3JaeVVzMFpmTFBqdlhRdFNLaDBLUDR6cTRUUmoxWXFTNGNvMXl3V256NUYtbWFKZw?oc=5\" target=\"_blank\" rel=\"noopener\">Motorschirmflieger st\u00fcrzt ab &#8211; Pilot stirbt<\/a>&nbsp;&nbsp;WELT<\/li>\n<\/ol>\n","protected":false},"excerpt":{"rendered":"Paraglider-Pilot bei Absturz t\u00f6dlich verungl\u00fcckt&nbsp;&nbsp;NDR.de Ludwigslust-Parchim: Mann stirbt bei Absturz seines Motorschirmfliegers&nbsp;&nbsp;Spiegel Unf\u00e4lle &#8211; Motorschirmflieger st\u00fcrzt ab &#8211;&hellip;\n","protected":false},"author":2,"featured_media":510286,"comment_status":"","ping_status":"","sticky":false,"template":"","format":"standard","meta":{"footnotes":""},"categories":[5],"tags":[13,40973,13963,14,15,127052,15331,12,10,8,9,11,1284,5886],"class_list":{"0":"post-510285","1":"post","2":"type-post","3":"status-publish","4":"format-standard","5":"has-post-thumbnail","7":"category-nachrichten","8":"tag-headlines","9":"tag-landkreis-ludwigslust-parchim","10":"tag-lutheran","11":"tag-nachrichten","12":"tag-news","13":"tag-paraglider","14":"tag-pilot","15":"tag-schlagzeilen","16":"tag-top-news","17":"tag-top-meldungen","18":"tag-topmeldungen","19":"tag-topnews","20":"tag-unfall","21":"tag-unglueck"},"share_on_mastodon":{"url":"https:\/\/pubeurope.com\/@de\/115399656138299456","error":""},"_links":{"self":[{"href":"https:\/\/www.europesays.com\/de\/wp-json\/wp\/v2\/posts\/510285","targetHints":{"allow":["GET"]}}],"collection":[{"href":"https:\/\/www.europesays.com\/de\/wp-json\/wp\/v2\/posts"}],"about":[{"href":"https:\/\/www.europesays.com\/de\/wp-json\/wp\/v2\/types\/post"}],"author":[{"embeddable":true,"href":"https:\/\/www.europesays.com\/de\/wp-json\/wp\/v2\/users\/2"}],"replies":[{"embeddable":true,"href":"https:\/\/www.europesays.com\/de\/wp-json\/wp\/v2\/comments?post=510285"}],"version-history":[{"count":0,"href":"https:\/\/www.europesays.com\/de\/wp-json\/wp\/v2\/posts\/510285\/revisions"}],"wp:featuredmedia":[{"embeddable":true,"href":"https:\/\/www.europesays.com\/de\/wp-json\/wp\/v2\/media\/510286"}],"wp:attachment":[{"href":"https:\/\/www.europesays.com\/de\/wp-json\/wp\/v2\/media?parent=510285"}],"wp:term":[{"taxonomy":"category","embeddable":true,"href":"https:\/\/www.europesays.com\/de\/wp-json\/wp\/v2\/categories?post=510285"},{"taxonomy":"post_tag","embeddable":true,"href":"https:\/\/www.europesays.com\/de\/wp-json\/wp\/v2\/tags?post=510285"}],"curies":[{"name":"wp","href":"https:\/\/api.w.org\/{rel}","templated":true}]}}