{"id":510289,"date":"2025-10-19T07:31:15","date_gmt":"2025-10-19T07:31:15","guid":{"rendered":"https:\/\/www.europesays.com\/de\/510289\/"},"modified":"2025-10-19T07:31:15","modified_gmt":"2025-10-19T07:31:15","slug":"auf-stimmen-schatzsuche-kiels-neue-operndirektorin-anja-kuehnhold","status":"publish","type":"post","link":"https:\/\/www.europesays.com\/de\/510289\/","title":{"rendered":"Auf Stimmen-Schatzsuche &#8211; Kiels neue Operndirektorin Anja K\u00fchnhold"},"content":{"rendered":"<p>        <img decoding=\"async\" src=\"https:\/\/www.europesays.com\/de\/wp-content\/uploads\/2025\/10\/kuehnhold-100.webp\" alt=\"Eine Frau steht mit verschr\u00e4nkten Armen in einem Foyer\" title=\"Anja K\u00fchnhold  | @ Stella Kennedy\" class=\"responsive\"\/><\/p>\n<p>AUDIO: Die &#8222;Neue&#8220; an der Oper Kiel: Anja K\u00fchnhold (3 Min)<\/p>\n<p>\n            Stand: 19.10.2025 09:13 Uhr<\/p>\n<p class=\"preface\">Nach dem \u00fcberraschenden Tod von Gabriel Feltz hat die Musiktheaterregisseurin die Leitung \u00fcbernommen. F\u00fcr die geb\u00fcrtige G\u00f6rlitzerin hei\u00dft das: Proben und Organisieren &#8211; aber auch neue Talente aufsp\u00fcren.<\/p>\n<p class=\"textauthor\">von Stella Kennedy<\/p>\n<p class=\"\">Anja K\u00fchnhold sitzt an ihrem Computer, schaut ein Musikvideo und h\u00f6rt ganz genau hin, ob dieser armenische Operns\u00e4nger zum Vorsingen eingeladen werden k\u00f6nnte. K\u00fchnhold ist die neue Direktorin <a href=\"https:\/\/www.ndr.de\/kultur\/buehne\/Theater-Kiel,theaterkiel156.html\" title=\"Theater Kiel\" rel=\"nofollow noopener\" target=\"_blank\">der Oper Kiel <\/a>und damit in dieser Saison auch Stimmen-Schatzsucherin.<\/p>\n<p>    Eigene Akzente setzen<\/p>\n<p class=\"\">&#8222;Es gibt viele H\u00f6hen und Tiefen in dieser schwierigen Arie. Das hei\u00dft, dass man R\u00fcckschl\u00fcsse darauf ziehen kann, ob jemand f\u00fcr eine bestimmte Rolle in Frage kommt&#8220;, sagt K\u00fchnhold. Bei dem aktuellen Bewerber h\u00f6rt sie einen guten Stimmfokus, einen guten Stimmsitz. &#8222;Es geht um die Stimmf\u00fchrung, die Textverst\u00e4ndlichkeit und gleichzeitig um den Ausdruck.&#8220;<\/p>\n<p class=\"\">Daneben muss die Musiktheaterregisseurin aber auch selbst neue T\u00f6ne setzen, in einem Haus, das noch \u00fcberschattet ist vom<a href=\"https:\/\/www.ndr.de\/kultur\/kieler-operngala-saisonvorschau-und-gedenken-an-gabriel-feltz,audio-290462.html\" title=\"Kieler Operngala: Saisonvorschau und Gedenken an Gabriel Feltz\" rel=\"nofollow noopener\" target=\"_blank\"> \u00fcberraschenden Tod von Gabriel Feltz<\/a>. Er h\u00e4tte ab dieser Spielzeit in Kiel Generalmusikdirektor sein sollen &#8211; starb aber am 29. August diesen Jahres.<\/p>\n<p>        <img decoding=\"async\" src=\"https:\/\/www.europesays.com\/de\/wp-content\/uploads\/2025\/09\/danielkarasek-102.webp\" alt=\"Daniel Karasek steht im TV-Studio w\u00e4hrend eines Interviews\" title=\"Daniel Karasek steht im TV-Studio w\u00e4hrend eines Interviews | Screenshot\" class=\"responsive\" loading=\"lazy\"\/><\/p>\n<p>Der \u00fcberraschende Tod des Kieler Generalmusikdirektors Gabriel Feltz hatte  f\u00fcr Best\u00fcrzung gesorgt. Intendant Karasek muss neu planen. Ein Gespr\u00e4ch.<\/p>\n<p class=\"\">K\u00fchnhold will die Arbeit, die Feltz bereits begonnen hatte, fortf\u00fchren &#8211; nicht unbedingt bei der Auswahl der St\u00fccke, sondern vielmehr bei seiner Herangehensweise: &#8222;Der Mut, Dinge zu machen, die vielleicht ein bisschen unkonventionell sind und vielleicht auch nicht jedem gefallen. Dieser Geist ist sehr sp\u00fcrbar und den nehmen wir auch mit, in allem was wir jetzt weiter tun.&#8220;<\/p>\n<p>    Sieht neue Aufgabe als &#8222;Challenge&#8220;<\/p>\n<p class=\"\">Die geb\u00fcrtige G\u00f6rlitzerin, die \u00e4hnlich schnell gestikuliert, wie sie spricht, war bis zum Ende der vergangenen Saison (2023\/2024) Oberspielleiterin am Badischen Staatstheater Karlsruhe. Die neuen Aufgaben an der Oper Kiel sind herausfordernd: &#8222;Es gibt quasi das Tagesgesch\u00e4ft und diese gro\u00dfen Visionen f\u00fcr die Zukunft &#8211; und da eine gemeinsame Linie zu finden ist quasi f\u00fcr mich die gro\u00dfe Challenge.&#8220; Bisher habe sie diese Arbeiten immer begleitet. Nun aber sei sie f\u00fcr alles verantwortlich.<\/p>\n<p class=\"\">Verantwortlich unter anderem daf\u00fcr, jetzt gerade ein neues Ensemblemitglied f\u00fcr die n\u00e4chste Spielzeit zu finden &#8211; f\u00fcr welches St\u00fcck, will sie nicht verraten: &#8222;Das Gute ist, dass ich selbst auch eine Gesangsausbildung habe, und dadurch Dinge gut einsch\u00e4tzen kann&#8220;, erkl\u00e4rt sie. Sie schaue da genau, welche Stimmf\u00e4cher schon im Ensemble vertreten seien, welche Rollen mit welchen Stimmfarben noch gesucht w\u00fcrden und nat\u00fcrlich auch, wer bereits in der Produktion vertreten ist.<\/p>\n<p>    Erster Premiere &#8222;Ein K\u00e4fig voller Narren&#8220;<\/p>\n<p class=\"\">Am Ende schafft es der armenische Operns\u00e4nger, Anja K\u00fchnhold zu \u00fcberzeugen. Ihn l\u00e4dt die neue Direktorin in zwei Wochen zum Vorsingen nach Kiel ein. F\u00fcr sie selbst geht es dagegen schon am kommenden Wochenende in die Vollen: <a href=\"https:\/\/www.theater-kiel.de\/oper-kiel\/repertoire\/produktion\/titel\/la-cage-aux-folles\" title=\"Oper Kiel: La Cage Aux Folles\" class=\"js-link-dialog\" data-type=\"external\" rel=\"nofollow noopener\" target=\"_blank\">Am 25. Oktober feiert &#8222;La Cage Aux Folles &#8211; Ein K\u00e4fig voller Narren&#8220; Premiere.<\/a> Es gibt auch noch Karten.<\/p>\n<p>        <img decoding=\"async\" src=\"https:\/\/www.europesays.com\/de\/wp-content\/uploads\/2025\/09\/screenshot-51040.webp\" alt=\"Daniel Karasek steht mit einem Orchester auf einer B\u00fchne. \" title=\"Daniel Karasek steht mit einem Orchester auf einer B\u00fchne.  | Screenshot\" class=\"responsive\" loading=\"lazy\"\/><\/p>\n<p>Bei der Operngala gab es Einblicke in die neue Spielzeit, die letzte an der der verstorbene Generalmusikdirektor Gabriel Feltz mitgewirkt hat.<\/p>\n<p>        <img decoding=\"async\" src=\"https:\/\/www.europesays.com\/de\/wp-content\/uploads\/2025\/08\/gabrielfeltz-100.webp\" alt=\"Gabriel Feltz \" title=\"Gabriel Feltz  | NDR.de\" class=\"responsive\" loading=\"lazy\"\/><\/p>\n<p>Nach dem \u00fcberraschenden Tod des Kieler Generalmusikdirektors zeigte sich Theater-Intendant Daniel Karasek betroffen &#8211; wie es weitergehe, sei noch v\u00f6llig offen.<\/p>\n<p>        <img decoding=\"async\" src=\"https:\/\/www.europesays.com\/de\/wp-content\/uploads\/2025\/10\/screenshot-17038.webp\" alt=\"Daniel Karasek: Generalintendant des Theaters Kiel\" title=\"Daniel Karasek: Generalintendant des Theaters Kiel | Screenshot\" class=\"responsive\" loading=\"lazy\"\/><\/p>\n<p>Mit seiner Arbeit will Karasek vor allem Oper und Theater von der B\u00fchne nach drau\u00dfen in die breite Gesellschaft tragen.<\/p>\n<p>        Schlagw\u00f6rter zu diesem Artikel<\/p>\n<p>            <a href=\"https:\/\/www.ndr.de\/kultur\/musik\/oper,oper243.html\" rel=\"nofollow noopener\" target=\"_blank\">Oper<\/a><\/p>\n<p>            <a href=\"https:\/\/www.ndr.de\/nachrichten\/schleswig-holstein\/Kiel-Aktuelle-Nachrichten-News-und-Videos,kiel7262.html\" rel=\"nofollow noopener\" target=\"_blank\">Kiel<\/a><\/p>\n","protected":false},"excerpt":{"rendered":"AUDIO: Die &#8222;Neue&#8220; an der Oper Kiel: Anja K\u00fchnhold (3 Min) Stand: 19.10.2025 09:13 Uhr Nach dem \u00fcberraschenden&hellip;\n","protected":false},"author":2,"featured_media":510290,"comment_status":"","ping_status":"","sticky":false,"template":"","format":"standard","meta":{"footnotes":""},"categories":[1852],"tags":[127054,3364,29,38961,548,663,3934,30,13,4949,14,15,97,12,1971,127053],"class_list":{"0":"post-510289","1":"post","2":"type-post","3":"status-publish","4":"format-standard","5":"has-post-thumbnail","7":"category-kiel","8":"tag-anja-kuehnhold","9":"tag-de","10":"tag-deutschland","11":"tag-direktorin","12":"tag-eu","13":"tag-europa","14":"tag-europe","15":"tag-germany","16":"tag-headlines","17":"tag-kiel","18":"tag-nachrichten","19":"tag-news","20":"tag-oper","21":"tag-schlagzeilen","22":"tag-schleswig-holstein","23":"tag-staatsoper-kiel"},"share_on_mastodon":{"url":"https:\/\/pubeurope.com\/@de\/115399667648651028","error":""},"_links":{"self":[{"href":"https:\/\/www.europesays.com\/de\/wp-json\/wp\/v2\/posts\/510289","targetHints":{"allow":["GET"]}}],"collection":[{"href":"https:\/\/www.europesays.com\/de\/wp-json\/wp\/v2\/posts"}],"about":[{"href":"https:\/\/www.europesays.com\/de\/wp-json\/wp\/v2\/types\/post"}],"author":[{"embeddable":true,"href":"https:\/\/www.europesays.com\/de\/wp-json\/wp\/v2\/users\/2"}],"replies":[{"embeddable":true,"href":"https:\/\/www.europesays.com\/de\/wp-json\/wp\/v2\/comments?post=510289"}],"version-history":[{"count":0,"href":"https:\/\/www.europesays.com\/de\/wp-json\/wp\/v2\/posts\/510289\/revisions"}],"wp:featuredmedia":[{"embeddable":true,"href":"https:\/\/www.europesays.com\/de\/wp-json\/wp\/v2\/media\/510290"}],"wp:attachment":[{"href":"https:\/\/www.europesays.com\/de\/wp-json\/wp\/v2\/media?parent=510289"}],"wp:term":[{"taxonomy":"category","embeddable":true,"href":"https:\/\/www.europesays.com\/de\/wp-json\/wp\/v2\/categories?post=510289"},{"taxonomy":"post_tag","embeddable":true,"href":"https:\/\/www.europesays.com\/de\/wp-json\/wp\/v2\/tags?post=510289"}],"curies":[{"name":"wp","href":"https:\/\/api.w.org\/{rel}","templated":true}]}}