{"id":51029,"date":"2025-04-22T02:39:27","date_gmt":"2025-04-22T02:39:27","guid":{"rendered":"https:\/\/www.europesays.com\/de\/51029\/"},"modified":"2025-04-22T02:39:27","modified_gmt":"2025-04-22T02:39:27","slug":"auffahrunfall-mit-drei-verletzen-in-schlangenbad","status":"publish","type":"post","link":"https:\/\/www.europesays.com\/de\/51029\/","title":{"rendered":"Auffahrunfall mit drei Verletzen in Schlangenbad"},"content":{"rendered":"<p class=\"paragraph --regular --color\" data-v-a4a747d8=\"\" data-v-0c32301e=\"\">SCHLANGENBAD. (red). Bei einem Verkehrsunfall am Samstagmittag auf der B260 in Schlangenbad sind drei Beteiligte verletzt worden. Eine 55-j\u00e4hrige Opel-Fahrerin aus Schlangenbad wollte aus Eltville kommend nach links auf das Gel\u00e4nde der Wambacher M\u00fchle fahren, musste aufgrund von Gegenverkehr aber warten, wie die Polizei berichtet. Eine 27-j\u00e4hrige Opel-Fahrerin bemerkte das zu sp\u00e4t und stie\u00df mit dem Wagen der 55-J\u00e4hrigen zusammen. Beide Frauen sowie der 26-j\u00e4hrige Mitfahrer der Schlangenbaderin kamen ins Krankenhaus. Die Autos wurden abgeschleppt. Der Schaden betr\u00e4gt rund 14.000 Euro. Die B260 musste f\u00fcr etwa eine halbe Stunde vollgesperrt werden.<\/p>\n","protected":false},"excerpt":{"rendered":"SCHLANGENBAD. (red). Bei einem Verkehrsunfall am Samstagmittag auf der B260 in Schlangenbad sind drei Beteiligte verletzt worden. Eine&hellip;\n","protected":false},"author":2,"featured_media":38004,"comment_status":"","ping_status":"","sticky":false,"template":"","format":"standard","meta":{"footnotes":""},"categories":[1847],"tags":[16797,16796,16787,16795,16785,3364,29,16786,16784,16783,16791,427,548,663,3934,347,30,16794,16788,13,16790,2052,80,5882,2249,14,15,16789,16793,5661,12,265,16798,7195,16792,4544],"class_list":{"0":"post-51029","1":"post","2":"type-post","3":"status-publish","4":"format-standard","5":"has-post-thumbnail","7":"category-wiesbaden","8":"tag-beerfelden","9":"tag-bensheim","10":"tag-bergstrasse","11":"tag-bickenbach","12":"tag-darmstadt","13":"tag-de","14":"tag-deutschland","15":"tag-dieburg","16":"tag-echo-online","17":"tag-echo-zeitungen","18":"tag-erbach","19":"tag-esa","20":"tag-eu","21":"tag-europa","22":"tag-europe","23":"tag-fussball","24":"tag-germany","25":"tag-gross-bieberau","26":"tag-gross-gerau","27":"tag-headlines","28":"tag-heppenheim","29":"tag-hessen","30":"tag-kultur","31":"tag-lokalsport","32":"tag-meldungen","33":"tag-nachrichten","34":"tag-news","35":"tag-odenwald","36":"tag-pfungstadt","37":"tag-ruesselsheim","38":"tag-schlagzeilen","39":"tag-sport","40":"tag-sv-98","41":"tag-vereine","42":"tag-weiterstadt","43":"tag-wiesbaden"},"share_on_mastodon":{"url":"https:\/\/pubeurope.com\/@de\/114379303383693307","error":""},"_links":{"self":[{"href":"https:\/\/www.europesays.com\/de\/wp-json\/wp\/v2\/posts\/51029","targetHints":{"allow":["GET"]}}],"collection":[{"href":"https:\/\/www.europesays.com\/de\/wp-json\/wp\/v2\/posts"}],"about":[{"href":"https:\/\/www.europesays.com\/de\/wp-json\/wp\/v2\/types\/post"}],"author":[{"embeddable":true,"href":"https:\/\/www.europesays.com\/de\/wp-json\/wp\/v2\/users\/2"}],"replies":[{"embeddable":true,"href":"https:\/\/www.europesays.com\/de\/wp-json\/wp\/v2\/comments?post=51029"}],"version-history":[{"count":0,"href":"https:\/\/www.europesays.com\/de\/wp-json\/wp\/v2\/posts\/51029\/revisions"}],"wp:featuredmedia":[{"embeddable":true,"href":"https:\/\/www.europesays.com\/de\/wp-json\/wp\/v2\/media\/38004"}],"wp:attachment":[{"href":"https:\/\/www.europesays.com\/de\/wp-json\/wp\/v2\/media?parent=51029"}],"wp:term":[{"taxonomy":"category","embeddable":true,"href":"https:\/\/www.europesays.com\/de\/wp-json\/wp\/v2\/categories?post=51029"},{"taxonomy":"post_tag","embeddable":true,"href":"https:\/\/www.europesays.com\/de\/wp-json\/wp\/v2\/tags?post=51029"}],"curies":[{"name":"wp","href":"https:\/\/api.w.org\/{rel}","templated":true}]}}