{"id":510291,"date":"2025-10-19T07:32:11","date_gmt":"2025-10-19T07:32:11","guid":{"rendered":"https:\/\/www.europesays.com\/de\/510291\/"},"modified":"2025-10-19T07:32:11","modified_gmt":"2025-10-19T07:32:11","slug":"schienenersatzverkehr-zwischen-chemnitz-und-leipzig-angekuendigt","status":"publish","type":"post","link":"https:\/\/www.europesays.com\/de\/510291\/","title":{"rendered":"Schienenersatzverkehr zwischen Chemnitz und Leipzig angek\u00fcndigt"},"content":{"rendered":"<p class=\"bold\">\n\t\t\t\t\t\t\t\t\t\tSechs Tage lang m\u00fcssen Pendler in den Abendstunden auf der Linie RE 6 mit l\u00e4ngeren Fahrzeiten, einem Umstieg und ge\u00e4nderten Abfahrtszeiten planen.\t\t\t\t<\/p>\n<p>\t\t\t\t Einige Zugverbindungen zwischen Chemnitz und Leipzig m\u00fcssen in der kommenden Wochen teilweise ausfallen und mit Schienenersatzverkehr erg\u00e4nzt werden. Wie die Mitteldeutsche Regiobahn mitteilt, kommt es durch Bauarbeiten der DB InfraGO in den Abendstunden zu Behinderungen zwischen Bad Lausick und Leipzig. Von Montag bis Samstag m\u00fcssen Reisende&#8230;<\/p>\n<p>\t\t<img decoding=\"async\" class=\"fp-plus-logo\" src=\"https:\/\/www.freiepresse.de\/img\/fpplus.svg\" alt=\"Freie Presse plus Logo\"\/><\/p>\n<p>Registrieren und testen.<\/p>\n<p>Jetzt mit Ihrer Registrierung 1 Monat gratis testen und alle Beitr\u00e4ge lesen.<\/p>\n<p>Schon Abonnent? Melden Sie sich mit ihren Zugangsdaten an.<\/p>\n","protected":false},"excerpt":{"rendered":"Sechs Tage lang m\u00fcssen Pendler in den Abendstunden auf der Linie RE 6 mit l\u00e4ngeren Fahrzeiten, einem Umstieg&hellip;\n","protected":false},"author":2,"featured_media":510292,"comment_status":"","ping_status":"","sticky":false,"template":"","format":"standard","meta":{"footnotes":""},"categories":[1851],"tags":[1739,2770,3364,29,548,663,3934,30,13,14,15,859,12],"class_list":{"0":"post-510291","1":"post","2":"type-post","3":"status-publish","4":"format-standard","5":"has-post-thumbnail","7":"category-chemnitz","8":"tag-bahn","9":"tag-chemnitz","10":"tag-de","11":"tag-deutschland","12":"tag-eu","13":"tag-europa","14":"tag-europe","15":"tag-germany","16":"tag-headlines","17":"tag-nachrichten","18":"tag-news","19":"tag-sachsen","20":"tag-schlagzeilen"},"share_on_mastodon":{"url":"https:\/\/pubeurope.com\/@de\/115399671439653871","error":""},"_links":{"self":[{"href":"https:\/\/www.europesays.com\/de\/wp-json\/wp\/v2\/posts\/510291","targetHints":{"allow":["GET"]}}],"collection":[{"href":"https:\/\/www.europesays.com\/de\/wp-json\/wp\/v2\/posts"}],"about":[{"href":"https:\/\/www.europesays.com\/de\/wp-json\/wp\/v2\/types\/post"}],"author":[{"embeddable":true,"href":"https:\/\/www.europesays.com\/de\/wp-json\/wp\/v2\/users\/2"}],"replies":[{"embeddable":true,"href":"https:\/\/www.europesays.com\/de\/wp-json\/wp\/v2\/comments?post=510291"}],"version-history":[{"count":0,"href":"https:\/\/www.europesays.com\/de\/wp-json\/wp\/v2\/posts\/510291\/revisions"}],"wp:featuredmedia":[{"embeddable":true,"href":"https:\/\/www.europesays.com\/de\/wp-json\/wp\/v2\/media\/510292"}],"wp:attachment":[{"href":"https:\/\/www.europesays.com\/de\/wp-json\/wp\/v2\/media?parent=510291"}],"wp:term":[{"taxonomy":"category","embeddable":true,"href":"https:\/\/www.europesays.com\/de\/wp-json\/wp\/v2\/categories?post=510291"},{"taxonomy":"post_tag","embeddable":true,"href":"https:\/\/www.europesays.com\/de\/wp-json\/wp\/v2\/tags?post=510291"}],"curies":[{"name":"wp","href":"https:\/\/api.w.org\/{rel}","templated":true}]}}