{"id":510295,"date":"2025-10-19T07:34:14","date_gmt":"2025-10-19T07:34:14","guid":{"rendered":"https:\/\/www.europesays.com\/de\/510295\/"},"modified":"2025-10-19T07:34:14","modified_gmt":"2025-10-19T07:34:14","slug":"fw-mg-gartenhuette-brennt-vollstaendig-nieder","status":"publish","type":"post","link":"https:\/\/www.europesays.com\/de\/510295\/","title":{"rendered":"FW-MG: Gartenh\u00fctte brennt vollst\u00e4ndig nieder"},"content":{"rendered":"<p class=\"date\">19.10.2025 \u2013 06:39<\/p>\n<p class=\"customer\">\n                        <a class=\"story-customer\" title=\"weiter zum newsroom von Feuerwehr M\u00f6nchengladbach\" href=\"https:\/\/www.presseportal.de\/blaulicht\/nr\/115879\" target=\"_blank\" rel=\"noopener\">Feuerwehr M\u00f6nchengladbach<\/a>\n                    <\/p>\n<p><a class=\"glightbox event-trigger\" href=\"https:\/\/cache.pressmailing.net\/thumbnail\/story_hires\/837e2cac-b3ea-49df-af5a-4a0f755ed014\/Logo_PresseBRAND_neu.jpg.jpg\" data-description=\".\" data-category=\"medialightbox\" data-action=\"click\" data-label=\"single\" data-value=\"68f46b78270000fd2cbfb7b7\" target=\"_blank\" rel=\"noopener\"><img decoding=\"async\" height=\"540\" with=\"720\" src=\"https:\/\/www.europesays.com\/de\/wp-content\/uploads\/2025\/10\/fw-mg-gartenh-tte-brennt-vollst-ndig-nieder.jpeg\"   alt=\"FW-MG: Gartenh\u00fctte brennt vollst\u00e4ndig nieder\" class=\"single\"\/><\/a><\/p>\n<p><a data-category=\"citylink-story-view\" data-action=\"click\" data-label=\"Citylink in Meldungsansicht\" class=\"story-city event-trigger\" href=\"https:\/\/www.presseportal.de\/regional\/M%F6nchengladbach%20Hardterbroich%20Pesch%2C%2019.10.2025%2C01%3A54%20Uhr%2C%20Leifhelmstra%DFe\" title=\"News aus M\u00f6nchengladbach Hardterbroich Pesch, 19.10.2025,01:54 Uhr, Leifhelmstra\u00dfe \" target=\"_blank\" rel=\"noopener\">M\u00f6nchengladbach Hardterbroich Pesch, 19.10.2025,01:54 Uhr, Leifhelmstra\u00dfe<\/a> (ots)<\/p>\n<p>In der Nacht wurde der Leitstelle der Feuerwehr ein unklarer Feuerschein in Hardterbroich gemeldet. Beim Eintreffen der Einsatzkr\u00e4fte brannte eine Gartenh\u00fctte bereits in voller Ausdehnung. Das Feuer drohte auf die angrenzende Vegetation \u00fcberzugreifen.<\/p>\n<p>Drei Trupps unter Atemschutz brachten den Brand schnell unter Kontrolle und l\u00f6schten die Flammen ab. Um ein erneutes Aufflammen zu verhindern, wurde anschlie\u00dfend ein Schaumrohr eingesetzt und ein Schaumteppich aufgebracht. Die Gartenh\u00fctte wurde durch das Feuer vollst\u00e4ndig zerst\u00f6rt.<\/p>\n<p>Im Einsatz war der L\u00f6schzug der Feuer- und Rettungswache I (Neuwerk) ein L\u00f6schfahrzeug der Feuer- und Rettungswache III (Rheydt) ein Wechselladerfahrzeug Atemschutz und ein Ger\u00e4tewagen Einsatzstellenhygiene des Technik- und Logistikzentrum (Holt) sowie der F\u00fchrungsdienst der Berufsfeuerwehr.<\/p>\n<p>Einsatzleiter: Brandoberinspektor Roman Cr\u00fctzen<\/p>\n<p class=\"contact-headline\">R\u00fcckfragen bitte an:<\/p>\n<p class=\"contact-text\">Stadt M\u00f6nchengladbach<br \/>Fachbereich 37 &#8211; Feuerwehr<br \/>F\u00fchrungs- und Lagezentrum<br \/>Stockholtweg 132<br \/>41238 M\u00f6nchengladbach<\/p>\n<p>Telefon: 02166\/9989-0<br \/>Fax: 02166\/9989-37729<br \/>E-Mail: <a href=\"https:\/\/www.presseportal.de\/blaulicht\/pm\/115879\/mailto: leitstelle.feuerwehr@moenchengladbach.de\" class=\"uri-mailto\" target=\"_blank\" rel=\"noopener\"> leitstelle.feuerwehr@moenchengladbach.de<\/a><br \/><a target=\"_blank\" class=\"uri-ext outbound\" rel=\"noopener\" href=\"http:\/\/www.feuerwehr-mg.de\/\">http:\/\/www.feuerwehr-mg.de\/<\/a><\/p>\n<p class=\"originator\">Original-Content von: Feuerwehr M\u00f6nchengladbach, \u00fcbermittelt durch news aktuell<\/p>\n","protected":false},"excerpt":{"rendered":"19.10.2025 \u2013 06:39 Feuerwehr M\u00f6nchengladbach M\u00f6nchengladbach Hardterbroich Pesch, 19.10.2025,01:54 Uhr, Leifhelmstra\u00dfe (ots) In der Nacht wurde der Leitstelle&hellip;\n","protected":false},"author":2,"featured_media":510296,"comment_status":"","ping_status":"","sticky":false,"template":"","format":"standard","meta":{"footnotes":""},"categories":[1849],"tags":[2919,3364,29,548,663,3934,985,30,13,4455,14,15,1209,176,178,180,179,181,12],"class_list":{"0":"post-510295","1":"post","2":"type-post","3":"status-publish","4":"format-standard","5":"has-post-thumbnail","7":"category-moenchengladbach","8":"tag-brand","9":"tag-de","10":"tag-deutschland","11":"tag-eu","12":"tag-europa","13":"tag-europe","14":"tag-feuerwehr","15":"tag-germany","16":"tag-headlines","17":"tag-moenchengladbach","18":"tag-nachrichten","19":"tag-news","20":"tag-nordrhein-westfalen","21":"tag-nrw","22":"tag-presse","23":"tag-pressemeldung","24":"tag-pressemitteilung","25":"tag-pressemitteilungen","26":"tag-schlagzeilen"},"share_on_mastodon":{"url":"https:\/\/pubeurope.com\/@de\/115399679420630837","error":""},"_links":{"self":[{"href":"https:\/\/www.europesays.com\/de\/wp-json\/wp\/v2\/posts\/510295","targetHints":{"allow":["GET"]}}],"collection":[{"href":"https:\/\/www.europesays.com\/de\/wp-json\/wp\/v2\/posts"}],"about":[{"href":"https:\/\/www.europesays.com\/de\/wp-json\/wp\/v2\/types\/post"}],"author":[{"embeddable":true,"href":"https:\/\/www.europesays.com\/de\/wp-json\/wp\/v2\/users\/2"}],"replies":[{"embeddable":true,"href":"https:\/\/www.europesays.com\/de\/wp-json\/wp\/v2\/comments?post=510295"}],"version-history":[{"count":0,"href":"https:\/\/www.europesays.com\/de\/wp-json\/wp\/v2\/posts\/510295\/revisions"}],"wp:featuredmedia":[{"embeddable":true,"href":"https:\/\/www.europesays.com\/de\/wp-json\/wp\/v2\/media\/510296"}],"wp:attachment":[{"href":"https:\/\/www.europesays.com\/de\/wp-json\/wp\/v2\/media?parent=510295"}],"wp:term":[{"taxonomy":"category","embeddable":true,"href":"https:\/\/www.europesays.com\/de\/wp-json\/wp\/v2\/categories?post=510295"},{"taxonomy":"post_tag","embeddable":true,"href":"https:\/\/www.europesays.com\/de\/wp-json\/wp\/v2\/tags?post=510295"}],"curies":[{"name":"wp","href":"https:\/\/api.w.org\/{rel}","templated":true}]}}