{"id":510301,"date":"2025-10-19T07:38:11","date_gmt":"2025-10-19T07:38:11","guid":{"rendered":"https:\/\/www.europesays.com\/de\/510301\/"},"modified":"2025-10-19T07:38:11","modified_gmt":"2025-10-19T07:38:11","slug":"wartungsarbeiten-im-mannheimer-fahrlachtunnel-mannheim","status":"publish","type":"post","link":"https:\/\/www.europesays.com\/de\/510301\/","title":{"rendered":"Wartungsarbeiten im Mannheimer Fahrlachtunnel &#8211; Mannheim"},"content":{"rendered":"<p><b\/>Routinem\u00e4\u00dfige Wartungsarbeiten f\u00fchren zu Verkehrseinschr\u00e4nkungen im Mannheimer Fahrlachtunnel. Vom Sonntag, 26. Oktober, bis Sonntag, 9. November, werden die beiden Tunnelr\u00f6hren abwechselnd gesperrt, wodurch der Verkehr einspurig durch die jeweils offene R\u00f6hre geleitet wird. Dies teilt die Stadt <a class=\"rtr-entity\" data-rtr-entity=\"Mannheim\" data-rtr-id=\"8e39f98d121d00ffdaf4f78a2ae2e7dea2653ba7\" data-rtr-score=\"57.16981132075472\" data-rtr-etype=\"location\" data-rtr-index=\"6\" href=\"https:\/\/www.rheinpfalz.de\/lokal\/mannheim.html?utm_source=rheinpfalz.de&amp;utm_medium=tms&amp;utm_campaign=intext\" target=\"_blank\" rel=\"noopener\">Mannheim<\/a> mit. Neben Wartungen an Beleuchtung, L\u00fcftungs- und Entw\u00e4sserungsanlagen wird auch die Signalelektronik \u00fcberpr\u00fcft, erg\u00e4nzt durch Reinigungsarbeiten. Ziel der Arbeiten ist es, die Betriebssicherheit des Tunnels zu gew\u00e4hrleisten.<\/p>\n<p>Eine vollst\u00e4ndige Sperrung des Tunnels ist von Freitag, 31. Oktober, 18 Uhr, bis Sonntag, 2. November, vorgesehen. W\u00e4hrend dieser Zeit werden umfassende Funktionstests an der Mess- und L\u00fcftungstechnik sowie an der Tunnelsteuerung durchgef\u00fchrt. F\u00fcr die Dauer der Vollsperrung wird eine \u00f6rtliche Umleitung eingerichtet, um den Verkehr umzuleiten.<\/p>\n<p>Die Teilsperrungen betreffen zun\u00e4chst die Nordr\u00f6hre, die vom Sonntag, 26. Oktober, bis Freitag, 31. Oktober, geschlossen bleibt. Der Verkehr wird in dieser Phase einspurig durch die S\u00fcdr\u00f6hre gef\u00fchrt. Nach der Wochenend-Vollsperrung wird ab Sonntag, 2. November, bis Sonntag, 9. November, die S\u00fcdr\u00f6hre gesperrt. Auch hier erfolgt die Verkehrsf\u00fchrung einspurig durch die ge\u00f6ffnete Nordr\u00f6hre.<\/p>\n<p>Weitere Informationen zu den Arbeiten und Umleitungen sind auf der st\u00e4dtischen Homepage unter www.mannheim.de, Stichwort \u201eBauma\u00dfnahmen und Verkehrseinschr\u00e4nkungen\u201c, abrufbar. Die Stadt weist darauf hin, dass die Wartungsarbeiten dazu dienen, den sicheren Betrieb des Tunnels zu gew\u00e4hrleisten. <\/p>\n","protected":false},"excerpt":{"rendered":"Routinem\u00e4\u00dfige Wartungsarbeiten f\u00fchren zu Verkehrseinschr\u00e4nkungen im Mannheimer Fahrlachtunnel. Vom Sonntag, 26. Oktober, bis Sonntag, 9. November, werden die&hellip;\n","protected":false},"author":2,"featured_media":510302,"comment_status":"","ping_status":"","sticky":false,"template":"","format":"standard","meta":{"footnotes":""},"categories":[1845],"tags":[1634,3364,29,548,663,3934,127055,30,13,4060,2096,14,15,12,6241],"class_list":{"0":"post-510301","1":"post","2":"type-post","3":"status-publish","4":"format-standard","5":"has-post-thumbnail","7":"category-mannheim","8":"tag-baden-wuerttemberg","9":"tag-de","10":"tag-deutschland","11":"tag-eu","12":"tag-europa","13":"tag-europe","14":"tag-fahrlachtunnel","15":"tag-germany","16":"tag-headlines","17":"tag-lokal","18":"tag-mannheim","19":"tag-nachrichten","20":"tag-news","21":"tag-schlagzeilen","22":"tag-wartungsarbeit"},"share_on_mastodon":{"url":"https:\/\/pubeurope.com\/@de\/115399695199851205","error":""},"_links":{"self":[{"href":"https:\/\/www.europesays.com\/de\/wp-json\/wp\/v2\/posts\/510301","targetHints":{"allow":["GET"]}}],"collection":[{"href":"https:\/\/www.europesays.com\/de\/wp-json\/wp\/v2\/posts"}],"about":[{"href":"https:\/\/www.europesays.com\/de\/wp-json\/wp\/v2\/types\/post"}],"author":[{"embeddable":true,"href":"https:\/\/www.europesays.com\/de\/wp-json\/wp\/v2\/users\/2"}],"replies":[{"embeddable":true,"href":"https:\/\/www.europesays.com\/de\/wp-json\/wp\/v2\/comments?post=510301"}],"version-history":[{"count":0,"href":"https:\/\/www.europesays.com\/de\/wp-json\/wp\/v2\/posts\/510301\/revisions"}],"wp:featuredmedia":[{"embeddable":true,"href":"https:\/\/www.europesays.com\/de\/wp-json\/wp\/v2\/media\/510302"}],"wp:attachment":[{"href":"https:\/\/www.europesays.com\/de\/wp-json\/wp\/v2\/media?parent=510301"}],"wp:term":[{"taxonomy":"category","embeddable":true,"href":"https:\/\/www.europesays.com\/de\/wp-json\/wp\/v2\/categories?post=510301"},{"taxonomy":"post_tag","embeddable":true,"href":"https:\/\/www.europesays.com\/de\/wp-json\/wp\/v2\/tags?post=510301"}],"curies":[{"name":"wp","href":"https:\/\/api.w.org\/{rel}","templated":true}]}}