{"id":510342,"date":"2025-10-19T08:01:20","date_gmt":"2025-10-19T08:01:20","guid":{"rendered":"https:\/\/www.europesays.com\/de\/510342\/"},"modified":"2025-10-19T08:01:20","modified_gmt":"2025-10-19T08:01:20","slug":"cosmo-festival-sammelt-ueber-24-700-euro-spenden-fuer-kinder","status":"publish","type":"post","link":"https:\/\/www.europesays.com\/de\/510342\/","title":{"rendered":"Cosmo-Festival sammelt \u00fcber 24.700 Euro Spenden f\u00fcr Kinder"},"content":{"rendered":"<p class=\"small date article__date\">Ver\u00f6ffentlicht:\u00a0Sonntag, 19.10.2025 08:46<\/p>\n<p><strong>Ende August wurde in Moers das Cosmo-Festival gefeiert &#8211; mit Rockmusik und Aktionen f\u00fcr die ganze Familie. Jetzt steht die Spendensumme, die bei dem kostenlosen Festival gesammelt wurde.<\/strong><\/p>\n<p><img decoding=\"async\" alt=\"\" src=\"https:\/\/www.europesays.com\/de\/wp-content\/uploads\/2025\/10\/cosmo.jpg&#038;crop=0x0x4312x2695&#038;resize=1280x800&#038;dt=202510190855420.jpeg\" data-size=\"1280x800\"\/>\u00a9 R\u00fcdiger Nolte \/ Cosmo-Festival<\/p>\n<p>In Moers hatten viele Helfer Ende August auch in diesem Jahr das kostenlose Cosmo-Festival auf die Beine gestellt. Jetzt ist die Spendensumme bekannt: Insgesamt wurden 24.731 Euro gesammelt &#8211; ein neuer Rekord. Das Geld geht an den Verein &#8222;Klartext f\u00fcr Kinder&#8220;. Die Veranstalter freuten sich \u00fcber so viel Solidarit\u00e4t und Engagement im Kampf gegen Kinderarmut. Auch der Termin f\u00fcr das Cosmo-Festival 2026 schon fest: Am 29. August gibt es das n\u00e4chste Rock- und Familienfestival in Moers.\u00a0<\/p>\n<p>Veranstalter freuen sich \u00fcber Rekord-Spendensumme<\/p>\n<p>Beim Cosmo-Festival traten am 24. August bis in die Nacht Rockbands am ENNI-Sportpark auf. Au\u00dferdem gab es ein Kinderprogramm mit Triker-Touren, Cosplayern und Mitmachaktionen. Rund 80 Helferinnen und Helfer sowie zahlreiche Sponsoren feierten die gute Bilanz. Das Festival hat sich auch bei den Musikern etabliert. So l\u00e4gen laut Orga-Team f\u00fcr 2026 schon etliche Bewerbungen von Bands vor. &#8222;Es war ein hartes St\u00fcck Arbeit in diesem Jahr \u2013 aber das Ergebnis hat alle Erwartungen \u00fcbertroffen&#8220;, so Thomas Locker vom Verein Cosmo.<\/p>\n","protected":false},"excerpt":{"rendered":"Ver\u00f6ffentlicht:\u00a0Sonntag, 19.10.2025 08:46 Ende August wurde in Moers das Cosmo-Festival gefeiert &#8211; mit Rockmusik und Aktionen f\u00fcr die&hellip;\n","protected":false},"author":2,"featured_media":510343,"comment_status":"","ping_status":"","sticky":false,"template":"","format":"standard","meta":{"footnotes":""},"categories":[1838],"tags":[3807,3364,29,3715,30,1209],"class_list":{"0":"post-510342","1":"post","2":"type-post","3":"status-publish","4":"format-standard","5":"has-post-thumbnail","7":"category-duisburg","8":"tag-moers","9":"tag-de","10":"tag-deutschland","11":"tag-duisburg","12":"tag-germany","13":"tag-nordrhein-westfalen"},"share_on_mastodon":{"url":"https:\/\/pubeurope.com\/@de\/115399785548187498","error":""},"_links":{"self":[{"href":"https:\/\/www.europesays.com\/de\/wp-json\/wp\/v2\/posts\/510342","targetHints":{"allow":["GET"]}}],"collection":[{"href":"https:\/\/www.europesays.com\/de\/wp-json\/wp\/v2\/posts"}],"about":[{"href":"https:\/\/www.europesays.com\/de\/wp-json\/wp\/v2\/types\/post"}],"author":[{"embeddable":true,"href":"https:\/\/www.europesays.com\/de\/wp-json\/wp\/v2\/users\/2"}],"replies":[{"embeddable":true,"href":"https:\/\/www.europesays.com\/de\/wp-json\/wp\/v2\/comments?post=510342"}],"version-history":[{"count":0,"href":"https:\/\/www.europesays.com\/de\/wp-json\/wp\/v2\/posts\/510342\/revisions"}],"wp:featuredmedia":[{"embeddable":true,"href":"https:\/\/www.europesays.com\/de\/wp-json\/wp\/v2\/media\/510343"}],"wp:attachment":[{"href":"https:\/\/www.europesays.com\/de\/wp-json\/wp\/v2\/media?parent=510342"}],"wp:term":[{"taxonomy":"category","embeddable":true,"href":"https:\/\/www.europesays.com\/de\/wp-json\/wp\/v2\/categories?post=510342"},{"taxonomy":"post_tag","embeddable":true,"href":"https:\/\/www.europesays.com\/de\/wp-json\/wp\/v2\/tags?post=510342"}],"curies":[{"name":"wp","href":"https:\/\/api.w.org\/{rel}","templated":true}]}}