{"id":510361,"date":"2025-10-19T08:13:19","date_gmt":"2025-10-19T08:13:19","guid":{"rendered":"https:\/\/www.europesays.com\/de\/510361\/"},"modified":"2025-10-19T08:13:19","modified_gmt":"2025-10-19T08:13:19","slug":"viele-stammspender-bleiben-aktuell-fern","status":"publish","type":"post","link":"https:\/\/www.europesays.com\/de\/510361\/","title":{"rendered":"Viele Stammspender bleiben aktuell fern"},"content":{"rendered":"<p class=\"small date article__date\">Ver\u00f6ffentlicht:\u00a0Sonntag, 19.10.2025 06:04<\/p>\n<p>Die Erk\u00e4ltungswelle trifft M\u00fclheim in diesem Herbst besonders fr\u00fch \u2013 und sorgt bereits jetzt f\u00fcr Probleme bei den Blutspenden. Das Deutsche Rote Kreuz (DRK) schl\u00e4gt Alarm: Nach einem stabilen Sommer bei den Spenderzahlen bleiben die Termine nun aus. Der Grund: Viele Stammspender fallen wegen Erk\u00e4ltungen aus.<\/p>\n<p><img decoding=\"async\" alt=\"\" src=\"https:\/\/www.europesays.com\/de\/wp-content\/uploads\/2025\/10\/symbol_blutspende-070786.jpg&#038;crop=0x252x4032x2520&#038;resize=1280x800&#038;dt=201902061657480.jpeg\" data-size=\"1280x800\"\/><\/p>\n","protected":false},"excerpt":{"rendered":"Ver\u00f6ffentlicht:\u00a0Sonntag, 19.10.2025 06:04 Die Erk\u00e4ltungswelle trifft M\u00fclheim in diesem Herbst besonders fr\u00fch \u2013 und sorgt bereits jetzt f\u00fcr&hellip;\n","protected":false},"author":2,"featured_media":510362,"comment_status":"","ping_status":"","sticky":false,"template":"","format":"standard","meta":{"footnotes":""},"categories":[1834],"tags":[12718,127071,127072,12189,3364,29,3688,30,98436,1209],"class_list":{"0":"post-510361","1":"post","2":"type-post","3":"status-publish","4":"format-standard","5":"has-post-thumbnail","7":"category-essen","8":"tag-drk","9":"tag-heien","10":"tag-hingbergstrae","11":"tag-blutspende","12":"tag-de","13":"tag-deutschland","14":"tag-essen","15":"tag-germany","16":"tag-nachbarschaftshaus","17":"tag-nordrhein-westfalen"},"share_on_mastodon":{"url":"https:\/\/pubeurope.com\/@de\/115399832875826215","error":""},"_links":{"self":[{"href":"https:\/\/www.europesays.com\/de\/wp-json\/wp\/v2\/posts\/510361","targetHints":{"allow":["GET"]}}],"collection":[{"href":"https:\/\/www.europesays.com\/de\/wp-json\/wp\/v2\/posts"}],"about":[{"href":"https:\/\/www.europesays.com\/de\/wp-json\/wp\/v2\/types\/post"}],"author":[{"embeddable":true,"href":"https:\/\/www.europesays.com\/de\/wp-json\/wp\/v2\/users\/2"}],"replies":[{"embeddable":true,"href":"https:\/\/www.europesays.com\/de\/wp-json\/wp\/v2\/comments?post=510361"}],"version-history":[{"count":0,"href":"https:\/\/www.europesays.com\/de\/wp-json\/wp\/v2\/posts\/510361\/revisions"}],"wp:featuredmedia":[{"embeddable":true,"href":"https:\/\/www.europesays.com\/de\/wp-json\/wp\/v2\/media\/510362"}],"wp:attachment":[{"href":"https:\/\/www.europesays.com\/de\/wp-json\/wp\/v2\/media?parent=510361"}],"wp:term":[{"taxonomy":"category","embeddable":true,"href":"https:\/\/www.europesays.com\/de\/wp-json\/wp\/v2\/categories?post=510361"},{"taxonomy":"post_tag","embeddable":true,"href":"https:\/\/www.europesays.com\/de\/wp-json\/wp\/v2\/tags?post=510361"}],"curies":[{"name":"wp","href":"https:\/\/api.w.org\/{rel}","templated":true}]}}