{"id":510367,"date":"2025-10-19T08:16:12","date_gmt":"2025-10-19T08:16:12","guid":{"rendered":"https:\/\/www.europesays.com\/de\/510367\/"},"modified":"2025-10-19T08:16:12","modified_gmt":"2025-10-19T08:16:12","slug":"bayern-gegen-dortmund-nur-eine-halbzeit-hoffnung-fuer-die-bundesliga-sport","status":"publish","type":"post","link":"https:\/\/www.europesays.com\/de\/510367\/","title":{"rendered":"Bayern gegen Dortmund: Nur eine Halbzeit Hoffnung f\u00fcr die Bundesliga &#8211; Sport"},"content":{"rendered":"<p data-manual=\"paragraph\" data-schema-org-speakable=\"true\" class=\"css-9njfp7\">Tore zu schie\u00dfen wird <a href=\"https:\/\/www.sueddeutsche.de\/thema\/Harry_Kane\" target=\"_blank\" rel=\"noopener\">Harry Kane<\/a> sehr wahrscheinlich niemals langweilig, aber seine eigenen Tore anzuschauen wom\u00f6glich schon. So konnte man jedenfalls verstehen, was der St\u00fcrmer des FC Bayern sagte, als er die Arena in M\u00fcnchen <a href=\"https:\/\/www.sueddeutsche.de\/sport\/fc-bayern-dortmund-bundesliga-spielbericht-li.3327480\" target=\"_blank\" rel=\"noopener\">nach dem 2:1 gegen Borussia Dortmund<\/a> mal wieder als Torsch\u00fctze und Hauptdarsteller verlie\u00df. Ja, er habe Spa\u00df am Gr\u00e4tschen, erwiderte er auf eine entsprechende Journalistenfrage: \u201eManchmal, wenn ich mir die Spiele noch mal anschaue, freue ich mich auf solche Momente mehr als auf die Tore.\u201c<\/p>\n","protected":false},"excerpt":{"rendered":"Tore zu schie\u00dfen wird Harry Kane sehr wahrscheinlich niemals langweilig, aber seine eigenen Tore anzuschauen wom\u00f6glich schon. So&hellip;\n","protected":false},"author":2,"featured_media":510368,"comment_status":"","ping_status":"","sticky":false,"template":"","format":"standard","meta":{"footnotes":""},"categories":[1833],"tags":[888,299,3364,29,217,458,347,30,11709,35855,148,13993,1209,265,149],"class_list":{"0":"post-510367","1":"post","2":"type-post","3":"status-publish","4":"format-standard","5":"has-post-thumbnail","7":"category-dortmund","8":"tag-borussia-dortmund","9":"tag-bundesliga","10":"tag-de","11":"tag-deutschland","12":"tag-dortmund","13":"tag-fc-bayern-muenchen","14":"tag-fussball","15":"tag-germany","16":"tag-harry-kane","17":"tag-joshua-kimmich","18":"tag-leserdiskussion","19":"tag-niko-kovac","20":"tag-nordrhein-westfalen","21":"tag-sport","22":"tag-sueddeutsche-zeitung"},"share_on_mastodon":{"url":"https:\/\/pubeurope.com\/@de\/115399844472734696","error":""},"_links":{"self":[{"href":"https:\/\/www.europesays.com\/de\/wp-json\/wp\/v2\/posts\/510367","targetHints":{"allow":["GET"]}}],"collection":[{"href":"https:\/\/www.europesays.com\/de\/wp-json\/wp\/v2\/posts"}],"about":[{"href":"https:\/\/www.europesays.com\/de\/wp-json\/wp\/v2\/types\/post"}],"author":[{"embeddable":true,"href":"https:\/\/www.europesays.com\/de\/wp-json\/wp\/v2\/users\/2"}],"replies":[{"embeddable":true,"href":"https:\/\/www.europesays.com\/de\/wp-json\/wp\/v2\/comments?post=510367"}],"version-history":[{"count":0,"href":"https:\/\/www.europesays.com\/de\/wp-json\/wp\/v2\/posts\/510367\/revisions"}],"wp:featuredmedia":[{"embeddable":true,"href":"https:\/\/www.europesays.com\/de\/wp-json\/wp\/v2\/media\/510368"}],"wp:attachment":[{"href":"https:\/\/www.europesays.com\/de\/wp-json\/wp\/v2\/media?parent=510367"}],"wp:term":[{"taxonomy":"category","embeddable":true,"href":"https:\/\/www.europesays.com\/de\/wp-json\/wp\/v2\/categories?post=510367"},{"taxonomy":"post_tag","embeddable":true,"href":"https:\/\/www.europesays.com\/de\/wp-json\/wp\/v2\/tags?post=510367"}],"curies":[{"name":"wp","href":"https:\/\/api.w.org\/{rel}","templated":true}]}}