{"id":510372,"date":"2025-10-19T08:19:11","date_gmt":"2025-10-19T08:19:11","guid":{"rendered":"https:\/\/www.europesays.com\/de\/510372\/"},"modified":"2025-10-19T08:19:11","modified_gmt":"2025-10-19T08:19:11","slug":"aktionstag-des-vshb-ratingen-am-25-oktober-2025-erkrath-jetzt","status":"publish","type":"post","link":"https:\/\/www.europesays.com\/de\/510372\/","title":{"rendered":"Aktionstag des VSHB Ratingen am 25. Oktober 2025 | erkrath.jetzt"},"content":{"rendered":"<p> <img loading=\"lazy\" alt=\"\" title=\"Theater Stuhlreihen St\u00fchle chair-1048102_1280\" src=\"https:\/\/www.europesays.com\/de\/wp-content\/uploads\/2025\/10\/chair-1048102_1280-678x381.jpg\" decoding=\"async\" class=\"lazyload\" width=\"678\" height=\"381\" data-eio-rwidth=\"678\" data-eio-rheight=\"381\"\/>Symbolbild: Skyler H. \/ PixabayRatingen | \u201eBr\u00fccken statt Barrieren \u2013 Offenes Ohr und Offene T\u00fcr\u201c<\/p>\n<p>Der Verein f\u00fcr Seh- und H\u00f6rbehinderung Ratingen (VSHB) l\u00e4dt am Samstag, den 25. Oktober 2025, von 13:00 bis 17:00 Uhr herzlich zu seinem Aktionstag \u201eBr\u00fccken statt Barrieren \u2013 Offenes Ohr und Offene T\u00fcr\u201c ins ev. Familienbildungswerk \u201eHaus am Turm\u201c ein. Der Zugang ist \u00fcber die Turmstra\u00dfe oder barrierefrei \u00fcber die Angerstra\u00dfe m\u00f6glich.<\/p>\n<p>Der Aktionstag richtet sich an Menschen mit und ohne Handicap, Kinder, Jugendliche, Angeh\u00f6rige sowie alle, die sich beruflich oder privat mit Seh- und H\u00f6rbehinderung befassen. Ziel ist es, Aufkl\u00e4rung, Verst\u00e4ndnis und Akzeptanz zu f\u00f6rdern, Hemmschwellen abzubauen und einen Austausch auf Augenh\u00f6he zu erm\u00f6glichen. Besucherinnen und Besucher erhalten praxisnahe Einblicke in Hilfsmittel, Beratungsm\u00f6glichkeiten und Unterst\u00fctzung bei Antr\u00e4gen \u2013 damit Rechte nicht nur bekannt, sondern auch umgesetzt werden k\u00f6nnen. Der VSHB Ratingen pr\u00e4sentiert sich als kompetenter Ansprechpartner, der  Betroffene begleitet, vernetzt und informiert.<\/p>\n<p>Vorgestellte Akteure und Partner am Aktionstag:<\/p>\n<ul class=\"wp-block-list\">\n<li><strong>Pflegeunion Ratingen<\/strong>: Hochwertige ambulante Pflege (MDK-Note 1,0) mit festen Bezugspersonen, inklusive Grund-, Behandlungs-, Demenz- und Palliativpflege.<\/li>\n<li><strong>Lebenshilfe Ratingen<\/strong>: Die Lebenshilfe Ratingen steht f\u00fcr gelebte Inklusion \u2013 sie begleitet Menschen mit Behinderung auf ihrem Weg zu Selbstbestimmung, Teilhabe und mehr Lebensqualit\u00e4t.<\/li>\n<li><strong>Hundeschule f\u00fcr Assistenzhunde Apel<\/strong>: Die Hundeschule Apel in K\u00f6ln st\u00e4rkt durch individuell ausgebildete Assistenz- und Therapiehunde die Selbstst\u00e4ndigkeit, Sicherheit und Lebensqualit\u00e4t von Menschen mit Behinderung \u2013 mit Herz, Vertrauen und Fachkompetenz.<\/li>\n<li><strong>Neuhaus Sehen + H\u00f6ren<\/strong>: Fachbetrieb f\u00fcr Optik und H\u00f6rakustik mit individueller Beratung, Sehtests, H\u00f6rtests, Brillen, Kontaktlinsen und Hausbesuchen.<\/li>\n<li><strong>Helptech<\/strong>: Hilfsmittel f\u00fcr blinde und sehbehinderte Menschen (z. B. Braillezeilen, Lupen, Vorleseger\u00e4te) inklusive Beratung, Erprobung und kompletter Krankenkassenabwicklung.<\/li>\n<li><strong>Dr\u00e4ger &amp; Lienert<\/strong>: Barrierefreie Arbeitsplatzl\u00f6sungen, Software- und Hardware-L\u00f6sungen f\u00fcr blinde und sehbehinderte Menschen, Schulungen und Support f\u00fcr digitale Inklusion.<\/li>\n<li><strong>Digitalpaten Ratingen<\/strong>: Ehrenamtliche Unterst\u00fctzung f\u00fcr \u00e4ltere Menschen beim Zugang zur digitalen Welt, inklusive Workshops und individueller Beratung zu Smartphones, Tablets und Laptops.<\/li>\n<li><strong>Aktionsb\u00fcndnis Seniorensicherheit<\/strong>: Aufkl\u00e4rung zu Trickdiebstahl, Einbruchschutz und Verkehrssicherheit, inklusive Rollator-Trainings und Sicherheitsschulungen.<\/li>\n<li><strong>Claudia Zenker \u2013 Villa Kunterbunt<\/strong>: Sicherer Ort f\u00fcr Kinder, der Selbstst\u00e4ndigkeit, Spiel und Pers\u00f6nlichkeitsentwicklung f\u00f6rdert.<\/li>\n<\/ul>\n<p>Der Aktionstag bietet Workshops, praktische Vorf\u00fchrungen und Begegnungen, die den Alltag mit Seh- und H\u00f6rbehinderungen greifbar machen. Wir setzen genau dort an, wo Beh\u00f6rdenfrust und Unsicherheiten beginnen: Viele Betroffene wissen nicht, welche Rechte ihnen zustehen oder wie sie Hilfen beantragen k\u00f6nnen. Unser Ziel ist, dass jeder abgeholt wird, wo er gerade steht, Hemmschwellen abbaut und Zuversicht gewinnt. Behinderte und Nicht-Behinderte arbeiten gemeinsam, Handicaps werden verstanden und Chancen genutzt \u2013 denn Recht haben und Recht bekommen sind nicht dasselbe, und wir helfen, dass es gelingt.<\/p>\n<p>Highlight des Aktionstages<\/p>\n<p>Ein besonderer Programmpunkt ist die Diskussionsrunde im Stil der \u201erote VIP-Couch\u201c unter dem Motto: \u201eR.E.D.E. \u2013 (R)atingen (E)rhebe (D)ich (E)ndlich\u201c. Die Moderatoren des Tages, Vereinsvorstand Lionel Tshimenga und Marion H\u00f6ltermann, f\u00fchren Interviews mit Beschickern und Besucher:innen, um die Impressionen, Erfahrungen und Eindr\u00fccke des Aktionstages zusammenzufassen. Denn nur sprechenden Menschen kann geholfen werden \u2013 und genau daf\u00fcr schaffen wir einen offenen, wertsch\u00e4tzenden Raum.<\/p>\n<p class=\"has-background\" style=\"background-color:#f78da857\"><strong>Termin und Ort<\/strong>:<br \/>Samstag, 25. Oktober 2025 | 13:00 \u2013 17:00 Uhr | ev. Familienbildungswerk \u201eHaus am Turm\u201c, Ratingen | Zugang \u00fcber Turmstra\u00dfe oder barrierefrei \u00fcber Angerstra\u00dfe<\/p>\n<p>   12<\/p>\n","protected":false},"excerpt":{"rendered":"Symbolbild: Skyler H. \/ PixabayRatingen | \u201eBr\u00fccken statt Barrieren \u2013 Offenes Ohr und Offene T\u00fcr\u201c Der Verein f\u00fcr&hellip;\n","protected":false},"author":2,"featured_media":510373,"comment_status":"","ping_status":"","sticky":false,"template":"","format":"standard","meta":{"footnotes":""},"categories":[1831],"tags":[3364,29,3405,30,29033,1209,181,3866],"class_list":{"0":"post-510372","1":"post","2":"type-post","3":"status-publish","4":"format-standard","5":"has-post-thumbnail","7":"category-duesseldorf","8":"tag-de","9":"tag-deutschland","10":"tag-duesseldorf","11":"tag-germany","12":"tag-neanderland","13":"tag-nordrhein-westfalen","14":"tag-pressemitteilungen","15":"tag-veranstaltungen"},"share_on_mastodon":{"url":"https:\/\/pubeurope.com\/@de\/115399856964402442","error":""},"_links":{"self":[{"href":"https:\/\/www.europesays.com\/de\/wp-json\/wp\/v2\/posts\/510372","targetHints":{"allow":["GET"]}}],"collection":[{"href":"https:\/\/www.europesays.com\/de\/wp-json\/wp\/v2\/posts"}],"about":[{"href":"https:\/\/www.europesays.com\/de\/wp-json\/wp\/v2\/types\/post"}],"author":[{"embeddable":true,"href":"https:\/\/www.europesays.com\/de\/wp-json\/wp\/v2\/users\/2"}],"replies":[{"embeddable":true,"href":"https:\/\/www.europesays.com\/de\/wp-json\/wp\/v2\/comments?post=510372"}],"version-history":[{"count":0,"href":"https:\/\/www.europesays.com\/de\/wp-json\/wp\/v2\/posts\/510372\/revisions"}],"wp:featuredmedia":[{"embeddable":true,"href":"https:\/\/www.europesays.com\/de\/wp-json\/wp\/v2\/media\/510373"}],"wp:attachment":[{"href":"https:\/\/www.europesays.com\/de\/wp-json\/wp\/v2\/media?parent=510372"}],"wp:term":[{"taxonomy":"category","embeddable":true,"href":"https:\/\/www.europesays.com\/de\/wp-json\/wp\/v2\/categories?post=510372"},{"taxonomy":"post_tag","embeddable":true,"href":"https:\/\/www.europesays.com\/de\/wp-json\/wp\/v2\/tags?post=510372"}],"curies":[{"name":"wp","href":"https:\/\/api.w.org\/{rel}","templated":true}]}}