{"id":510379,"date":"2025-10-19T08:23:11","date_gmt":"2025-10-19T08:23:11","guid":{"rendered":"https:\/\/www.europesays.com\/de\/510379\/"},"modified":"2025-10-19T08:23:11","modified_gmt":"2025-10-19T08:23:11","slug":"einbruch-in-frankfurt-polizei-umstellt-supermarkt","status":"publish","type":"post","link":"https:\/\/www.europesays.com\/de\/510379\/","title":{"rendered":"Einbruch in Frankfurt: Polizei umstellt Supermarkt"},"content":{"rendered":"<p><strong>Eine Sicherheitsfirma schl\u00e4gt in der Nacht Alarm, Streifenwagen r\u00fccken an: Die Frankfurter Polizei hat zwei Einbrecher auf frischer Tat ertappt und festgenommen.<\/strong><\/p>\n<p>Wie das Polizeipr\u00e4sidium mitteilte, meldete eine Sicherheitsfirma gegen 01.40 Uhr \u00fcber den Notruf, dass Einbrecher in einem Supermarkt am Werk seien.<\/p>\n<p>Polizei umstellt Supermarkt<\/p>\n<p>&#8222;Die alarmierten Streifen umstellten umgehend die Tat\u00f6rtlichkeit und nahmen die zwei Einbrecher beim Verlassen des Marktes fest&#8220;, teilte die Polizei mit. Es handele sich um zwei M\u00e4nner im Alter von 19 und 20 Jahren. Die Verd\u00e4chtigen h\u00e4tten keinen festen Wohnsitz in Deutschland. Sie wurden den Angaben zufolge in die Haftzellen des Polizeipr\u00e4sidiums gebracht.<\/p>\n","protected":false},"excerpt":{"rendered":"Eine Sicherheitsfirma schl\u00e4gt in der Nacht Alarm, Streifenwagen r\u00fccken an: Die Frankfurter Polizei hat zwei Einbrecher auf frischer&hellip;\n","protected":false},"author":2,"featured_media":510380,"comment_status":"","ping_status":"","sticky":false,"template":"","format":"standard","meta":{"footnotes":""},"categories":[1829],"tags":[29,2050,2051,30,2052],"class_list":{"0":"post-510379","1":"post","2":"type-post","3":"status-publish","4":"format-standard","5":"has-post-thumbnail","7":"category-frankfurt-am-main","8":"tag-deutschland","9":"tag-frankfurt","10":"tag-frankfurt-am-main","11":"tag-germany","12":"tag-hessen"},"share_on_mastodon":{"url":"https:\/\/pubeurope.com\/@de\/115399871968467972","error":""},"_links":{"self":[{"href":"https:\/\/www.europesays.com\/de\/wp-json\/wp\/v2\/posts\/510379","targetHints":{"allow":["GET"]}}],"collection":[{"href":"https:\/\/www.europesays.com\/de\/wp-json\/wp\/v2\/posts"}],"about":[{"href":"https:\/\/www.europesays.com\/de\/wp-json\/wp\/v2\/types\/post"}],"author":[{"embeddable":true,"href":"https:\/\/www.europesays.com\/de\/wp-json\/wp\/v2\/users\/2"}],"replies":[{"embeddable":true,"href":"https:\/\/www.europesays.com\/de\/wp-json\/wp\/v2\/comments?post=510379"}],"version-history":[{"count":0,"href":"https:\/\/www.europesays.com\/de\/wp-json\/wp\/v2\/posts\/510379\/revisions"}],"wp:featuredmedia":[{"embeddable":true,"href":"https:\/\/www.europesays.com\/de\/wp-json\/wp\/v2\/media\/510380"}],"wp:attachment":[{"href":"https:\/\/www.europesays.com\/de\/wp-json\/wp\/v2\/media?parent=510379"}],"wp:term":[{"taxonomy":"category","embeddable":true,"href":"https:\/\/www.europesays.com\/de\/wp-json\/wp\/v2\/categories?post=510379"},{"taxonomy":"post_tag","embeddable":true,"href":"https:\/\/www.europesays.com\/de\/wp-json\/wp\/v2\/tags?post=510379"}],"curies":[{"name":"wp","href":"https:\/\/api.w.org\/{rel}","templated":true}]}}