{"id":510381,"date":"2025-10-19T08:24:12","date_gmt":"2025-10-19T08:24:12","guid":{"rendered":"https:\/\/www.europesays.com\/de\/510381\/"},"modified":"2025-10-19T08:24:12","modified_gmt":"2025-10-19T08:24:12","slug":"dein-buch-das-beste-von-der-frankfurter-buchmesse-teil-2","status":"publish","type":"post","link":"https:\/\/www.europesays.com\/de\/510381\/","title":{"rendered":"dein buch &#8211; Das Beste von der Frankfurter Buchmesse &#8211; Teil 2"},"content":{"rendered":"<p>                    Kultur<\/p>\n<p>        dein buch  &#8211; Das Beste von der Frankfurter Buchmesse 2025 &#8211; Teil 2<\/p>\n<p class=\"a--paragraph paragraph-large \">&#8222;dein buch&#8220; &#8211; Die Highlights auf der gemeinsamen Leseb\u00fchne von ARD, ZDF und 3sat &#8211; Teil 2, unter anderem mit Friedenspreistr\u00e4ger Karl Schl\u00f6gel, Otto Waalkes, aspekte-Preistr\u00e4ger Ozan Zakariya Keskink\u0131l\u0131\u00e7 und Kamel Daoud.<\/p>\n<dl class=\"a--attribute-list\">\n<dt class=\"attribute-list-title visuallyhidden\">Datum:<\/dt>\n<dd class=\"attribute-list-desc\">21.10.2025<\/dd>\n<\/dl>\n<dl class=\"a--attribute-list\">\n<dt class=\"attribute-list-title\">Verf\u00fcgbar                    <\/dt>\n<dd class=\"attribute-list-desc visuallyhidden\">weltweit<\/dd>\n<dt class=\"attribute-list-title visuallyhidden\">Verf\u00fcgbar bis:                    <\/dt>\n<dd class=\"attribute-list-desc\">bis 19.10.2026<\/dd>\n<\/dl>\n","protected":false},"excerpt":{"rendered":"Kultur dein buch &#8211; Das Beste von der Frankfurter Buchmesse 2025 &#8211; Teil 2 &#8222;dein buch&#8220; &#8211; Die&hellip;\n","protected":false},"author":2,"featured_media":510382,"comment_status":"","ping_status":"","sticky":false,"template":"","format":"standard","meta":{"footnotes":""},"categories":[1829],"tags":[29,2050,2051,30,2052],"class_list":{"0":"post-510381","1":"post","2":"type-post","3":"status-publish","4":"format-standard","5":"has-post-thumbnail","7":"category-frankfurt-am-main","8":"tag-deutschland","9":"tag-frankfurt","10":"tag-frankfurt-am-main","11":"tag-germany","12":"tag-hessen"},"share_on_mastodon":{"url":"https:\/\/pubeurope.com\/@de\/115399875899625719","error":""},"_links":{"self":[{"href":"https:\/\/www.europesays.com\/de\/wp-json\/wp\/v2\/posts\/510381","targetHints":{"allow":["GET"]}}],"collection":[{"href":"https:\/\/www.europesays.com\/de\/wp-json\/wp\/v2\/posts"}],"about":[{"href":"https:\/\/www.europesays.com\/de\/wp-json\/wp\/v2\/types\/post"}],"author":[{"embeddable":true,"href":"https:\/\/www.europesays.com\/de\/wp-json\/wp\/v2\/users\/2"}],"replies":[{"embeddable":true,"href":"https:\/\/www.europesays.com\/de\/wp-json\/wp\/v2\/comments?post=510381"}],"version-history":[{"count":0,"href":"https:\/\/www.europesays.com\/de\/wp-json\/wp\/v2\/posts\/510381\/revisions"}],"wp:featuredmedia":[{"embeddable":true,"href":"https:\/\/www.europesays.com\/de\/wp-json\/wp\/v2\/media\/510382"}],"wp:attachment":[{"href":"https:\/\/www.europesays.com\/de\/wp-json\/wp\/v2\/media?parent=510381"}],"wp:term":[{"taxonomy":"category","embeddable":true,"href":"https:\/\/www.europesays.com\/de\/wp-json\/wp\/v2\/categories?post=510381"},{"taxonomy":"post_tag","embeddable":true,"href":"https:\/\/www.europesays.com\/de\/wp-json\/wp\/v2\/tags?post=510381"}],"curies":[{"name":"wp","href":"https:\/\/api.w.org\/{rel}","templated":true}]}}