{"id":510383,"date":"2025-10-19T08:25:10","date_gmt":"2025-10-19T08:25:10","guid":{"rendered":"https:\/\/www.europesays.com\/de\/510383\/"},"modified":"2025-10-19T08:25:10","modified_gmt":"2025-10-19T08:25:10","slug":"fahrradstrasse-in-der-innenstadt-freigegeben","status":"publish","type":"post","link":"https:\/\/www.europesays.com\/de\/510383\/","title":{"rendered":"Fahrradstra\u00dfe in der Innenstadt freigegeben"},"content":{"rendered":"<p>Das hei\u00dft konkret: Die Einbahnstra\u00dfe wurde f\u00fcr Radfahrer auch in die Gegenrichtung ge\u00f6ffnet. Dazu gibt es einen breiten Streifen am Rand, auf dem Fahrr\u00e4der problemlos abgestellt werden k\u00f6nnen und auch Lastenr\u00e4der haben dort genug Platz. F\u00fcr Autofahrer bedeutet die Fahrradstra\u00dfe: Hier haben Radfahrer ab jetzt Vorrang, sie d\u00fcrfen nebeneinander fahren und es gilt Tempo 30.\u00a0(AD)<\/p>\n","protected":false},"excerpt":{"rendered":"Das hei\u00dft konkret: Die Einbahnstra\u00dfe wurde f\u00fcr Radfahrer auch in die Gegenrichtung ge\u00f6ffnet. Dazu gibt es einen breiten&hellip;\n","protected":false},"author":2,"featured_media":510384,"comment_status":"","ping_status":"","sticky":false,"template":"","format":"standard","meta":{"footnotes":""},"categories":[1828],"tags":[2499,29,30,1420,1209],"class_list":{"0":"post-510383","1":"post","2":"type-post","3":"status-publish","4":"format-standard","5":"has-post-thumbnail","7":"category-koeln","8":"tag-kln","9":"tag-deutschland","10":"tag-germany","11":"tag-koeln","12":"tag-nordrhein-westfalen"},"share_on_mastodon":{"url":"https:\/\/pubeurope.com\/@de\/115399879942694047","error":""},"_links":{"self":[{"href":"https:\/\/www.europesays.com\/de\/wp-json\/wp\/v2\/posts\/510383","targetHints":{"allow":["GET"]}}],"collection":[{"href":"https:\/\/www.europesays.com\/de\/wp-json\/wp\/v2\/posts"}],"about":[{"href":"https:\/\/www.europesays.com\/de\/wp-json\/wp\/v2\/types\/post"}],"author":[{"embeddable":true,"href":"https:\/\/www.europesays.com\/de\/wp-json\/wp\/v2\/users\/2"}],"replies":[{"embeddable":true,"href":"https:\/\/www.europesays.com\/de\/wp-json\/wp\/v2\/comments?post=510383"}],"version-history":[{"count":0,"href":"https:\/\/www.europesays.com\/de\/wp-json\/wp\/v2\/posts\/510383\/revisions"}],"wp:featuredmedia":[{"embeddable":true,"href":"https:\/\/www.europesays.com\/de\/wp-json\/wp\/v2\/media\/510384"}],"wp:attachment":[{"href":"https:\/\/www.europesays.com\/de\/wp-json\/wp\/v2\/media?parent=510383"}],"wp:term":[{"taxonomy":"category","embeddable":true,"href":"https:\/\/www.europesays.com\/de\/wp-json\/wp\/v2\/categories?post=510383"},{"taxonomy":"post_tag","embeddable":true,"href":"https:\/\/www.europesays.com\/de\/wp-json\/wp\/v2\/tags?post=510383"}],"curies":[{"name":"wp","href":"https:\/\/api.w.org\/{rel}","templated":true}]}}