{"id":510385,"date":"2025-10-19T08:26:13","date_gmt":"2025-10-19T08:26:13","guid":{"rendered":"https:\/\/www.europesays.com\/de\/510385\/"},"modified":"2025-10-19T08:26:13","modified_gmt":"2025-10-19T08:26:13","slug":"bahnstrecke-emmerich-oberhausen-gesperrt-ice-verkehr-ueber-koeln-betroffen","status":"publish","type":"post","link":"https:\/\/www.europesays.com\/de\/510385\/","title":{"rendered":"Bahnstrecke Emmerich-Oberhausen gesperrt \u2013 ICE-Verkehr \u00fcber K\u00f6ln betroffen"},"content":{"rendered":"<p>Strecke Emmerich-Oberhausen gesperrt <\/p>\n<p>ICE-Verkehr \u00fcber K\u00f6ln in den kommenden Wochen eingeschr\u00e4nkt<\/p>\n<p>19.10.2025 &#8211; 10:18 UhrLesedauer: 1 Min.<\/p>\n<p><a href=\"#focus-0\" class=\"transition-colors duration-200 block text-current relative\" data-sctrack=\"FocusGalleryImage.Reference\"><img fetchpriority=\"high\" data-testid=\"Opener.Image\" style=\"--lqipURL:url('https:\/\/images.t-online.de\/2025\/10\/ASzNoo9Nl0nk\/0x418:4000x2250\/fit-in\/150x0\/filters:blur(25)\/ein-ice-auf-der-hohenzollernbruecke-in-koeln-archivbild.jpg')\"   loading=\"eager\" src=\"https:\/\/www.europesays.com\/de\/wp-content\/uploads\/2025\/10\/ein-ice-auf-der-hohenzollernbruecke-in-koeln-archivbild.jpg\" alt=\"Ein ICE auf der Hohenzollernbr\u00fccke in K\u00f6ln (Archivbild):\" title=\"Ein ICE auf der Hohenzollernbr\u00fccke in K\u00f6ln (Archivbild):\" width=\"4000\" height=\"2250\" class=\"bg-[url:var(--lqipURL)] bg-cover bg-center flex h-full w-full max-w-full\" decoding=\"async\"\/><img style=\"--width:32;--height:32\" loading=\"lazy\" src=\"https:\/\/www.t-online.de\/s\/paper\/_next\/static\/media\/zoom-in.f7dae02f.svg\" alt=\"Vergr\u00f6\u00dfern des Bildes\" title=\"Vergr\u00f6\u00dfern des Bildes\" class=\"block h-[calc(var(--height)_\/_16_*_1rem)] w-[calc(var(--width)_\/_16_*_1rem)] max-w-none absolute bottom-8 right-8 rounded-4 bg-snow p-8\" decoding=\"async\"\/><\/a><\/p>\n<p>Ein ICE auf der Hohenzollernbr\u00fccke (Archivbild): Betroffen ist die Verbindung von Frankfurt \u00fcber K\u00f6ln nach Amsterdam. (Quelle: IMAGO\/Arnulf Hettrich)<\/p>\n<p class=\"font-bold text-18 leading-17\">Wegen Bauarbeiten sperrt die Deutsche Bahn die Verbindung zwischen Emmerich und Oberhausen. Das hat Auswirkungen auf den ICE-Verkehr \u00fcber K\u00f6ln.<\/p>\n<p class=\"text-18 leading-17\">Die <a class=\"transition-colors duration-200 cursor-pointer text-inherit no-underline text-salemsfur md:hover:text-magenta md:hover:border-magenta md:focus:text-magenta border-current border-b border-solid break-words\" href=\"https:\/\/www.t-online.de\/themen\/deutsche-bahn\/\" data-sctrack=\"BodyAnchor\" rel=\"nofollow noopener\" target=\"_blank\">Deutsche Bahn<\/a> hat eine zweiw\u00f6chige Vollsperrung der Bahnstrecke zwischen Emmerich und <a class=\"transition-colors duration-200 cursor-pointer text-inherit no-underline text-salemsfur md:hover:text-magenta md:hover:border-magenta md:focus:text-magenta border-current border-b border-solid break-words\" href=\"https:\/\/www.t-online.de\/themen\/oberhausen\/\" data-sctrack=\"BodyAnchor\" rel=\"nofollow noopener\" target=\"_blank\">Oberhausen<\/a> angek\u00fcndigt. Die Sperrung beginnt am Montag, 20. Oktober, um 5 Uhr und dauert bis zum 2. November. Die 73 Kilometer lange Strecke war bereits im Sommer mehrere Wochen nicht befahrbar.<\/p>\n<p class=\"text-18 leading-17\">Von der Sperrung ist auch der ICE-Verkehr in <a class=\"transition-colors duration-200 cursor-pointer text-inherit no-underline text-salemsfur md:hover:text-magenta md:hover:border-magenta md:focus:text-magenta border-current border-b border-solid break-words\" href=\"https:\/\/www.t-online.de\/region\/koeln\/\" data-sctrack=\"BodyAnchor\" rel=\"nofollow noopener\" target=\"_blank\">K\u00f6ln<\/a> betroffen. So werden die Linien von <a rel=\"nofollow noopener\" target=\"_blank\" class=\"transition-colors duration-200 cursor-pointer text-inherit no-underline text-salemsfur md:hover:text-magenta md:hover:border-magenta md:focus:text-magenta border-current border-b border-solid break-words\" href=\"https:\/\/frankfurt.t-online.de\/region\/frankfurt-am-main\/\" data-sctrack=\"BodyAnchor\">Frankfurt<\/a> \u00fcber die Domstadt und Utrecht bis nach <a class=\"transition-colors duration-200 cursor-pointer text-inherit no-underline text-salemsfur md:hover:text-magenta md:hover:border-magenta md:focus:text-magenta border-current border-b border-solid break-words\" href=\"https:\/\/www.t-online.de\/themen\/amsterdam\/\" data-sctrack=\"BodyAnchor\" rel=\"nofollow noopener\" target=\"_blank\">Amsterdam<\/a> in den zwei Wochen \u00fcber Venlo umgeleitet. Die Fahrzeit verl\u00e4ngert sich dadurch um eine halbe Stunde. Zudem entfallen die Stopps in <a class=\"transition-colors duration-200 cursor-pointer text-inherit no-underline text-salemsfur md:hover:text-magenta md:hover:border-magenta md:focus:text-magenta border-current border-b border-solid break-words\" href=\"https:\/\/www.t-online.de\/region\/duesseldorf\/\" data-sctrack=\"BodyAnchor\" rel=\"nofollow noopener\" target=\"_blank\">D\u00fcsseldorf<\/a>, <a class=\"transition-colors duration-200 cursor-pointer text-inherit no-underline text-salemsfur md:hover:text-magenta md:hover:border-magenta md:focus:text-magenta border-current border-b border-solid break-words\" href=\"https:\/\/www.t-online.de\/themen\/duisburg\/\" data-sctrack=\"BodyAnchor\" rel=\"nofollow noopener\" target=\"_blank\">Duisburg<\/a> und Oberhausen, teilte die Bahn mit.<\/p>\n<p class=\"text-18 leading-17\">F\u00fcr Pendler und Reisende im Regionalverkehr st\u00fcnden Ersatzbusse bereit. Die Regionallinien RE 5, RE 19 und RE 49 sollen durch Schienenersatzverkehr bedient werden. F\u00fcr die Linien RE 8 und RE 13 seien Umleitungen geplant.<\/p>\n<p class=\"text-18 leading-17\">Die Deutsche Bahn f\u00fchrt w\u00e4hrend der Sperrung Arbeiten an Gleisen, Oberleitungen und diversen Br\u00fccken entlang der Strecke durch. Zudem werden neue Weichen eingebaut und Schallschutzw\u00e4nde errichtet. Die Bauma\u00dfnahmen sind Teil eines gr\u00f6\u00dferen Projekts, das Ende 2024 begonnen hat und voraussichtlich bis Mai 2026 dauern wird. Der Schwerpunkt liegt auf dem 3,5 Kilometer langen Abschnitt zwischen Voerde-Friedrichsfeld und <a class=\"transition-colors duration-200 cursor-pointer text-inherit no-underline text-salemsfur md:hover:text-magenta md:hover:border-magenta md:focus:text-magenta border-current border-b border-solid break-words\" href=\"https:\/\/www.t-online.de\/themen\/wesel\/\" data-sctrack=\"BodyAnchor\" rel=\"nofollow noopener\" target=\"_blank\">Wesel<\/a>.<\/p>\n","protected":false},"excerpt":{"rendered":"Strecke Emmerich-Oberhausen gesperrt ICE-Verkehr \u00fcber K\u00f6ln in den kommenden Wochen eingeschr\u00e4nkt 19.10.2025 &#8211; 10:18 UhrLesedauer: 1 Min. Ein&hellip;\n","protected":false},"author":2,"featured_media":510386,"comment_status":"","ping_status":"","sticky":false,"template":"","format":"standard","meta":{"footnotes":""},"categories":[1828],"tags":[722,17161,2030,29,81350,30,61632,2229,1420,1209,3728],"class_list":{"0":"post-510385","1":"post","2":"type-post","3":"status-publish","4":"format-standard","5":"has-post-thumbnail","7":"category-koeln","8":"tag-722","9":"tag-17161","10":"tag-deutsche-bahn","11":"tag-deutschland","12":"tag-emmerich","13":"tag-germany","14":"tag-hohenzollernbruecke","15":"tag-ice","16":"tag-koeln","17":"tag-nordrhein-westfalen","18":"tag-oberhausen"},"share_on_mastodon":{"url":"https:\/\/pubeurope.com\/@de\/115399884484907819","error":""},"_links":{"self":[{"href":"https:\/\/www.europesays.com\/de\/wp-json\/wp\/v2\/posts\/510385","targetHints":{"allow":["GET"]}}],"collection":[{"href":"https:\/\/www.europesays.com\/de\/wp-json\/wp\/v2\/posts"}],"about":[{"href":"https:\/\/www.europesays.com\/de\/wp-json\/wp\/v2\/types\/post"}],"author":[{"embeddable":true,"href":"https:\/\/www.europesays.com\/de\/wp-json\/wp\/v2\/users\/2"}],"replies":[{"embeddable":true,"href":"https:\/\/www.europesays.com\/de\/wp-json\/wp\/v2\/comments?post=510385"}],"version-history":[{"count":0,"href":"https:\/\/www.europesays.com\/de\/wp-json\/wp\/v2\/posts\/510385\/revisions"}],"wp:featuredmedia":[{"embeddable":true,"href":"https:\/\/www.europesays.com\/de\/wp-json\/wp\/v2\/media\/510386"}],"wp:attachment":[{"href":"https:\/\/www.europesays.com\/de\/wp-json\/wp\/v2\/media?parent=510385"}],"wp:term":[{"taxonomy":"category","embeddable":true,"href":"https:\/\/www.europesays.com\/de\/wp-json\/wp\/v2\/categories?post=510385"},{"taxonomy":"post_tag","embeddable":true,"href":"https:\/\/www.europesays.com\/de\/wp-json\/wp\/v2\/tags?post=510385"}],"curies":[{"name":"wp","href":"https:\/\/api.w.org\/{rel}","templated":true}]}}