{"id":51040,"date":"2025-04-22T02:46:43","date_gmt":"2025-04-22T02:46:43","guid":{"rendered":"https:\/\/www.europesays.com\/de\/51040\/"},"modified":"2025-04-22T02:46:43","modified_gmt":"2025-04-22T02:46:43","slug":"oerlinghausen-geldboerse-gestohlen-radio-lippe","status":"publish","type":"post","link":"https:\/\/www.europesays.com\/de\/51040\/","title":{"rendered":"Oerlinghausen &#8211; Geldb\u00f6rse gestohlen | Radio Lippe"},"content":{"rendered":"<p class=\"bodytext\">Einer 86-j\u00e4hrigen Oerlinghauserin wurde am Samstag um 11:30 Uhr in einem Lebensmittelgesch\u00e4ft in der Adolf-S\u00fcltemeier-Stra\u00dfe beim Einkauf die Geldb\u00f6rse aus ihrer Handtasche gestohlen. Die Dame trug die Tasche seitlich am K\u00f6rper. In einem unbemerkten Augenblick hat offensichtlich ein Langfinger zugeschlagen. Neben einem mittleren zweistelligen Bargeldbetrag fehlen der 86-J\u00e4hrigen nun diverse Ausweisdokumente und Bankkarten. Hinweise nimmt die Kriminalpolizei in Detmold unter 05231\/6090 entgegen.<\/p>\n<p>Pressekontakt:<\/p>\n<p>Polizei Lippe Leitstelle   Telefon: 05231\/609-1222 Fax: 05231\/609-1299 <a href=\"https:\/\/lippe.polizei.nrw\/\" target=\"_blank\" rel=\"nofollow noopener\">lippe.polizei.nrw<\/a><\/p>\n<p> Original-Content von: Polizei Lippe, \u00fcbermittelt durch news aktuell<\/p>\n","protected":false},"excerpt":{"rendered":"Einer 86-j\u00e4hrigen Oerlinghauserin wurde am Samstag um 11:30 Uhr in einem Lebensmittelgesch\u00e4ft in der Adolf-S\u00fcltemeier-Stra\u00dfe beim Einkauf die&hellip;\n","protected":false},"author":2,"featured_media":51041,"comment_status":"","ping_status":"","sticky":false,"template":"","format":"standard","meta":{"footnotes":""},"categories":[1841],"tags":[1605,3364,29,30,1209,12925],"class_list":{"0":"post-51040","1":"post","2":"type-post","3":"status-publish","4":"format-standard","5":"has-post-thumbnail","7":"category-bielefeld","8":"tag-bielefeld","9":"tag-de","10":"tag-deutschland","11":"tag-germany","12":"tag-nordrhein-westfalen","13":"tag-polizeimeldungen"},"share_on_mastodon":{"url":"https:\/\/pubeurope.com\/@de\/114379330941866566","error":""},"_links":{"self":[{"href":"https:\/\/www.europesays.com\/de\/wp-json\/wp\/v2\/posts\/51040","targetHints":{"allow":["GET"]}}],"collection":[{"href":"https:\/\/www.europesays.com\/de\/wp-json\/wp\/v2\/posts"}],"about":[{"href":"https:\/\/www.europesays.com\/de\/wp-json\/wp\/v2\/types\/post"}],"author":[{"embeddable":true,"href":"https:\/\/www.europesays.com\/de\/wp-json\/wp\/v2\/users\/2"}],"replies":[{"embeddable":true,"href":"https:\/\/www.europesays.com\/de\/wp-json\/wp\/v2\/comments?post=51040"}],"version-history":[{"count":0,"href":"https:\/\/www.europesays.com\/de\/wp-json\/wp\/v2\/posts\/51040\/revisions"}],"wp:featuredmedia":[{"embeddable":true,"href":"https:\/\/www.europesays.com\/de\/wp-json\/wp\/v2\/media\/51041"}],"wp:attachment":[{"href":"https:\/\/www.europesays.com\/de\/wp-json\/wp\/v2\/media?parent=51040"}],"wp:term":[{"taxonomy":"category","embeddable":true,"href":"https:\/\/www.europesays.com\/de\/wp-json\/wp\/v2\/categories?post=51040"},{"taxonomy":"post_tag","embeddable":true,"href":"https:\/\/www.europesays.com\/de\/wp-json\/wp\/v2\/tags?post=51040"}],"curies":[{"name":"wp","href":"https:\/\/api.w.org\/{rel}","templated":true}]}}