{"id":510402,"date":"2025-10-19T08:35:14","date_gmt":"2025-10-19T08:35:14","guid":{"rendered":"https:\/\/www.europesays.com\/de\/510402\/"},"modified":"2025-10-19T08:35:14","modified_gmt":"2025-10-19T08:35:14","slug":"polizeiruf-liebling-horst-krause-in-berlin-beigesetzt","status":"publish","type":"post","link":"https:\/\/www.europesays.com\/de\/510402\/","title":{"rendered":"\u201ePolizeiruf\u201c-Liebling Horst Krause in Berlin beigesetzt"},"content":{"rendered":"<ol class=\"id-DonaldBreadcrumb lp_west_breadcrumb id-DonaldBreadcrumb--default\" data-k5a-pos=\"west_breadcrumb\">\n<li class=\"id-Breadcrumb-item\"><a href=\"https:\/\/www.merkur.de\/\" class=\"id-Breadcrumb-link\" data-id-ec=\"{\" shn=\"\" textlink=\"\" data-k5a-pos=\"1_startseite\" rel=\"nofollow noopener\" target=\"_blank\">Startseite<\/a><\/li>\n<li class=\"id-Breadcrumb-item\"><a href=\"https:\/\/www.merkur.de\/boulevard\/\" class=\"id-Breadcrumb-link\" data-id-ec=\"{\" shn=\"\" textlink=\"\" tv=\"\" data-k5a-pos=\"2_starsTv\" rel=\"nofollow noopener\" target=\"_blank\">Stars &amp; TV<\/a><\/li>\n<\/ol>\n<p class=\"id-Story-timestamp id-Story-timestamp--default\">Stand: 19.10.2025, 06:20 Uhr<\/p>\n<p class=\"id-Story-authors id-Story-authors--default\">Von: <a class=\"id-Story-authors-link lp_west_author\" href=\"https:\/\/www.merkur.de\/autor\/aylin-rauh-29l128dd.html\" title=\"Zur Autorenseite von Aylin Rauh\" data-id-ec=\"{\" shn=\"\" author-link=\"\" rauh=\"\" data-k5a-pos=\"west_author\" rel=\"nofollow noopener\" target=\"_blank\">Aylin Rauh<\/a><\/p>\n<p class=\"id-Story-interactionBar id-Story-interactionBar--default\">DruckenTeilen<\/p>\n<p class=\"id-StoryElement-leadText\">Bei einer Trauerfeier in Berlin nahmen Weggef\u00e4hrten Abschied von Horst Krause. Der Fernsehliebling starb Anfang September im Alter von 83 Jahren.<\/p>\n<p class=\"id-StoryElement-paragraph\">Berlin \u2013 Familie, Freunde und enge Weggef\u00e4hrten haben am Freitag (17. Oktober) in Berlin-Mitte Abschied von Horst Krause (83, \u2020 2025) genommen. Der <a href=\"https:\/\/www.merkur.de\/deutschland\/83-jahren-in-seniorenheim-horst-krause-ist-tot-polizeiruf-star-stirbt-mit-zr-93922508.html\" class=\"id-import-Link\" data-id-ec=\"{&quot;sht&quot;:&quot;Container&quot;,&quot;shn&quot;:&quot;Story&quot;,&quot;p&quot;:{&quot;containerType&quot;:&quot;Paragraph&quot;,&quot;displayType&quot;:&quot;Paragraph InlineLink&quot;,&quot;type&quot;:&quot;INLINE_LINK&quot;,&quot;value&quot;:&quot;Schauspieler war am 5. September 2025 in einem Seniorenheim&quot;,&quot;variant&quot;:&quot;standardLink&quot;,&quot;sponsored&quot;:false,&quot;linkHref&quot;:&quot;https:\/\/www.merkur.de\/deutschland\/83-jahren-in-seniorenheim-horst-krause-ist-tot-polizeiruf-star-stirbt-mit-zr-93922508.html&quot;,&quot;storyElementPosition&quot;:8,&quot;storyElementCount&quot;:18}}\" rel=\"nofollow noopener\" target=\"_blank\">Schauspieler war am 5. September 2025 in einem Seniorenheim<\/a> in Teltow verstorben. Laut t-online.de wurde die intime Trauerfeier von seinem famili\u00e4ren Umfeld best\u00e4tigt.<\/p>\n<p><img decoding=\"async\" class=\"id-RatioPlaceholder-element wv_story_el_image\" src=\"https:\/\/www.europesays.com\/de\/wp-content\/uploads\/2025\/10\/39749725-september-horst-krause-er-war-einer-der-beliebtesten-volksschauspieler-deutschlands-im-poli.jpeg\" loading=\"lazy\"   height=\"711\" width=\"1100\" alt=\"5. September: Horst Krause - Er war einer der beliebtesten Volksschauspieler Deutschlands: Im &quot;Polizeiruf 110&quot; verk&#xF6;rperte Horst Krause jahrzehntelang den kauzigen Polizeihauptmeister Krause und wurde damit Kult. Auch in Filmen wie &quot;Wir k&#xF6;nnen auch anders ...&quot; oder &quot;Schultze gets the blues&quot; gl&#xE4;nzte er. Krause starb am 5. September in einem Seniorenheim in Brandenburg im Alter von 83 Jahren.\"\/>Er war einer der beliebtesten Volksschauspieler Deutschlands: Im \u201ePolizeiruf 110\u201c verk\u00f6rperte Horst Krause jahrzehntelang den kauzigen Polizeihauptmeister Krause und wurde damit Kult. \u00a9\u00a0rbb\/Arnim Thoma\u00df<\/p>\n<p class=\"id-StoryElement-paragraph\">Bei der Trauerfeier sei die Warmherzigkeit, Geradlinigkeit und Lebensklugheit betont worden, mit der Horst Krause anderen Kraft und Orientierung gegeben habe und sich selbst immer treu geblieben sei. In einer Trauerrede hie\u00df es demnach, Horst Krause sei ein \u201eMann mit Wurzeln in der DDR\u201c gewesen, dessen innerer Kompass ihn unbeirrbar durch pers\u00f6nliche R\u00fcckschl\u00e4ge und privates Gl\u00fcck navigiert habe.<\/p>\n<p>Kollege \u00fcber Horst Krause: \u201eWarst ein Mensch, wie es ihn nur einmal geben kann\u201c<\/p>\n<p class=\"id-StoryElement-paragraph\">Horst Krause habe es verstanden, in jeder Begegnung das Wesentliche zu sehen \u2013 den Menschen, der ihm gegen\u00fcbergestanden habe, wurde bei der Beisetzung hervorgehoben. Schauspielkollege Roman Knizka (59) hatte bereits unmittelbar nach dem Tod bei Instagram emotionalen Abschied genommen und auf der Plattform geschrieben: \u201eHotte, du warst ein Mensch, wie es ihn nur einmal geben kann.\u201c<\/p>\n<p class=\"id-StoryElement-paragraph\">Geboren am 18. Dezember 1941 in B\u00f6nhof, wuchs Horst Krause im brandenburgischen Ludwigsfelde auf. Seine Schauspielkarriere begann auf der B\u00fchne am Schauspielhaus Karl-Marx-Stadt und am Staatsschauspiel Dresden. Bereits zu DDR-Zeiten war Horst Krause im Fernsehen zu sehen, etwa in der Serie \u201eDer Staatsanwalt hat das Wort\u201c. Seinen Durchbruch feierte er 1993 in Detlev Bucks Kom\u00f6die \u201eWir k\u00f6nnen auch anders\u00a0\u2026\u201c, wof\u00fcr Horst Krause den Deutschen Filmpreis als \u201eBester Darsteller\u201c gewann.<\/p>\n<p>In memoriam: Verstorbene Film- und Serienstars des Jahres 2025<img decoding=\"async\" class=\"id-RatioPlaceholder-element wv_story_el_interstitialImage\" src=\"https:\/\/www.europesays.com\/de\/wp-content\/uploads\/2025\/10\/37653631-verstorbene-schauspielerinnen-2025-2kfe.jpg\" loading=\"lazy\"   height=\"1125\" width=\"2000\" alt=\"Verstorbene Schauspieler:innen 2025\"\/><a href=\"https:\/\/www.merkur.de\/leben\/serien\/von-uns-gingen-in-memoriam-abschied-von-den-serienstars-die-2025-zr-93662788.html\" class=\"id-StoryElement-intestitialLink-link\" data-id-ec=\"{\" shn=\"\" ansehen=\"\" data-k5a-pos=\"west_story_16_photoGalleryLink\" title=\"Zur Fotostrecke: In memoriam: Verstorbene Film- und Serienstars des Jahres 2025\" rel=\"nofollow noopener\" target=\"_blank\">Fotostrecke ansehen<\/a><\/p>\n<p class=\"id-StoryElement-paragraph\">Bundesweit bekannt wurde Horst Krause ab Ende der Neunzigerjahre mit der Krimireihe \u201ePolizeiruf 110\u201c. Seine Fernsehfigur trug seinen eigenen Namen \u2013 er spielte Polizeihauptmeister Horst Krause, der mit seinem Hund als Sozius auf dem Motorrad durch Brandenburg fuhr. Die Rolle machte ihn zum Fernsehliebling. <a href=\"https:\/\/www.merkur.de\/boulevard\/programm-hommage-an-horst-krause-83-rbb-aendert-zr-93928003.html\" class=\"id-import-Link\" data-id-ec=\"{&quot;sht&quot;:&quot;Container&quot;,&quot;shn&quot;:&quot;Story&quot;,&quot;p&quot;:{&quot;containerType&quot;:&quot;Paragraph&quot;,&quot;displayType&quot;:&quot;Paragraph InlineLink&quot;,&quot;type&quot;:&quot;INLINE_LINK&quot;,&quot;value&quot;:&quot;Um Horst Krause zu gedenken, &#xE4;nderte der rbb extra sein Programm&quot;,&quot;variant&quot;:&quot;standardLink&quot;,&quot;sponsored&quot;:false,&quot;linkHref&quot;:&quot;https:\/\/www.merkur.de\/boulevard\/programm-hommage-an-horst-krause-83-rbb-aendert-zr-93928003.html&quot;,&quot;storyElementPosition&quot;:18,&quot;storyElementCount&quot;:18}}\" rel=\"nofollow noopener\" target=\"_blank\">Um Horst Krause zu gedenken, \u00e4nderte der rbb extra sein Programm<\/a>. <strong>Verwendete Quellen:<\/strong> t-online.de, Instagram<\/p>\n","protected":false},"excerpt":{"rendered":"Startseite Stars &amp; TV Stand: 19.10.2025, 06:20 Uhr Von: Aylin Rauh DruckenTeilen Bei einer Trauerfeier in Berlin nahmen&hellip;\n","protected":false},"author":2,"featured_media":510403,"comment_status":"","ping_status":"","sticky":false,"template":"","format":"standard","meta":{"footnotes":""},"categories":[1825],"tags":[296,29,30],"class_list":{"0":"post-510402","1":"post","2":"type-post","3":"status-publish","4":"format-standard","5":"has-post-thumbnail","7":"category-berlin","8":"tag-berlin","9":"tag-deutschland","10":"tag-germany"},"share_on_mastodon":{"url":"https:\/\/pubeurope.com\/@de\/115399919837878626","error":""},"_links":{"self":[{"href":"https:\/\/www.europesays.com\/de\/wp-json\/wp\/v2\/posts\/510402","targetHints":{"allow":["GET"]}}],"collection":[{"href":"https:\/\/www.europesays.com\/de\/wp-json\/wp\/v2\/posts"}],"about":[{"href":"https:\/\/www.europesays.com\/de\/wp-json\/wp\/v2\/types\/post"}],"author":[{"embeddable":true,"href":"https:\/\/www.europesays.com\/de\/wp-json\/wp\/v2\/users\/2"}],"replies":[{"embeddable":true,"href":"https:\/\/www.europesays.com\/de\/wp-json\/wp\/v2\/comments?post=510402"}],"version-history":[{"count":0,"href":"https:\/\/www.europesays.com\/de\/wp-json\/wp\/v2\/posts\/510402\/revisions"}],"wp:featuredmedia":[{"embeddable":true,"href":"https:\/\/www.europesays.com\/de\/wp-json\/wp\/v2\/media\/510403"}],"wp:attachment":[{"href":"https:\/\/www.europesays.com\/de\/wp-json\/wp\/v2\/media?parent=510402"}],"wp:term":[{"taxonomy":"category","embeddable":true,"href":"https:\/\/www.europesays.com\/de\/wp-json\/wp\/v2\/categories?post=510402"},{"taxonomy":"post_tag","embeddable":true,"href":"https:\/\/www.europesays.com\/de\/wp-json\/wp\/v2\/tags?post=510402"}],"curies":[{"name":"wp","href":"https:\/\/api.w.org\/{rel}","templated":true}]}}